{"id":33471,"date":"2023-08-01T12:24:16","date_gmt":"2023-08-01T15:24:16","guid":{"rendered":"https:\/\/radiorevelacionfm.cl\/?p=33471"},"modified":"2023-08-01T12:24:16","modified_gmt":"2023-08-01T15:24:16","slug":"dia-del-campesino-a-seremi-de-agricultura-y-productoras-es-realizan-entrega-de-alimentos-a-hogar-padre-antonio-ronchi","status":"publish","type":"post","link":"https:\/\/radiorevelacionfm.cl\/?p=33471","title":{"rendered":"D\u00eda del Campesino\/a: Seremi de Agricultura y productoras\/es realizan entrega de alimentos a Hogar Padre Antonio Ronchi"},"content":{"rendered":"<div class=\"flex_column av_one_full  flex_column_div av-zero-column-padding first  avia-builder-el-0  el_before_av_one_full  avia-builder-el-first  \" style='border-radius:0px; '><div  class='avia-image-container  av-styling-    avia-builder-el-1  avia-builder-el-no-sibling  avia-align-center '  itemprop=\"image\" itemscope=\"itemscope\" itemtype=\"https:\/\/schema.org\/ImageObject\"  ><div class='avia-image-container-inner'><div class='avia-image-overlay-wrap'><img decoding=\"async\" class='wp-image-33472 avia-img-lazy-loading-not-33472 avia_image' src=\"https:\/\/radiorevelacionfm.cl\/wp-content\/uploads\/2023\/08\/5-68-2_optimized.jpg\" alt='' title='5-(68)-(2)_optimized' height=\"600\" width=\"882\"  itemprop=\"thumbnailUrl\" srcset=\"https:\/\/radiorevelacionfm.cl\/wp-content\/uploads\/2023\/08\/5-68-2_optimized.jpg 882w, https:\/\/radiorevelacionfm.cl\/wp-content\/uploads\/2023\/08\/5-68-2_optimized-300x204.jpg 300w, https:\/\/radiorevelacionfm.cl\/wp-content\/uploads\/2023\/08\/5-68-2_optimized-768x522.jpg 768w, https:\/\/radiorevelacionfm.cl\/wp-content\/uploads\/2023\/08\/5-68-2_optimized-705x480.jpg 705w, https:\/\/radiorevelacionfm.cl\/wp-content\/uploads\/2023\/08\/5-68-2_optimized-450x306.jpg 450w, https:\/\/radiorevelacionfm.cl\/wp-content\/uploads\/2023\/08\/5-68-2_optimized-600x408.jpg 600w\" sizes=\"(max-width: 882px) 100vw, 882px\" \/><\/div><\/div><\/div><\/div><div class=\"flex_column av_one_full  flex_column_div av-zero-column-padding first  avia-builder-el-2  el_after_av_one_full  el_before_av_one_full  column-top-margin\" style='border-radius:0px; '><section class=\"av_textblock_section \"  itemscope=\"itemscope\" itemtype=\"https:\/\/schema.org\/BlogPosting\" itemprop=\"blogPost\" ><div class='avia_textblock  '   itemprop=\"text\" ><p style=\"text-align: center;\"><strong><span style=\"font-size: 18pt;\">D\u00eda del Campesino\/a: Seremi de Agricultura y productoras\/es realizan entrega de alimentos a Hogar Padre Antonio Ronchi<\/span><\/strong><\/p>\n<div id=\"gtx-trans\" style=\"position: absolute; left: -50px; top: 4.31534px;\">\n<div class=\"gtx-trans-icon\"><\/div>\n<\/div>\n<\/div><\/section><\/div><div class=\"flex_column av_one_full  flex_column_div av-zero-column-padding first  avia-builder-el-4  el_after_av_one_full  el_before_av_hr  column-top-margin\" style='border-radius:0px; '><section class=\"av_textblock_section \"  itemscope=\"itemscope\" itemtype=\"https:\/\/schema.org\/BlogPosting\" itemprop=\"blogPost\" ><div class='avia_textblock  '   itemprop=\"text\" ><p class=\"v1MsoNormal\" style=\"text-align: justify;\"><span class=\"v1ContentPasted0\">En una actividad donde se reunieron representantes de organizaciones campesinas y los servicios del Ministerio de Agricultura de la regi\u00f3n, se llev\u00f3 a cabo la celebraci\u00f3n del D\u00eda de las Campesinas y los Campesinos a trav\u00e9s de la visita y entrega de productos del campo para el Establecimiento de Larga Estad\u00eda para Adultos Mayores (ELEAM) Padre Antonio Ronchi de Coyhaique, perteneciente a la Obra Don Guanella.\u00a0\u00a0<\/span><\/p>\n<p class=\"v1MsoNormal\" style=\"text-align: justify;\"><span class=\"v1ContentPasted0\">En dicho centro que alberga a unos 70 adultos mayores quienes reciben atenci\u00f3n primaria y participan en programas de rehabilitaci\u00f3n f\u00edsica y cognitiva. Se realiz\u00f3 una entrega de alimentos de productoras\/es del campo aisenino como forma de simbolizar el aporte en torno a la seguridad y soberan\u00eda alimentaria.\u00a0<\/span><\/p>\n<p class=\"v1MsoNormal\" style=\"text-align: justify;\"><span class=\"v1ContentPasted0\">Por ello integrantes de la Federaci\u00f3n Agr\u00edcola y Ganadera(FAGA), Asociaci\u00f3n Gremial de Mujeres Campesinas de la Patagonia Ays\u00e9n, Mujeres rurales de la Patagonia Ays\u00e9n, en conjunto con directores\/as del SAG, INFOR e INDAP, liderados por el Seremi de Agricultura participaron de esta actividad la cual busc\u00f3 relevar esta fecha\u00a0\u00a0<\/span><\/p>\n<p class=\"v1MsoNormal\" style=\"text-align: justify;\"><span class=\"v1ContentPasted0\">\u00abCon distintas organizaciones de nuestra regi\u00f3n y con los servicios del Ministerio de Agricultura, decidimos venir a apoyar al Hogar Padre Antonio Ronchi, un lugar donde pudimos hacer donaciones de nuestros productores y productoras y continuar apoyando su importante labor.\u00a0\u00a0Estamos muy contentos de celebrar el D\u00eda del Campesino de una manera diferente, trayendo productos del campo a la mesa\u00bb, se\u00f1al\u00f3 Alan Espinoza Ortiz, Seremi de Agricultura.\u00a0<\/span><\/p>\n<p class=\"v1MsoNormal\" style=\"text-align: justify;\"><span class=\"v1ContentPasted0\">Andrea Preller Carrera, Directora del ELEAM Padre Antonio Ronchi, resalt\u00f3 el encuentro realizado el pasado viernes.\u00a0<\/span><\/p>\n<p class=\"v1MsoNormal\" style=\"text-align: justify;\"><span class=\"v1ContentPasted0\">\u00abMe ha impresionado la disposici\u00f3n que tienen para trabajar con adultos mayores y apoyarlos devolvi\u00e9ndoles la mano en productos. Ellos trabajaron mucho tiempo en la regi\u00f3n, en la tierra. Nosotros estamos entusiasmados por seguir trabajando y desarrollando m\u00e1s proyectos, como nuestro invernadero. Agradezco sus ideas y colaboraci\u00f3n para que los adultos mayores conozcan y trabajen juntos en el futuro\u00bb.\u00a0<\/span><\/p>\n<p class=\"v1MsoNormal\" style=\"text-align: justify;\"><span class=\"v1ContentPasted0\">Por su parte, la presidenta de la\u00a0Agrupaci\u00f3n Cultural y Productiva; Productoras\u00a0de la Patagonia, Josefina Ovando Godoy, manifest\u00f3 su agradecimiento y emoci\u00f3n al participar en la simb\u00f3lica actividad.\u00a0<\/span><\/p>\n<p class=\"v1MsoNormal\" style=\"text-align: justify;\"><span class=\"v1ContentPasted0\">\u00abEsta es la primera vez que como agrupaci\u00f3n nos invitan a participar en esta entrega de nuestros productos campesinos, elaborados con manos campesinas. No es lo mismo un producto que viene del norte, este un producto m\u00e1s sano y con valor. Entonces esta actividad de entrega aqu\u00ed a la Obra Don Guanella es compartir nuestro trabajo y nuestra producci\u00f3n\u00bb, sostuvo.\u00a0<\/span><\/p>\n<p class=\"v1MsoNormal\" style=\"text-align: justify;\"><span class=\"v1ContentPasted0\">El 28 de julio, una fecha significativa para Chile en que se celebra el D\u00eda de las Campesinas y los Campesinos, una jornada que conmemora la promulgaci\u00f3n de la trascendental Ley 16.640 de reforma agraria y la Ley 16.625 de sindicalizaci\u00f3n campesina durante la administraci\u00f3n de Eduardo Frei Montalva en 1967. Estos hitos hist\u00f3ricos marcaron un antes y un despu\u00e9s en la naci\u00f3n, al transformar la tenencia de la tierra y promover la organizaci\u00f3n sindical, llevando justicia social al campo chileno.<\/span><\/p>\n<\/div><\/section><\/div><div  style='height:50px' class='hr hr-invisible   avia-builder-el-6  el_after_av_one_full  el_before_av_social_share '><span class='hr-inner ' ><span class='hr-inner-style'><\/span><\/span><\/div><\/p>\n<div  class='av-social-sharing-box  avia-builder-el-7  el_after_av_hr  el_before_av_hr  '><div class='av-share-box'><h5 class='av-share-link-description av-no-toc '>Compartir esta noticia<\/h5><ul class='av-share-box-list noLightbox'><li class='av-share-link av-social-link-facebook' ><a target=\"_blank\" aria-label=\"Compartir en Facebook\" href='https:\/\/www.facebook.com\/sharer.php?u=https:\/\/radiorevelacionfm.cl\/?p=33471&#038;t=D%C3%ADa%20del%20Campesino%2Fa%3A%20Seremi%20de%20Agricultura%20y%20productoras%2Fes%20realizan%20entrega%20de%20alimentos%20a%20Hogar%20Padre%20Antonio%20Ronchi' aria-hidden='false' data-av_icon='\ue8f3' data-av_iconfont='entypo-fontello' title='' data-avia-related-tooltip='Compartir en Facebook' rel=\"noopener\"><span class='avia_hidden_link_text'>Compartir en Facebook<\/span><\/a><\/li><li class='av-share-link av-social-link-twitter' ><a target=\"_blank\" aria-label=\"Compartir en Twitter\" href='https:\/\/twitter.com\/share?text=D%C3%ADa%20del%20Campesino%2Fa%3A%20Seremi%20de%20Agricultura%20y%20productoras%2Fes%20realizan%20entrega%20de%20alimentos%20a%20Hogar%20Padre%20Antonio%20Ronchi&#038;url=https:\/\/radiorevelacionfm.cl\/?p=33471' aria-hidden='false' data-av_icon='\ue8f1' data-av_iconfont='entypo-fontello' title='' data-avia-related-tooltip='Compartir en Twitter' rel=\"noopener\"><span class='avia_hidden_link_text'>Compartir en Twitter<\/span><\/a><\/li><li class='av-share-link av-social-link-whatsapp' ><a target=\"_blank\" aria-label=\"Compartir en Whatsapp\" href='https:\/\/api.whatsapp.com\/send?text=https:\/\/radiorevelacionfm.cl\/?p=33471' aria-hidden='false' data-av_icon='\uf232' data-av_iconfont='entypo-fontello' title='' data-avia-related-tooltip='Compartir en Whatsapp' rel=\"noopener\"><span class='avia_hidden_link_text'>Compartir en Whatsapp<\/span><\/a><\/li><li class='av-share-link av-social-link-linkedin' ><a target=\"_blank\" aria-label=\"Compartir en LinkedIn\" href='https:\/\/linkedin.com\/shareArticle?mini=true&#038;title=D%C3%ADa%20del%20Campesino%2Fa%3A%20Seremi%20de%20Agricultura%20y%20productoras%2Fes%20realizan%20entrega%20de%20alimentos%20a%20Hogar%20Padre%20Antonio%20Ronchi&#038;url=https:\/\/radiorevelacionfm.cl\/?p=33471' aria-hidden='false' data-av_icon='\ue8fc' data-av_iconfont='entypo-fontello' title='' data-avia-related-tooltip='Compartir en LinkedIn' rel=\"noopener\"><span class='avia_hidden_link_text'>Compartir en LinkedIn<\/span><\/a><\/li><li class='av-share-link av-social-link-mail' ><a  aria-label=\"Compartir por correo\" href='mailto:?subject=D%C3%ADa%20del%20Campesino%2Fa%3A%20Seremi%20de%20Agricultura%20y%20productoras%2Fes%20realizan%20entrega%20de%20alimentos%20a%20Hogar%20Padre%20Antonio%20Ronchi&#038;body=https:\/\/radiorevelacionfm.cl\/?p=33471' aria-hidden='false' data-av_icon='\ue805' data-av_iconfont='entypo-fontello' title='' data-avia-related-tooltip='Compartir por correo'><span class='avia_hidden_link_text'>Compartir por correo<\/span><\/a><\/li><\/ul><\/div><\/div>\n<div  style='height:50px' class='hr hr-invisible   avia-builder-el-8  el_after_av_social_share  el_before_av_comments_list '><span class='hr-inner ' ><span class='hr-inner-style'><\/span><\/span><\/div>\n<div  class='av-buildercomment  av-blog-meta-html-info-disabled av-blog-meta-tag-disabled  '><\/div>\n","protected":false},"excerpt":{"rendered":"","protected":false},"author":1,"featured_media":33472,"comment_status":"open","ping_status":"open","sticky":false,"template":"","format":"standard","meta":{"footnotes":""},"categories":[58],"tags":[],"class_list":["post-33471","post","type-post","status-publish","format-standard","has-post-thumbnail","hentry","category-agricultura"],"jetpack_featured_media_url":"https:\/\/radiorevelacionfm.cl\/wp-content\/uploads\/2023\/08\/5-68-2_optimized.jpg","_links":{"self":[{"href":"https:\/\/radiorevelacionfm.cl\/index.php?rest_route=\/wp\/v2\/posts\/33471","targetHints":{"allow":["GET"]}}],"collection":[{"href":"https:\/\/radiorevelacionfm.cl\/index.php?rest_route=\/wp\/v2\/posts"}],"about":[{"href":"https:\/\/radiorevelacionfm.cl\/index.php?rest_route=\/wp\/v2\/types\/post"}],"author":[{"embeddable":true,"href":"https:\/\/radiorevelacionfm.cl\/index.php?rest_route=\/wp\/v2\/users\/1"}],"replies":[{"embeddable":true,"href":"https:\/\/radiorevelacionfm.cl\/index.php?rest_route=%2Fwp%2Fv2%2Fcomments&post=33471"}],"version-history":[{"count":1,"href":"https:\/\/radiorevelacionfm.cl\/index.php?rest_route=\/wp\/v2\/posts\/33471\/revisions"}],"predecessor-version":[{"id":33473,"href":"https:\/\/radiorevelacionfm.cl\/index.php?rest_route=\/wp\/v2\/posts\/33471\/revisions\/33473"}],"wp:featuredmedia":[{"embeddable":true,"href":"https:\/\/radiorevelacionfm.cl\/index.php?rest_route=\/wp\/v2\/media\/33472"}],"wp:attachment":[{"href":"https:\/\/radiorevelacionfm.cl\/index.php?rest_route=%2Fwp%2Fv2%2Fmedia&parent=33471"}],"wp:term":[{"taxonomy":"category","embeddable":true,"href":"https:\/\/radiorevelacionfm.cl\/index.php?rest_route=%2Fwp%2Fv2%2Fcategories&post=33471"},{"taxonomy":"post_tag","embeddable":true,"href":"https:\/\/radiorevelacionfm.cl\/index.php?rest_route=%2Fwp%2Fv2%2Ftags&post=33471"}],"curies":[{"name":"wp","href":"https:\/\/api.w.org\/{rel}","templated":true}]}}