{"id":3347,"date":"2021-04-21T12:42:16","date_gmt":"2021-04-21T15:42:16","guid":{"rendered":"https:\/\/radiorevelacionfm.cl\/?p=3347"},"modified":"2021-04-21T12:42:16","modified_gmt":"2021-04-21T15:42:16","slug":"sag-implementa-plan-de-capacitacion-dirigido-a-la-agricultura-familiar-campesina","status":"publish","type":"post","link":"https:\/\/radiorevelacionfm.cl\/?p=3347","title":{"rendered":"SAG implementa plan de capacitaci\u00f3n dirigido a la Agricultura Familiar Campesina"},"content":{"rendered":"<div class=\"flex_column av_one_full  flex_column_div av-zero-column-padding first  avia-builder-el-0  el_before_av_one_full  avia-builder-el-first  \" style='border-radius:0px; '><div  class='avia-image-container  av-styling-    avia-builder-el-1  avia-builder-el-no-sibling  avia-align-center '  itemprop=\"image\" itemscope=\"itemscope\" itemtype=\"https:\/\/schema.org\/ImageObject\"  ><div class='avia-image-container-inner'><div class='avia-image-overlay-wrap'><img decoding=\"async\" class='wp-image-0 avia-img-lazy-loading-not-0 avia_image' src=\"https:\/\/radiorevelacionfm.cl\/wp-content\/uploads\/2021\/04\/image-14-2.png\" alt='' title=''   itemprop=\"thumbnailUrl\"  \/><\/div><\/div><\/div><\/div><div class=\"flex_column av_one_full  flex_column_div av-zero-column-padding first  avia-builder-el-2  el_after_av_one_full  el_before_av_one_full  column-top-margin\" style='border-radius:0px; '><section class=\"av_textblock_section \"  itemscope=\"itemscope\" itemtype=\"https:\/\/schema.org\/BlogPosting\" itemprop=\"blogPost\" ><div class='avia_textblock  '   itemprop=\"text\" ><p style=\"text-align: center;\"><strong><span style=\"font-size: 18pt;\">SAG implementa plan de capacitaci\u00f3n dirigido a la Agricultura Familiar Campesina<\/span><\/strong><\/p>\n<div id=\"gtx-trans\" style=\"position: absolute; left: -50px; top: 4.31534px;\">\n<div class=\"gtx-trans-icon\"><\/div>\n<\/div>\n<\/div><\/section><\/div><div class=\"flex_column av_one_full  flex_column_div av-zero-column-padding first  avia-builder-el-4  el_after_av_one_full  el_before_av_hr  column-top-margin\" style='border-radius:0px; '><section class=\"av_textblock_section \"  itemscope=\"itemscope\" itemtype=\"https:\/\/schema.org\/BlogPosting\" itemprop=\"blogPost\" ><div class='avia_textblock  '   itemprop=\"text\" ><p style=\"font-weight: 400; text-align: justify;\">Buscando asegurar el cumplimiento de las regulaciones orientadas a mantener y mejorar la sanidad vegetal y animal del pa\u00eds, el Servicio Agr\u00edcola y Ganadero (SAG) ha implementado en todas las regiones del pa\u00eds un programa llamado \u201cFiscalizaci\u00f3n con sentido\u201d.<\/p>\n<p style=\"font-weight: 400; text-align: justify;\">Dirigido principalmente a la agricultura familiar campesina, el objetivo es que los peque\u00f1os productores, que muchas veces tienen m\u00e1s dificultades para acceder a la informaci\u00f3n por problemas de conectividad o carencia de los medios necesarios, puedan conocer de cerca el alcance de las normas que deben cumplir en el marco de la acci\u00f3n del SAG.<\/p>\n<p style=\"font-weight: 400; text-align: justify;\">El Director Nacional del SAG, Horacio B\u00f3rquez, se\u00f1al\u00f3 que \u201cesta es una iniciativa pensada para disminuir las dificultades que presentan algunos usuarios para cumplir con los requerimientos y normativas que exige nuestro Servicio. Sabemos que a veces es complejo, se trata de materias que en ocasiones se ven muy lejanas. As\u00ed, buscando una forma de disminuir las brechas de desigualdad existente en el mundo rural y mejorar las condiciones de competitividad de la agricultura familiar campesina dise\u00f1amos la Fiscalizaci\u00f3n con sentido, que comenz\u00f3 como plan piloto en algunas regiones y ahora estamos extendi\u00e9ndola a todo el pa\u00eds\u201d.<\/p>\n<p style=\"font-weight: 400; text-align: justify;\">Es as\u00ed como se concret\u00f3 un programa de alcance nacional que tiene tres etapas. La primera es una visita a los agricultores para levantar un diagn\u00f3stico respecto de las brechas que existen entre lo que hacen y lo que deber\u00edan hacer seg\u00fan la norma de uso, aplicaci\u00f3n y almacenamiento de Plaguicidas y\/o Trazabilidad Animal. Luego participan de un taller o capacitaci\u00f3n t\u00e9cnica-pr\u00e1ctica que permita mejorar aquellos puntos en que quiz\u00e1s tengan debilidades o falta de informaci\u00f3n, con el fin de generar espacios para que se puedan capacitar en aquellos aspectos que m\u00e1s les cuesta cumplir de la normativa, de manera que al final les permita hacer un buen uso de la regulaci\u00f3n. Finalmente, y culmina con una fiscalizaci\u00f3n para verificar sus cambios conductuales.<\/p>\n<p style=\"font-weight: 400; text-align: justify;\">Los temas que se abordar\u00e1n, pues se han detectado las mayores brechas, son trazabilidad animal y correcto uso de plaguicidas, y este a\u00f1o se espera superar los 500 beneficiarios, transformando esta iniciativa en un programa permanente dentro del Servicio.<\/p>\n<p style=\"font-weight: 400; text-align: justify;\">Para ello, se ha desarrollado material audiovisual que ya se encuentra disponible para los agricultores\/as en la Escuela de Capacitaci\u00f3n Chile Agr\u00edcola (<a href=\"http:\/\/chileagricola.cl\/\" data-saferedirecturl=\"https:\/\/www.google.com\/url?q=http:\/\/chileagricola.cl&amp;source=gmail&amp;ust=1619104210625000&amp;usg=AFQjCNGI0a8MkqqPAqnQlfWfh51NpKjL_g\">chileagricola.cl<\/a>) de acceso liberado y gratuito.<\/p>\n<p style=\"font-weight: 400; text-align: justify;\">Por su parte Mat\u00edas Vial Orueta, Director Regional de Ays\u00e9n. Indic\u00f3 \u201chemos enfocado esta actividad en dos procesos que tienen mucha representatividad en la regi\u00f3n, primero es Trazabilidad Animal y el segundo el uso de plaguicidas, ambas materias son muy importantes para nuestro servicio y para la comunidad, as\u00ed que nos hemos acercado a distintas localidades, tener nexos con INDAP, las municipalidades, los Prodesal, de\u00a0 tal forma de llegar al m\u00e1ximo de p\u00fablico objetivo y entregarles herramientas a los usuarios\u201d.<\/p>\n<p style=\"font-weight: 400; text-align: justify;\">Cabe se\u00f1alar que, fiscalizaci\u00f3n con sentido es parte de los compromisos asumidos por el Servicio en el contexto de la Comisi\u00f3n de Agilizaci\u00f3n de Normativa, que opera desde el a\u00f1o 2018 y que es encabezada por el Ministerio de Agricultura, el SAG y diversos actores del sector privado, con el fin de modernizar y mejorar tanto la normativa como los tr\u00e1mites con el fin de fortalecer y agilizar el desarrollo de la agricultura nacional, adem\u00e1s, de hacernos parte de la Pol\u00edtica Nacional de Desarrollo Rural.<\/p>\n<\/div><\/section><\/div><div  style='height:50px' class='hr hr-invisible   avia-builder-el-6  el_after_av_one_full  el_before_av_social_share '><span class='hr-inner ' ><span class='hr-inner-style'><\/span><\/span><\/div><\/p>\n<div  class='av-social-sharing-box  avia-builder-el-7  el_after_av_hr  el_before_av_hr  '><div class='av-share-box'><h5 class='av-share-link-description av-no-toc '>Compartir esta noticia<\/h5><ul class='av-share-box-list noLightbox'><li class='av-share-link av-social-link-facebook' ><a target=\"_blank\" aria-label=\"Compartir en Facebook\" href='https:\/\/www.facebook.com\/sharer.php?u=https:\/\/radiorevelacionfm.cl\/?p=3347&#038;t=SAG%20implementa%20plan%20de%20capacitaci%C3%B3n%20dirigido%20a%20la%20Agricultura%20Familiar%20Campesina' aria-hidden='false' data-av_icon='\ue8f3' data-av_iconfont='entypo-fontello' title='' data-avia-related-tooltip='Compartir en Facebook' rel=\"noopener\"><span class='avia_hidden_link_text'>Compartir en Facebook<\/span><\/a><\/li><li class='av-share-link av-social-link-twitter' ><a target=\"_blank\" aria-label=\"Compartir en Twitter\" href='https:\/\/twitter.com\/share?text=SAG%20implementa%20plan%20de%20capacitaci%C3%B3n%20dirigido%20a%20la%20Agricultura%20Familiar%20Campesina&#038;url=https:\/\/radiorevelacionfm.cl\/?p=3347' aria-hidden='false' data-av_icon='\ue8f1' data-av_iconfont='entypo-fontello' title='' data-avia-related-tooltip='Compartir en Twitter' rel=\"noopener\"><span class='avia_hidden_link_text'>Compartir en Twitter<\/span><\/a><\/li><li class='av-share-link av-social-link-whatsapp' ><a target=\"_blank\" aria-label=\"Compartir en Whatsapp\" href='https:\/\/api.whatsapp.com\/send?text=https:\/\/radiorevelacionfm.cl\/?p=3347' aria-hidden='false' data-av_icon='\uf232' data-av_iconfont='entypo-fontello' title='' data-avia-related-tooltip='Compartir en Whatsapp' rel=\"noopener\"><span class='avia_hidden_link_text'>Compartir en Whatsapp<\/span><\/a><\/li><li class='av-share-link av-social-link-linkedin' ><a target=\"_blank\" aria-label=\"Compartir en LinkedIn\" href='https:\/\/linkedin.com\/shareArticle?mini=true&#038;title=SAG%20implementa%20plan%20de%20capacitaci%C3%B3n%20dirigido%20a%20la%20Agricultura%20Familiar%20Campesina&#038;url=https:\/\/radiorevelacionfm.cl\/?p=3347' aria-hidden='false' data-av_icon='\ue8fc' data-av_iconfont='entypo-fontello' title='' data-avia-related-tooltip='Compartir en LinkedIn' rel=\"noopener\"><span class='avia_hidden_link_text'>Compartir en LinkedIn<\/span><\/a><\/li><li class='av-share-link av-social-link-mail' ><a  aria-label=\"Compartir por correo\" href='mailto:?subject=SAG%20implementa%20plan%20de%20capacitaci%C3%B3n%20dirigido%20a%20la%20Agricultura%20Familiar%20Campesina&#038;body=https:\/\/radiorevelacionfm.cl\/?p=3347' aria-hidden='false' data-av_icon='\ue805' data-av_iconfont='entypo-fontello' title='' data-avia-related-tooltip='Compartir por correo'><span class='avia_hidden_link_text'>Compartir por correo<\/span><\/a><\/li><\/ul><\/div><\/div>\n<div  style='height:50px' class='hr hr-invisible   avia-builder-el-8  el_after_av_social_share  el_before_av_comments_list '><span class='hr-inner ' ><span class='hr-inner-style'><\/span><\/span><\/div>\n<div  class='av-buildercomment  av-blog-meta-html-info-disabled av-blog-meta-tag-disabled  '><\/div>\n","protected":false},"excerpt":{"rendered":"","protected":false},"author":1,"featured_media":0,"comment_status":"open","ping_status":"open","sticky":false,"template":"","format":"standard","meta":{"footnotes":""},"categories":[58],"tags":[],"class_list":["post-3347","post","type-post","status-publish","format-standard","hentry","category-agricultura"],"jetpack_featured_media_url":"","_links":{"self":[{"href":"https:\/\/radiorevelacionfm.cl\/index.php?rest_route=\/wp\/v2\/posts\/3347","targetHints":{"allow":["GET"]}}],"collection":[{"href":"https:\/\/radiorevelacionfm.cl\/index.php?rest_route=\/wp\/v2\/posts"}],"about":[{"href":"https:\/\/radiorevelacionfm.cl\/index.php?rest_route=\/wp\/v2\/types\/post"}],"author":[{"embeddable":true,"href":"https:\/\/radiorevelacionfm.cl\/index.php?rest_route=\/wp\/v2\/users\/1"}],"replies":[{"embeddable":true,"href":"https:\/\/radiorevelacionfm.cl\/index.php?rest_route=%2Fwp%2Fv2%2Fcomments&post=3347"}],"version-history":[{"count":1,"href":"https:\/\/radiorevelacionfm.cl\/index.php?rest_route=\/wp\/v2\/posts\/3347\/revisions"}],"predecessor-version":[{"id":3350,"href":"https:\/\/radiorevelacionfm.cl\/index.php?rest_route=\/wp\/v2\/posts\/3347\/revisions\/3350"}],"wp:attachment":[{"href":"https:\/\/radiorevelacionfm.cl\/index.php?rest_route=%2Fwp%2Fv2%2Fmedia&parent=3347"}],"wp:term":[{"taxonomy":"category","embeddable":true,"href":"https:\/\/radiorevelacionfm.cl\/index.php?rest_route=%2Fwp%2Fv2%2Fcategories&post=3347"},{"taxonomy":"post_tag","embeddable":true,"href":"https:\/\/radiorevelacionfm.cl\/index.php?rest_route=%2Fwp%2Fv2%2Ftags&post=3347"}],"curies":[{"name":"wp","href":"https:\/\/api.w.org\/{rel}","templated":true}]}}