{"id":33468,"date":"2023-08-01T21:59:43","date_gmt":"2023-08-02T00:59:43","guid":{"rendered":"https:\/\/radiorevelacionfm.cl\/?p=33468"},"modified":"2023-08-01T21:59:43","modified_gmt":"2023-08-02T00:59:43","slug":"autoridades-destacan-resultados-de-casen-en-la-region-de-aysen-pobreza-bajo-a-un-40","status":"publish","type":"post","link":"https:\/\/radiorevelacionfm.cl\/?p=33468","title":{"rendered":"Autoridades destacan resultados de CASEN en la regi\u00f3n de Ays\u00e9n: pobreza baj\u00f3 a un 4,0%"},"content":{"rendered":"<div class=\"flex_column av_one_full  flex_column_div av-zero-column-padding first  avia-builder-el-0  el_before_av_one_full  avia-builder-el-first  \" style='border-radius:0px; '><div  class='avia-image-container  av-styling-    avia-builder-el-1  avia-builder-el-no-sibling  avia-align-center '  itemprop=\"image\" itemscope=\"itemscope\" itemtype=\"https:\/\/schema.org\/ImageObject\"  ><div class='avia-image-container-inner'><div class='avia-image-overlay-wrap'><img decoding=\"async\" class='wp-image-33469 avia-img-lazy-loading-not-33469 avia_image' src=\"https:\/\/radiorevelacionfm.cl\/wp-content\/uploads\/2023\/08\/casen1-1-1.jpeg\" alt='' title='casen1 (1) (1)' height=\"600\" width=\"900\"  itemprop=\"thumbnailUrl\" srcset=\"https:\/\/radiorevelacionfm.cl\/wp-content\/uploads\/2023\/08\/casen1-1-1.jpeg 900w, https:\/\/radiorevelacionfm.cl\/wp-content\/uploads\/2023\/08\/casen1-1-1-300x200.jpeg 300w, https:\/\/radiorevelacionfm.cl\/wp-content\/uploads\/2023\/08\/casen1-1-1-768x512.jpeg 768w, https:\/\/radiorevelacionfm.cl\/wp-content\/uploads\/2023\/08\/casen1-1-1-705x470.jpeg 705w, https:\/\/radiorevelacionfm.cl\/wp-content\/uploads\/2023\/08\/casen1-1-1-450x300.jpeg 450w, https:\/\/radiorevelacionfm.cl\/wp-content\/uploads\/2023\/08\/casen1-1-1-600x400.jpeg 600w\" sizes=\"(max-width: 900px) 100vw, 900px\" \/><\/div><\/div><\/div><\/div><div class=\"flex_column av_one_full  flex_column_div av-zero-column-padding first  avia-builder-el-2  el_after_av_one_full  el_before_av_one_full  column-top-margin\" style='border-radius:0px; '><section class=\"av_textblock_section \"  itemscope=\"itemscope\" itemtype=\"https:\/\/schema.org\/BlogPosting\" itemprop=\"blogPost\" ><div class='avia_textblock  '   itemprop=\"text\" ><p style=\"text-align: center;\"><strong><span style=\"font-size: 18pt;\">Autoridades destacan resultados de CASEN en la regi\u00f3n de Ays\u00e9n: pobreza baj\u00f3 a un 4,0%<\/span><\/strong><\/p>\n<div id=\"gtx-trans\" style=\"position: absolute; left: -50px; top: 4.31534px;\">\n<div class=\"gtx-trans-icon\"><\/div>\n<\/div>\n<\/div><\/section><\/div><div class=\"flex_column av_one_full  flex_column_div av-zero-column-padding first  avia-builder-el-4  el_after_av_one_full  el_before_av_hr  column-top-margin\" style='border-radius:0px; '><section class=\"av_textblock_section \"  itemscope=\"itemscope\" itemtype=\"https:\/\/schema.org\/BlogPosting\" itemprop=\"blogPost\" ><div class='avia_textblock  '   itemprop=\"text\" ><p class=\"v1MsoNormal\" style=\"text-align: justify;\"><span lang=\"ES-TRAD\">Una reducci\u00f3n hist\u00f3rica de la pobreza en Chile alcanzando un 6,5% a nivel pa\u00eds y un 4,0% en la regi\u00f3n de Ays\u00e9n, es el resultado que se dio a conocer con la publicaci\u00f3n de la encuesta CASEN 2022 que elabora el Ministerio de Desarrollo Social junto a la Universidad de Chile.<\/span><\/p>\n<p class=\"v1MsoNormal\" style=\"text-align: justify;\"><span lang=\"ES-TRAD\">Catalogadas como cifras hist\u00f3ricas, la<\/span>\u00a0tasa de pobreza disminuy\u00f3 4,2 puntos porcentuales respecto al 2020 y 2 puntos porcentuales respecto al a\u00f1o 2017, en tanto la pobreza multidimensional, cuya medici\u00f3n considera cinco variables: acceso a la educaci\u00f3n, salud, vivienda,\u00a0Trabajo y Seguridad Social, Redes y Cohesi\u00f3n Social\u00a0tambi\u00e9n descendi\u00f3 desde el 20,3% de 2017 hasta 16,9% en 2022 y en la regi\u00f3n de Ays\u00e9n fue de 14,0%, lo que implica una disminuci\u00f3n estad\u00edsticamente respecto al a\u00f1o 2017 (19,6%), siendo ambas cifras las m\u00e1s bajas desde que hay registro.<u><\/u><\/p>\n<p class=\"v1MsoNormal\" style=\"text-align: justify;\">Lo anterior fue destacado por el Delegado Regional Presidencial, Rodrigo Araya, Seremi de Desarrollo Social y Familia Karina Acevedo y Seremi de Gobierno (S) Alan Espinoza este lunes, quienes detallaron las cifras a nivel regional.<\/p>\n<p class=\"v1MsoNormal\" style=\"text-align: justify;\">Es as\u00ed que el Delegado Regional, Rodrigo Araya puso en valor los n\u00fameros, haciendo hincapi\u00e9 en que hay desaf\u00edos importantes \u00a0que apuntan a mejorar la calidad de vida de las\u00a0 familias ayseninas para que puedan salir de la l\u00ednea de la pobreza, tales como realizar modificaciones en sistema de pensiones y pacto fiscal \u00abEsta encuesta que se realiza desde el retorno de la democracia y ha mostrado que nuestro pa\u00eds ha avanzado en la reducci\u00f3n de la pobreza, son cifras alentadoras que se tomaron entre noviembre de 2022 y febrero de 2023 y dan cuenta adem\u00e1s el impacto de las medidas que nuestro gobierno ha podido implementar y destacar que la seguridad social y econ\u00f3mica han sido uno de los pilares fundamentales de las acciones de nuestro gobierno y por ende hemos tomado medidas que han contribuido con los buenos n\u00fameros, por ejemplo con los aportes en recursos del IFE Laboral, Pensi\u00f3n Garantizada Universal, estabilizaci\u00f3n de precios en los combustibles\u00bb.<\/p>\n<p class=\"v1MsoNormal\" style=\"text-align: justify;\">Entre los detalles aportados por la Seremi de Desarrollo Social y Familia, Karina Acevedo, destaca la disminuci\u00f3n de la extrema pobreza en la regi\u00f3n de Ays\u00e9n con un 1,0 % siendo la m\u00e1s baja a nivel pa\u00eds, adicionalmente mencion\u00f3 en la presentaci\u00f3n de datos que en la regi\u00f3n de Ays\u00e9n el levantamiento de informaci\u00f3n se realiz\u00f3 en 8 comunas, quedando fuera Guaitecas y Villa O&#8217;Higgins. Se visit\u00f3 un n\u00famero de 1449 hogares (1.064 urbanos y 385 rurales), con un total de 3.749 personas. Destaca en esta medici\u00f3n que por primera vez se encuest\u00f3 en la comuna de Lago Verde y ciertas \u00e1reas de Tortel \u00abCasen nos da resultados alentadores y nos coloca desaf\u00edos, que se van a complementar con otros datos porque se est\u00e1 aplicando la Encuesta de Ni\u00f1as, Ni\u00f1os y Adolescentes que nos va a entregar informaci\u00f3n relevante, tambi\u00e9n tenemos la encuesta de Discapacidad y Dependencia y vamos a poder usar los datos de mejor forma para mejorar la pol\u00edtica p\u00fablica en la regi\u00f3n, sobre todo en los resultados de rezago en cuanto a escolaridad que viene siendo uno de los m\u00e1s altos a nivel nacional y sin duda es la urgencia en la regi\u00f3n de Ays\u00e9n\u00bb.<\/p>\n<p class=\"v1MsoNormal\" style=\"text-align: justify;\">Respecto a esto \u00faltimo, agreg\u00f3 la representante de la cartera de Desarrollo y Familia en la regi\u00f3n de Ays\u00e9n que \u00abEs un desaf\u00edo donde podremos calibrar la pol\u00edtica p\u00fablica, que nos dice que vamos por buen camino pero sobre todo nos indica que toda la l\u00ednea de protecci\u00f3n social se hemos estado desarrollando debemos fortalecerla. Sin duda las medidas que hemos tomado como ministerio como la PGU extendida, el SUB, Copago de Salud, aportes en los programas de 4 a 7 y as\u00ed tantos otros que nos suma para poder llegar a tener una mirada de un Estado de bienestar\u00bb.<\/p>\n<p class=\"v1MsoNormal\" style=\"text-align: justify;\">Finalmente, el Seremi de Gobierno (S) Alan Espinoza resalt\u00f3 las cifras indicando que los datos nacionales y regionales incentivan a seguir trabajando para reducir la pobreza, generando \u00a0beneficios para todas y todos \u00abQueremos darle un valor a la importancia que ha tenido la pol\u00edtica macroecon\u00f3mica que ha tomado el gobierno pese a la inflaci\u00f3n, en donde se ha inyectado recursos por ejemplo para bajar el precio de los combustibles lo que da cuenta que el gobierno ha sido responsable respecto a su quehacer y actuar. Es por eso que estos resultados nos reflejan que esta seguridad nos hace responsable de pol\u00edticas que se vienen, como la construcci\u00f3n de un pacto social y trabajar en nuestras pensiones porque los \u00edndices de mayor pobreza siguen estando en quienes m\u00e1s lo necesitan\u00bb.<\/p>\n<\/div><\/section><\/div><div  style='height:50px' class='hr hr-invisible   avia-builder-el-6  el_after_av_one_full  el_before_av_social_share '><span class='hr-inner ' ><span class='hr-inner-style'><\/span><\/span><\/div><\/p>\n<div  class='av-social-sharing-box  avia-builder-el-7  el_after_av_hr  el_before_av_hr  '><div class='av-share-box'><h5 class='av-share-link-description av-no-toc '>Compartir esta noticia<\/h5><ul class='av-share-box-list noLightbox'><li class='av-share-link av-social-link-facebook' ><a target=\"_blank\" aria-label=\"Compartir en Facebook\" href='https:\/\/www.facebook.com\/sharer.php?u=https:\/\/radiorevelacionfm.cl\/?p=33468&#038;t=Autoridades%20destacan%20resultados%20de%20CASEN%20en%20la%20regi%C3%B3n%20de%20Ays%C3%A9n%3A%20pobreza%20baj%C3%B3%20a%20un%204%2C0%25' aria-hidden='false' data-av_icon='\ue8f3' data-av_iconfont='entypo-fontello' title='' data-avia-related-tooltip='Compartir en Facebook' rel=\"noopener\"><span class='avia_hidden_link_text'>Compartir en Facebook<\/span><\/a><\/li><li class='av-share-link av-social-link-twitter' ><a target=\"_blank\" aria-label=\"Compartir en Twitter\" href='https:\/\/twitter.com\/share?text=Autoridades%20destacan%20resultados%20de%20CASEN%20en%20la%20regi%C3%B3n%20de%20Ays%C3%A9n%3A%20pobreza%20baj%C3%B3%20a%20un%204%2C0%25&#038;url=https:\/\/radiorevelacionfm.cl\/?p=33468' aria-hidden='false' data-av_icon='\ue8f1' data-av_iconfont='entypo-fontello' title='' data-avia-related-tooltip='Compartir en Twitter' rel=\"noopener\"><span class='avia_hidden_link_text'>Compartir en Twitter<\/span><\/a><\/li><li class='av-share-link av-social-link-whatsapp' ><a target=\"_blank\" aria-label=\"Compartir en Whatsapp\" href='https:\/\/api.whatsapp.com\/send?text=https:\/\/radiorevelacionfm.cl\/?p=33468' aria-hidden='false' data-av_icon='\uf232' data-av_iconfont='entypo-fontello' title='' data-avia-related-tooltip='Compartir en Whatsapp' rel=\"noopener\"><span class='avia_hidden_link_text'>Compartir en Whatsapp<\/span><\/a><\/li><li class='av-share-link av-social-link-linkedin' ><a target=\"_blank\" aria-label=\"Compartir en LinkedIn\" href='https:\/\/linkedin.com\/shareArticle?mini=true&#038;title=Autoridades%20destacan%20resultados%20de%20CASEN%20en%20la%20regi%C3%B3n%20de%20Ays%C3%A9n%3A%20pobreza%20baj%C3%B3%20a%20un%204%2C0%25&#038;url=https:\/\/radiorevelacionfm.cl\/?p=33468' aria-hidden='false' data-av_icon='\ue8fc' data-av_iconfont='entypo-fontello' title='' data-avia-related-tooltip='Compartir en LinkedIn' rel=\"noopener\"><span class='avia_hidden_link_text'>Compartir en LinkedIn<\/span><\/a><\/li><li class='av-share-link av-social-link-mail' ><a  aria-label=\"Compartir por correo\" href='mailto:?subject=Autoridades%20destacan%20resultados%20de%20CASEN%20en%20la%20regi%C3%B3n%20de%20Ays%C3%A9n%3A%20pobreza%20baj%C3%B3%20a%20un%204%2C0%25&#038;body=https:\/\/radiorevelacionfm.cl\/?p=33468' aria-hidden='false' data-av_icon='\ue805' data-av_iconfont='entypo-fontello' title='' data-avia-related-tooltip='Compartir por correo'><span class='avia_hidden_link_text'>Compartir por correo<\/span><\/a><\/li><\/ul><\/div><\/div>\n<div  style='height:50px' class='hr hr-invisible   avia-builder-el-8  el_after_av_social_share  el_before_av_comments_list '><span class='hr-inner ' ><span class='hr-inner-style'><\/span><\/span><\/div>\n<div  class='av-buildercomment  av-blog-meta-html-info-disabled av-blog-meta-tag-disabled  '><\/div>\n","protected":false},"excerpt":{"rendered":"","protected":false},"author":1,"featured_media":33469,"comment_status":"open","ping_status":"open","sticky":false,"template":"","format":"standard","meta":{"footnotes":""},"categories":[38],"tags":[],"class_list":["post-33468","post","type-post","status-publish","format-standard","has-post-thumbnail","hentry","category-regional"],"jetpack_featured_media_url":"https:\/\/radiorevelacionfm.cl\/wp-content\/uploads\/2023\/08\/casen1-1-1.jpeg","_links":{"self":[{"href":"https:\/\/radiorevelacionfm.cl\/index.php?rest_route=\/wp\/v2\/posts\/33468","targetHints":{"allow":["GET"]}}],"collection":[{"href":"https:\/\/radiorevelacionfm.cl\/index.php?rest_route=\/wp\/v2\/posts"}],"about":[{"href":"https:\/\/radiorevelacionfm.cl\/index.php?rest_route=\/wp\/v2\/types\/post"}],"author":[{"embeddable":true,"href":"https:\/\/radiorevelacionfm.cl\/index.php?rest_route=\/wp\/v2\/users\/1"}],"replies":[{"embeddable":true,"href":"https:\/\/radiorevelacionfm.cl\/index.php?rest_route=%2Fwp%2Fv2%2Fcomments&post=33468"}],"version-history":[{"count":1,"href":"https:\/\/radiorevelacionfm.cl\/index.php?rest_route=\/wp\/v2\/posts\/33468\/revisions"}],"predecessor-version":[{"id":33470,"href":"https:\/\/radiorevelacionfm.cl\/index.php?rest_route=\/wp\/v2\/posts\/33468\/revisions\/33470"}],"wp:featuredmedia":[{"embeddable":true,"href":"https:\/\/radiorevelacionfm.cl\/index.php?rest_route=\/wp\/v2\/media\/33469"}],"wp:attachment":[{"href":"https:\/\/radiorevelacionfm.cl\/index.php?rest_route=%2Fwp%2Fv2%2Fmedia&parent=33468"}],"wp:term":[{"taxonomy":"category","embeddable":true,"href":"https:\/\/radiorevelacionfm.cl\/index.php?rest_route=%2Fwp%2Fv2%2Fcategories&post=33468"},{"taxonomy":"post_tag","embeddable":true,"href":"https:\/\/radiorevelacionfm.cl\/index.php?rest_route=%2Fwp%2Fv2%2Ftags&post=33468"}],"curies":[{"name":"wp","href":"https:\/\/api.w.org\/{rel}","templated":true}]}}