{"id":33465,"date":"2023-08-01T11:54:35","date_gmt":"2023-08-01T14:54:35","guid":{"rendered":"https:\/\/radiorevelacionfm.cl\/?p=33465"},"modified":"2023-08-01T11:54:35","modified_gmt":"2023-08-01T14:54:35","slug":"red-aeroportuaria-austral-inicio-la-construccion-del-nuevo-aeropuerto-de-balmaceda","status":"publish","type":"post","link":"https:\/\/radiorevelacionfm.cl\/?p=33465","title":{"rendered":"Red Aeroportuaria Austral inici\u00f3 la construcci\u00f3n del nuevo Aeropuerto de Balmaceda"},"content":{"rendered":"<div class=\"flex_column av_one_full  flex_column_div av-zero-column-padding first  avia-builder-el-0  el_before_av_one_full  avia-builder-el-first  \" style='border-radius:0px; '><div  class='avia-image-container  av-styling-    avia-builder-el-1  avia-builder-el-no-sibling  avia-align-center '  itemprop=\"image\" itemscope=\"itemscope\" itemtype=\"https:\/\/schema.org\/ImageObject\"  ><div class='avia-image-container-inner'><div class='avia-image-overlay-wrap'><img decoding=\"async\" class='wp-image-33466 avia-img-lazy-loading-not-33466 avia_image' src=\"https:\/\/radiorevelacionfm.cl\/wp-content\/uploads\/2023\/08\/53074344931_438581caf9_5k-1-1.jpg\" alt='' title='53074344931_438581caf9_5k (1) (1)' height=\"600\" width=\"1006\"  itemprop=\"thumbnailUrl\" srcset=\"https:\/\/radiorevelacionfm.cl\/wp-content\/uploads\/2023\/08\/53074344931_438581caf9_5k-1-1.jpg 1006w, https:\/\/radiorevelacionfm.cl\/wp-content\/uploads\/2023\/08\/53074344931_438581caf9_5k-1-1-300x179.jpg 300w, https:\/\/radiorevelacionfm.cl\/wp-content\/uploads\/2023\/08\/53074344931_438581caf9_5k-1-1-768x458.jpg 768w, https:\/\/radiorevelacionfm.cl\/wp-content\/uploads\/2023\/08\/53074344931_438581caf9_5k-1-1-705x420.jpg 705w, https:\/\/radiorevelacionfm.cl\/wp-content\/uploads\/2023\/08\/53074344931_438581caf9_5k-1-1-450x268.jpg 450w, https:\/\/radiorevelacionfm.cl\/wp-content\/uploads\/2023\/08\/53074344931_438581caf9_5k-1-1-600x358.jpg 600w\" sizes=\"(max-width: 1006px) 100vw, 1006px\" \/><\/div><\/div><\/div><\/div><div class=\"flex_column av_one_full  flex_column_div av-zero-column-padding first  avia-builder-el-2  el_after_av_one_full  el_before_av_one_full  column-top-margin\" style='border-radius:0px; '><section class=\"av_textblock_section \"  itemscope=\"itemscope\" itemtype=\"https:\/\/schema.org\/BlogPosting\" itemprop=\"blogPost\" ><div class='avia_textblock  '   itemprop=\"text\" ><p style=\"text-align: center;\"><span style=\"font-size: 18pt;\"><b>Red Aeroportuaria Austral inici\u00f3 la construcci\u00f3n del nuevo Aeropuerto de Balmaceda<\/b><\/span><\/p>\n<div id=\"gtx-trans\" style=\"position: absolute; left: -50px; top: 4.31534px;\">\n<div class=\"gtx-trans-icon\"><\/div>\n<\/div>\n<\/div><\/section><\/div><div class=\"flex_column av_one_full  flex_column_div av-zero-column-padding first  avia-builder-el-4  el_after_av_one_full  el_before_av_hr  column-top-margin\" style='border-radius:0px; '><section class=\"av_textblock_section \"  itemscope=\"itemscope\" itemtype=\"https:\/\/schema.org\/BlogPosting\" itemprop=\"blogPost\" ><div class='avia_textblock  '   itemprop=\"text\" ><p class=\"v1Marcelo\" style=\"text-align: justify;\">Sostenibilidad, eficiencia energ\u00e9tica y un dise\u00f1o representativo de la regi\u00f3n de Ays\u00e9n capaz de conectarse con su entorno, son tres de los pilares que tendr\u00e1 el nuevo Aeropuerto de Balmaceda, cuya construcci\u00f3n se acaba de iniciar esta semana.<\/p>\n<p class=\"v1Marcelo\" style=\"text-align: justify;\">Un edificio moderno, que permitir\u00e1 aumentar casi en cuatro veces su actual capacidad construida, junto a la ampliaci\u00f3n de la plataforma de aeronaves de aviaci\u00f3n comercial -llegando a una superficie estimada de 26.000 metros cuadrados- representan la base de esta simb\u00f3lica y ambiciosa obra impulsada por la Red Aeroportuaria Austral.<\/p>\n<p class=\"v1Marcelo\" style=\"text-align: justify;\">La firma, impulsa lo que se transformar\u00e1 en la primera obra concesionada de la Regi\u00f3n de Ays\u00e9n, una infraestructura que le permitir\u00e1 a la concesionaria seguir desempe\u00f1ando su rol clave en la movilidad y conectividad a\u00e9rea en la zona sur del pa\u00eds, con un horizonte operativo de alto est\u00e1ndar para los siguientes treinta a\u00f1os.<\/p>\n<p class=\"v1Marcelo\" style=\"text-align: justify;\">Un nuevo terminal de 12.300 metros cuadrados, dos niveles, cinco puentes de embarque, nuevos estacionamientos para uso de minibuses o buses de hasta 14 plazas, mayor capacidad de atenci\u00f3n de aeronaves, nuevas dependencias y, en definitiva, una mejor experiencia para los pasajeros y usuarios del recinto, ser\u00e1n parte de esta ampliaci\u00f3n que inici\u00f3 sus primeros trabajos.<\/p>\n<p class=\"v1Marcelo\" style=\"text-align: justify;\">\u00abNuestro proyecto ha sido pensado con un dise\u00f1o orientado a la satisfacci\u00f3n de las necesidades del usuario, buscando el m\u00e1ximo aprovechamiento de la luz natural y la orientaci\u00f3n intuitiva, siguiendo criterios de construcci\u00f3n sostenible. Por otra parte, es condici\u00f3n para el dise\u00f1o que incorpore una distribuci\u00f3n de espacios y elementos que permitan recibir, eventualmente, vuelos internacionales, de forma c\u00f3moda y segura, utilizando todo el est\u00e1ndar y servicios que el nuevo terminal entregar\u00e1. El dise\u00f1o, por tanto, es de suma importancia para la obra\u00bb, describe Mario Godoy Burgos, gerente general de la sociedad concesionaria.<\/p>\n<p class=\"v1Marcelo\" style=\"text-align: justify;\">El ejecutivo a\u00f1adi\u00f3 que, por tratarse de la primera obra concesionada de la Regi\u00f3n de Ays\u00e9n, la compa\u00f1\u00eda busca concretar un proyecto de excelencia y comprometido con su territorio. \u00abNos gusta aportar al desarrollo de la regi\u00f3n, ser un punto de conexi\u00f3n y de reencuentro, donde nuestro Aeropuerto tambi\u00e9n sea parte de esta comunidad\u00bb, a\u00f1adi\u00f3 Godoy.<\/p>\n<p class=\"v1Marcelo\" style=\"text-align: justify;\">Las obras que se iniciaron esta semana implicar\u00e1n una inversi\u00f3n estimada de 60 millones de d\u00f3lares por parte de la Red Aeroportuaria Austral, y se espera se extiendan hasta finales del 2026. La iniciativa, adem\u00e1s se suma a otras inversiones que la compa\u00f1\u00eda se encuentra impulsando en el Aeropuerto General Carlos Ib\u00e1\u00f1ez del Campo de Punta Arenas y el Aeropuerto de La Serena, todos territorios estrat\u00e9gicos y de alto valor tur\u00edstico para el pa\u00eds.<\/p>\n<p class=\"v1Marcelo\" style=\"text-align: justify;\"><span lang=\"ES-MX\">\u00abNuestras inversiones buscar\u00e1n potenciar la industria aeroportuaria del pa\u00eds, renovando de forma importante su infraestructura en puntos geogr\u00e1ficos que son muy relevantes para el turismo y muy estrat\u00e9gicos en la conexi\u00f3n de las personas\u00bb, concluy\u00f3 el ejecutivo.<\/span><\/p>\n<p class=\"v1Marcelo\" style=\"text-align: justify;\" align=\"left\"><b><u>Caracter\u00edsticas del nuevo aeropuerto:<\/u><\/b><\/p>\n<p class=\"v1Marcelo\" style=\"text-align: justify;\" align=\"left\"><b><u><\/u><\/b>\u2714\u00a0Una superficie de 12.400 m2.<br \/>\n\u2714\u00a05 puentes de embarque.<br \/>\n\u2714\u00a016 mostradores.<br \/>\n\u2714\u00a02 nuevas cintas de recogida de equipaje.<br \/>\n\u2714\u00a0Una nueva \u00e1rea de movimiento para aeronaves.<br \/>\n\u2714\u00a0Un edificio de aparcamientos.<br \/>\n\u2714\u00a0Posibilidad de conversi\u00f3n en aeropuerto internacional.<\/p>\n<\/div><\/section><\/div><div  style='height:50px' class='hr hr-invisible   avia-builder-el-6  el_after_av_one_full  el_before_av_social_share '><span class='hr-inner ' ><span class='hr-inner-style'><\/span><\/span><\/div><\/p>\n<div  class='av-social-sharing-box  avia-builder-el-7  el_after_av_hr  el_before_av_hr  '><div class='av-share-box'><h5 class='av-share-link-description av-no-toc '>Compartir esta noticia<\/h5><ul class='av-share-box-list noLightbox'><li class='av-share-link av-social-link-facebook' ><a target=\"_blank\" aria-label=\"Compartir en Facebook\" href='https:\/\/www.facebook.com\/sharer.php?u=https:\/\/radiorevelacionfm.cl\/?p=33465&#038;t=Red%20Aeroportuaria%20Austral%20inici%C3%B3%20la%20construcci%C3%B3n%20del%20nuevo%20Aeropuerto%20de%20Balmaceda' aria-hidden='false' data-av_icon='\ue8f3' data-av_iconfont='entypo-fontello' title='' data-avia-related-tooltip='Compartir en Facebook' rel=\"noopener\"><span class='avia_hidden_link_text'>Compartir en Facebook<\/span><\/a><\/li><li class='av-share-link av-social-link-twitter' ><a target=\"_blank\" aria-label=\"Compartir en Twitter\" href='https:\/\/twitter.com\/share?text=Red%20Aeroportuaria%20Austral%20inici%C3%B3%20la%20construcci%C3%B3n%20del%20nuevo%20Aeropuerto%20de%20Balmaceda&#038;url=https:\/\/radiorevelacionfm.cl\/?p=33465' aria-hidden='false' data-av_icon='\ue8f1' data-av_iconfont='entypo-fontello' title='' data-avia-related-tooltip='Compartir en Twitter' rel=\"noopener\"><span class='avia_hidden_link_text'>Compartir en Twitter<\/span><\/a><\/li><li class='av-share-link av-social-link-whatsapp' ><a target=\"_blank\" aria-label=\"Compartir en Whatsapp\" href='https:\/\/api.whatsapp.com\/send?text=https:\/\/radiorevelacionfm.cl\/?p=33465' aria-hidden='false' data-av_icon='\uf232' data-av_iconfont='entypo-fontello' title='' data-avia-related-tooltip='Compartir en Whatsapp' rel=\"noopener\"><span class='avia_hidden_link_text'>Compartir en Whatsapp<\/span><\/a><\/li><li class='av-share-link av-social-link-linkedin' ><a target=\"_blank\" aria-label=\"Compartir en LinkedIn\" href='https:\/\/linkedin.com\/shareArticle?mini=true&#038;title=Red%20Aeroportuaria%20Austral%20inici%C3%B3%20la%20construcci%C3%B3n%20del%20nuevo%20Aeropuerto%20de%20Balmaceda&#038;url=https:\/\/radiorevelacionfm.cl\/?p=33465' aria-hidden='false' data-av_icon='\ue8fc' data-av_iconfont='entypo-fontello' title='' data-avia-related-tooltip='Compartir en LinkedIn' rel=\"noopener\"><span class='avia_hidden_link_text'>Compartir en LinkedIn<\/span><\/a><\/li><li class='av-share-link av-social-link-mail' ><a  aria-label=\"Compartir por correo\" href='mailto:?subject=Red%20Aeroportuaria%20Austral%20inici%C3%B3%20la%20construcci%C3%B3n%20del%20nuevo%20Aeropuerto%20de%20Balmaceda&#038;body=https:\/\/radiorevelacionfm.cl\/?p=33465' aria-hidden='false' data-av_icon='\ue805' data-av_iconfont='entypo-fontello' title='' data-avia-related-tooltip='Compartir por correo'><span class='avia_hidden_link_text'>Compartir por correo<\/span><\/a><\/li><\/ul><\/div><\/div>\n<div  style='height:50px' class='hr hr-invisible   avia-builder-el-8  el_after_av_social_share  el_before_av_comments_list '><span class='hr-inner ' ><span class='hr-inner-style'><\/span><\/span><\/div>\n<div  class='av-buildercomment  av-blog-meta-html-info-disabled av-blog-meta-tag-disabled  '><\/div>\n","protected":false},"excerpt":{"rendered":"","protected":false},"author":1,"featured_media":33466,"comment_status":"open","ping_status":"open","sticky":false,"template":"","format":"standard","meta":{"footnotes":""},"categories":[38],"tags":[],"class_list":["post-33465","post","type-post","status-publish","format-standard","has-post-thumbnail","hentry","category-regional"],"jetpack_featured_media_url":"https:\/\/radiorevelacionfm.cl\/wp-content\/uploads\/2023\/08\/53074344931_438581caf9_5k-1-1.jpg","_links":{"self":[{"href":"https:\/\/radiorevelacionfm.cl\/index.php?rest_route=\/wp\/v2\/posts\/33465","targetHints":{"allow":["GET"]}}],"collection":[{"href":"https:\/\/radiorevelacionfm.cl\/index.php?rest_route=\/wp\/v2\/posts"}],"about":[{"href":"https:\/\/radiorevelacionfm.cl\/index.php?rest_route=\/wp\/v2\/types\/post"}],"author":[{"embeddable":true,"href":"https:\/\/radiorevelacionfm.cl\/index.php?rest_route=\/wp\/v2\/users\/1"}],"replies":[{"embeddable":true,"href":"https:\/\/radiorevelacionfm.cl\/index.php?rest_route=%2Fwp%2Fv2%2Fcomments&post=33465"}],"version-history":[{"count":1,"href":"https:\/\/radiorevelacionfm.cl\/index.php?rest_route=\/wp\/v2\/posts\/33465\/revisions"}],"predecessor-version":[{"id":33467,"href":"https:\/\/radiorevelacionfm.cl\/index.php?rest_route=\/wp\/v2\/posts\/33465\/revisions\/33467"}],"wp:featuredmedia":[{"embeddable":true,"href":"https:\/\/radiorevelacionfm.cl\/index.php?rest_route=\/wp\/v2\/media\/33466"}],"wp:attachment":[{"href":"https:\/\/radiorevelacionfm.cl\/index.php?rest_route=%2Fwp%2Fv2%2Fmedia&parent=33465"}],"wp:term":[{"taxonomy":"category","embeddable":true,"href":"https:\/\/radiorevelacionfm.cl\/index.php?rest_route=%2Fwp%2Fv2%2Fcategories&post=33465"},{"taxonomy":"post_tag","embeddable":true,"href":"https:\/\/radiorevelacionfm.cl\/index.php?rest_route=%2Fwp%2Fv2%2Ftags&post=33465"}],"curies":[{"name":"wp","href":"https:\/\/api.w.org\/{rel}","templated":true}]}}