{"id":33462,"date":"2023-08-01T20:04:59","date_gmt":"2023-08-01T23:04:59","guid":{"rendered":"https:\/\/radiorevelacionfm.cl\/?p=33462"},"modified":"2023-08-01T20:13:49","modified_gmt":"2023-08-01T23:13:49","slug":"aprueban-financiamiento-para-reconstruccion-de-gimnasio-siniestrado-hace-mas-de-20-anos-en-chile-chico","status":"publish","type":"post","link":"https:\/\/radiorevelacionfm.cl\/?p=33462","title":{"rendered":"Aprueban financiamiento para reconstrucci\u00f3n de gimnasio siniestrado hace m\u00e1s de 20 a\u00f1os en Chile Chico"},"content":{"rendered":"<div class=\"flex_column av_one_full  flex_column_div av-zero-column-padding first  avia-builder-el-0  el_before_av_one_full  avia-builder-el-first  \" style='border-radius:0px; '><div  class='avia-image-container  av-styling-    avia-builder-el-1  avia-builder-el-no-sibling  avia-align-center '  itemprop=\"image\" itemscope=\"itemscope\" itemtype=\"https:\/\/schema.org\/ImageObject\"  ><div class='avia-image-container-inner'><div class='avia-image-overlay-wrap'><img decoding=\"async\" class='wp-image-29146 avia-img-lazy-loading-not-29146 avia_image' src=\"https:\/\/radiorevelacionfm.cl\/wp-content\/uploads\/2023\/03\/CHILE-CHICO-3-1-1.jpg\" alt='' title='CHILE CHICO (3) (1) (1)' height=\"600\" width=\"800\"  itemprop=\"thumbnailUrl\" srcset=\"https:\/\/radiorevelacionfm.cl\/wp-content\/uploads\/2023\/03\/CHILE-CHICO-3-1-1.jpg 800w, https:\/\/radiorevelacionfm.cl\/wp-content\/uploads\/2023\/03\/CHILE-CHICO-3-1-1-300x225.jpg 300w, https:\/\/radiorevelacionfm.cl\/wp-content\/uploads\/2023\/03\/CHILE-CHICO-3-1-1-768x576.jpg 768w, https:\/\/radiorevelacionfm.cl\/wp-content\/uploads\/2023\/03\/CHILE-CHICO-3-1-1-705x529.jpg 705w, https:\/\/radiorevelacionfm.cl\/wp-content\/uploads\/2023\/03\/CHILE-CHICO-3-1-1-600x450.jpg 600w\" sizes=\"(max-width: 800px) 100vw, 800px\" \/><\/div><\/div><\/div><\/div><div class=\"flex_column av_one_full  flex_column_div av-zero-column-padding first  avia-builder-el-2  el_after_av_one_full  el_before_av_one_full  column-top-margin\" style='border-radius:0px; '><section class=\"av_textblock_section \"  itemscope=\"itemscope\" itemtype=\"https:\/\/schema.org\/BlogPosting\" itemprop=\"blogPost\" ><div class='avia_textblock  '   itemprop=\"text\" ><p style=\"text-align: center;\"><strong><span style=\"font-size: 18pt;\">Aprueban financiamiento para reconstrucci\u00f3n de gimnasio siniestrado hace m\u00e1s de 20 a\u00f1os en Chile Chico<\/span><\/strong><\/p>\n<div id=\"gtx-trans\" style=\"position: absolute; left: -50px; top: 4.31534px;\">\n<div class=\"gtx-trans-icon\"><\/div>\n<\/div>\n<\/div><\/section><\/div><\/p>\n<div class=\"flex_column av_one_full  flex_column_div av-zero-column-padding first  avia-builder-el-4  el_after_av_one_full  el_before_av_hr  column-top-margin\" style='border-radius:0px; '><section class=\"av_textblock_section \"  itemscope=\"itemscope\" itemtype=\"https:\/\/schema.org\/BlogPosting\" itemprop=\"blogPost\" ><div class='avia_textblock  '   itemprop=\"text\" ><p dir=\"ltr\" style=\"text-align: justify;\">En la \u00faltima sesi\u00f3n del Pleno del Consejo Regional de Ays\u00e9n, el \u00f3rgano colegiado, presidido por la Gobernadora Regional de Ays\u00e9n Andrea Mac\u00edas Palma, aprob\u00f3 el financiamiento para el mejoramiento y ampliaci\u00f3n del Centro Deportivo ADEM de Chile Chico, establecimiento que fue afectado por un incendio el a\u00f1o 2002.<\/p>\n<p dir=\"ltr\" style=\"text-align: justify;\">\u00abComo Ejecutivo, puse en tabla el financiamiento de esta iniciativa porque es una de las l\u00edneas en las cuales nosotros hemos querido fortalecer a nuestra comunidad y, precisamente, tiene que ver con el mejoramiento de la infraestructura deportiva, con poder contar con espacios de calidad, espacios dignos que se encuentren normados, a disposici\u00f3n de la comunidad para poder practicar cualquier tipo de deporte pero adem\u00e1s para realizar otro tipo de actividades\u00bb, coment\u00f3 la Gobernadora Andrea Mac\u00edas.<\/p>\n<p dir=\"ltr\" style=\"text-align: justify;\">El proyecto requiere para su ejecuci\u00f3n un financiamiento de M$865.754, fondos que ser\u00e1n destinados al mejoramiento de los recintos de circulaci\u00f3n, accesos, fachada externa y techos, adem\u00e1s de la ampliaci\u00f3n de la cancha y habilitaci\u00f3n de grader\u00edas, camarines, bodegas y ba\u00f1os. A su vez, tambi\u00e9n se contempla la adquisici\u00f3n de equipos y equipamiento necesario para la realizaci\u00f3n de actividades deportivas y recreativas en el recinto.<\/p>\n<p dir=\"ltr\" style=\"text-align: justify;\">\u00abEste gimnasio se siniestr\u00f3 hace m\u00e1s de 20 a\u00f1os, y no hab\u00edamos podido iniciar el proceso de reconstrucci\u00f3n definitiva, como este. Iniciamos distintas obras, distintos FRIL, que tambi\u00e9n fueron aprobados por el Gobierno Regional para poder avanzar, pero no lo suficiente. Con este proyecto cerramos un ciclo, primero, para cubrir el d\u00e9ficit que tenemos actualmente en temas deportivos; segundo, mejoramos la infraestructura, desde el punto de vista arquitect\u00f3nico y est\u00e9tico de la calle principal; y tercero, cerramos la deuda pol\u00edtica que ten\u00edamos pendiente con la comunidad y nuestros deportistas\u00bb, explic\u00f3 el Alcalde de la comuna de Chile Chico, Luperciano Mu\u00f1oz.<\/p>\n<p dir=\"ltr\" style=\"text-align: justify;\">Por su parte, el Consejero Regional Sergio Gonz\u00e1lez, quien preside la Comisi\u00f3n de Desarrollo Social, Cultural y Deportivo, por la que pas\u00f3 la iniciativa, expres\u00f3 su conformidad con la aprobaci\u00f3n del Pleno. \u00abHemos podido aprobar importantes recursos para Chile Chico, m\u00e1s de 865 millones de pesos que van a permitir el mejoramiento y ampliaci\u00f3n del centro de deportes ADEM, as\u00ed que contentos, creo que es una muy buena noticia para toda la comunidad, sobre todo para nuestros deportistas\u00bb, sostuvo.<\/p>\n<\/div><\/section><\/div>\n<div  style='height:50px' class='hr hr-invisible   avia-builder-el-6  el_after_av_one_full  el_before_av_social_share '><span class='hr-inner ' ><span class='hr-inner-style'><\/span><\/span><\/div>\n<div  class='av-social-sharing-box  avia-builder-el-7  el_after_av_hr  el_before_av_hr  '><div class='av-share-box'><h5 class='av-share-link-description av-no-toc '>Compartir esta noticia<\/h5><ul class='av-share-box-list noLightbox'><li class='av-share-link av-social-link-facebook' ><a target=\"_blank\" aria-label=\"Compartir en Facebook\" href='https:\/\/www.facebook.com\/sharer.php?u=https:\/\/radiorevelacionfm.cl\/?p=33462&#038;t=Aprueban%20financiamiento%20para%20reconstrucci%C3%B3n%20de%20gimnasio%20siniestrado%20hace%20m%C3%A1s%20de%2020%20a%C3%B1os%20en%20Chile%20Chico' aria-hidden='false' data-av_icon='\ue8f3' data-av_iconfont='entypo-fontello' title='' data-avia-related-tooltip='Compartir en Facebook' rel=\"noopener\"><span class='avia_hidden_link_text'>Compartir en Facebook<\/span><\/a><\/li><li class='av-share-link av-social-link-twitter' ><a target=\"_blank\" aria-label=\"Compartir en Twitter\" href='https:\/\/twitter.com\/share?text=Aprueban%20financiamiento%20para%20reconstrucci%C3%B3n%20de%20gimnasio%20siniestrado%20hace%20m%C3%A1s%20de%2020%20a%C3%B1os%20en%20Chile%20Chico&#038;url=https:\/\/radiorevelacionfm.cl\/?p=33462' aria-hidden='false' data-av_icon='\ue8f1' data-av_iconfont='entypo-fontello' title='' data-avia-related-tooltip='Compartir en Twitter' rel=\"noopener\"><span class='avia_hidden_link_text'>Compartir en Twitter<\/span><\/a><\/li><li class='av-share-link av-social-link-whatsapp' ><a target=\"_blank\" aria-label=\"Compartir en Whatsapp\" href='https:\/\/api.whatsapp.com\/send?text=https:\/\/radiorevelacionfm.cl\/?p=33462' aria-hidden='false' data-av_icon='\uf232' data-av_iconfont='entypo-fontello' title='' data-avia-related-tooltip='Compartir en Whatsapp' rel=\"noopener\"><span class='avia_hidden_link_text'>Compartir en Whatsapp<\/span><\/a><\/li><li class='av-share-link av-social-link-linkedin' ><a target=\"_blank\" aria-label=\"Compartir en LinkedIn\" href='https:\/\/linkedin.com\/shareArticle?mini=true&#038;title=Aprueban%20financiamiento%20para%20reconstrucci%C3%B3n%20de%20gimnasio%20siniestrado%20hace%20m%C3%A1s%20de%2020%20a%C3%B1os%20en%20Chile%20Chico&#038;url=https:\/\/radiorevelacionfm.cl\/?p=33462' aria-hidden='false' data-av_icon='\ue8fc' data-av_iconfont='entypo-fontello' title='' data-avia-related-tooltip='Compartir en LinkedIn' rel=\"noopener\"><span class='avia_hidden_link_text'>Compartir en LinkedIn<\/span><\/a><\/li><li class='av-share-link av-social-link-mail' ><a  aria-label=\"Compartir por correo\" href='mailto:?subject=Aprueban%20financiamiento%20para%20reconstrucci%C3%B3n%20de%20gimnasio%20siniestrado%20hace%20m%C3%A1s%20de%2020%20a%C3%B1os%20en%20Chile%20Chico&#038;body=https:\/\/radiorevelacionfm.cl\/?p=33462' aria-hidden='false' data-av_icon='\ue805' data-av_iconfont='entypo-fontello' title='' data-avia-related-tooltip='Compartir por correo'><span class='avia_hidden_link_text'>Compartir por correo<\/span><\/a><\/li><\/ul><\/div><\/div>\n<div  style='height:50px' class='hr hr-invisible   avia-builder-el-8  el_after_av_social_share  el_before_av_comments_list '><span class='hr-inner ' ><span class='hr-inner-style'><\/span><\/span><\/div>\n<div  class='av-buildercomment  av-blog-meta-html-info-disabled av-blog-meta-tag-disabled  '><\/div>\n","protected":false},"excerpt":{"rendered":"","protected":false},"author":1,"featured_media":29146,"comment_status":"open","ping_status":"open","sticky":false,"template":"","format":"standard","meta":{"footnotes":""},"categories":[38],"tags":[],"class_list":["post-33462","post","type-post","status-publish","format-standard","has-post-thumbnail","hentry","category-regional"],"jetpack_featured_media_url":"https:\/\/radiorevelacionfm.cl\/wp-content\/uploads\/2023\/03\/CHILE-CHICO-3-1-1.jpg","_links":{"self":[{"href":"https:\/\/radiorevelacionfm.cl\/index.php?rest_route=\/wp\/v2\/posts\/33462","targetHints":{"allow":["GET"]}}],"collection":[{"href":"https:\/\/radiorevelacionfm.cl\/index.php?rest_route=\/wp\/v2\/posts"}],"about":[{"href":"https:\/\/radiorevelacionfm.cl\/index.php?rest_route=\/wp\/v2\/types\/post"}],"author":[{"embeddable":true,"href":"https:\/\/radiorevelacionfm.cl\/index.php?rest_route=\/wp\/v2\/users\/1"}],"replies":[{"embeddable":true,"href":"https:\/\/radiorevelacionfm.cl\/index.php?rest_route=%2Fwp%2Fv2%2Fcomments&post=33462"}],"version-history":[{"count":3,"href":"https:\/\/radiorevelacionfm.cl\/index.php?rest_route=\/wp\/v2\/posts\/33462\/revisions"}],"predecessor-version":[{"id":33505,"href":"https:\/\/radiorevelacionfm.cl\/index.php?rest_route=\/wp\/v2\/posts\/33462\/revisions\/33505"}],"wp:featuredmedia":[{"embeddable":true,"href":"https:\/\/radiorevelacionfm.cl\/index.php?rest_route=\/wp\/v2\/media\/29146"}],"wp:attachment":[{"href":"https:\/\/radiorevelacionfm.cl\/index.php?rest_route=%2Fwp%2Fv2%2Fmedia&parent=33462"}],"wp:term":[{"taxonomy":"category","embeddable":true,"href":"https:\/\/radiorevelacionfm.cl\/index.php?rest_route=%2Fwp%2Fv2%2Fcategories&post=33462"},{"taxonomy":"post_tag","embeddable":true,"href":"https:\/\/radiorevelacionfm.cl\/index.php?rest_route=%2Fwp%2Fv2%2Ftags&post=33462"}],"curies":[{"name":"wp","href":"https:\/\/api.w.org\/{rel}","templated":true}]}}