{"id":33459,"date":"2023-08-01T17:42:03","date_gmt":"2023-08-01T20:42:03","guid":{"rendered":"https:\/\/radiorevelacionfm.cl\/?p=33459"},"modified":"2023-08-01T17:42:03","modified_gmt":"2023-08-01T20:42:03","slug":"exseremi-claudia-cantero-asume-jefatura-de-la-division-de-desarrollo-social-y-humano-del-gobierno-regional","status":"publish","type":"post","link":"https:\/\/radiorevelacionfm.cl\/?p=33459","title":{"rendered":"Exseremi Claudia Cantero asume jefatura de la Divisi\u00f3n de Desarrollo Social y Humano del Gobierno Regional"},"content":{"rendered":"<div class=\"flex_column av_one_full  flex_column_div av-zero-column-padding first  avia-builder-el-0  el_before_av_one_full  avia-builder-el-first  \" style='border-radius:0px; '><div  class='avia-image-container  av-styling-    avia-builder-el-1  avia-builder-el-no-sibling  avia-align-center '  itemprop=\"image\" itemscope=\"itemscope\" itemtype=\"https:\/\/schema.org\/ImageObject\"  ><div class='avia-image-container-inner'><div class='avia-image-overlay-wrap'><img decoding=\"async\" class='wp-image-33460 avia-img-lazy-loading-not-33460 avia_image' src=\"https:\/\/radiorevelacionfm.cl\/wp-content\/uploads\/2023\/08\/Claudia-3-1-1.jpeg\" alt='' title='Claudia 3 (1) (1)' height=\"600\" width=\"800\"  itemprop=\"thumbnailUrl\" srcset=\"https:\/\/radiorevelacionfm.cl\/wp-content\/uploads\/2023\/08\/Claudia-3-1-1.jpeg 800w, https:\/\/radiorevelacionfm.cl\/wp-content\/uploads\/2023\/08\/Claudia-3-1-1-300x225.jpeg 300w, https:\/\/radiorevelacionfm.cl\/wp-content\/uploads\/2023\/08\/Claudia-3-1-1-768x576.jpeg 768w, https:\/\/radiorevelacionfm.cl\/wp-content\/uploads\/2023\/08\/Claudia-3-1-1-705x529.jpeg 705w, https:\/\/radiorevelacionfm.cl\/wp-content\/uploads\/2023\/08\/Claudia-3-1-1-450x338.jpeg 450w, https:\/\/radiorevelacionfm.cl\/wp-content\/uploads\/2023\/08\/Claudia-3-1-1-600x450.jpeg 600w\" sizes=\"(max-width: 800px) 100vw, 800px\" \/><\/div><\/div><\/div><\/div><div class=\"flex_column av_one_full  flex_column_div av-zero-column-padding first  avia-builder-el-2  el_after_av_one_full  el_before_av_one_full  column-top-margin\" style='border-radius:0px; '><section class=\"av_textblock_section \"  itemscope=\"itemscope\" itemtype=\"https:\/\/schema.org\/BlogPosting\" itemprop=\"blogPost\" ><div class='avia_textblock  '   itemprop=\"text\" ><p style=\"text-align: center;\"><strong><span style=\"font-size: 18pt;\">Exseremi Claudia Cantero asume jefatura de la Divisi\u00f3n de Desarrollo Social y Humano del Gobierno Regional<\/span><\/strong><\/p>\n<div id=\"gtx-trans\" style=\"position: absolute; left: -50px; top: 4.31534px;\">\n<div class=\"gtx-trans-icon\"><\/div>\n<\/div>\n<\/div><\/section><\/div><div class=\"flex_column av_one_full  flex_column_div av-zero-column-padding first  avia-builder-el-4  el_after_av_one_full  el_before_av_hr  column-top-margin\" style='border-radius:0px; '><section class=\"av_textblock_section \"  itemscope=\"itemscope\" itemtype=\"https:\/\/schema.org\/BlogPosting\" itemprop=\"blogPost\" ><div class='avia_textblock  '   itemprop=\"text\" ><div style=\"text-align: justify;\">Este lunes se sum\u00f3 al Gobierno Regional de Ays\u00e9n la antrop\u00f3loga Claudia Cantero Delgado, quien asumir\u00e1 la jefatura de la Divisi\u00f3n de Desarrollo Social y Humano (DIDESOH) en el equipo liderado por la Gobernadora Andrea Mac\u00edas Palma.<\/div>\n<p dir=\"ltr\" style=\"text-align: justify;\">Cantero se desempe\u00f1aba hasta el pasado viernes como Secretaria Regional Ministerial de Transportes y Telecomunicaciones y llega en reemplazo de la abogada Vania C\u00e1ceres Medina, a quien la Gobernadora Regional agradeci\u00f3 su labor durante el tiempo que ocup\u00f3 el cargo, destacando lo hecho con el 8% del Fondo Nacional de Desarrollo Regional (FNDR), donde se cumplieron satisfactoriamente los desaf\u00edos de democratizar el proceso, llegar a m\u00e1s organizaciones y lograr que el concurso pueda resolverse durante el primer semestre de cada a\u00f1o.<\/p>\n<p dir=\"ltr\" style=\"text-align: justify;\">La Gobernadora Andrea Mac\u00edas, valor\u00f3 el aporte que la exseremi y militante de Revoluci\u00f3n Democr\u00e1tica hizo en el gabinete del Delegado Presidencial Regional Rodrigo Araya, asegurando que sus aptitudes profesionales y pol\u00edticas llegan ahora a fortalecer al GORE.<\/p>\n<p dir=\"ltr\" style=\"text-align: justify;\">\u00abRecibimos con mucho afecto a la nueva jefa de la Divisi\u00f3n de Desarrollo Social y Humano, Claudia Cantero Delgado, quien cuenta con experiencia en distintos \u00e1mbitos de desarrollo y quien va a tener que enfrentar grandes desaf\u00edos (&#8230;) creemos que Claudia es la persona indicada para poder liderar este trabajo, le deseamos el mayor de los \u00e9xitos y sabemos adem\u00e1s que el compromiso que existe de parte de los funcionarios y funcionarias de la Divisi\u00f3n de Desarrollo Social y Humano, es aquel que va a sustentar el trabajo que se realice desde su jefatura\u00bb, recalc\u00f3 la Gobernadora de la Regi\u00f3n de Ays\u00e9n.<\/p>\n<p dir=\"ltr\" style=\"text-align: justify;\">Por su parte, la propia Claudia Cantero agradeci\u00f3 la confianza depositada por la primera autoridad regional.<\/p>\n<p dir=\"ltr\" style=\"text-align: justify;\">\u00abMuy agradecida de este espacio, de poder liderar la Divisi\u00f3n de Desarrollo Social y Humano del Gobierno Regional de Ays\u00e9n. Tenemos un tremendo desaf\u00edo en relaci\u00f3n a fortalecer esta divisi\u00f3n, trabajar con las comunidades, trabajar con las organizaciones sociales, fortalecer el tejido social de la Regi\u00f3n de Ays\u00e9n tambi\u00e9n. As\u00ed es que asumo este desaf\u00edo con todas las ganas, el \u00e1nimo, y vamos a estar trabajando fuertemente para mejorar las condiciones de vida y bienestar de todas las personas en la regi\u00f3n\u00bb, se\u00f1al\u00f3 la nueva jefa de la DIDESOH.<\/p>\n<\/div><\/section><\/div><div  style='height:50px' class='hr hr-invisible   avia-builder-el-6  el_after_av_one_full  el_before_av_social_share '><span class='hr-inner ' ><span class='hr-inner-style'><\/span><\/span><\/div><\/p>\n<div  class='av-social-sharing-box  avia-builder-el-7  el_after_av_hr  el_before_av_hr  '><div class='av-share-box'><h5 class='av-share-link-description av-no-toc '>Compartir esta noticia<\/h5><ul class='av-share-box-list noLightbox'><li class='av-share-link av-social-link-facebook' ><a target=\"_blank\" aria-label=\"Compartir en Facebook\" href='https:\/\/www.facebook.com\/sharer.php?u=https:\/\/radiorevelacionfm.cl\/?p=33459&#038;t=Exseremi%20Claudia%20Cantero%20asume%20jefatura%20de%20la%20Divisi%C3%B3n%20de%20Desarrollo%20Social%20y%20Humano%20del%20Gobierno%20Regional' aria-hidden='false' data-av_icon='\ue8f3' data-av_iconfont='entypo-fontello' title='' data-avia-related-tooltip='Compartir en Facebook' rel=\"noopener\"><span class='avia_hidden_link_text'>Compartir en Facebook<\/span><\/a><\/li><li class='av-share-link av-social-link-twitter' ><a target=\"_blank\" aria-label=\"Compartir en Twitter\" href='https:\/\/twitter.com\/share?text=Exseremi%20Claudia%20Cantero%20asume%20jefatura%20de%20la%20Divisi%C3%B3n%20de%20Desarrollo%20Social%20y%20Humano%20del%20Gobierno%20Regional&#038;url=https:\/\/radiorevelacionfm.cl\/?p=33459' aria-hidden='false' data-av_icon='\ue8f1' data-av_iconfont='entypo-fontello' title='' data-avia-related-tooltip='Compartir en Twitter' rel=\"noopener\"><span class='avia_hidden_link_text'>Compartir en Twitter<\/span><\/a><\/li><li class='av-share-link av-social-link-whatsapp' ><a target=\"_blank\" aria-label=\"Compartir en Whatsapp\" href='https:\/\/api.whatsapp.com\/send?text=https:\/\/radiorevelacionfm.cl\/?p=33459' aria-hidden='false' data-av_icon='\uf232' data-av_iconfont='entypo-fontello' title='' data-avia-related-tooltip='Compartir en Whatsapp' rel=\"noopener\"><span class='avia_hidden_link_text'>Compartir en Whatsapp<\/span><\/a><\/li><li class='av-share-link av-social-link-linkedin' ><a target=\"_blank\" aria-label=\"Compartir en LinkedIn\" href='https:\/\/linkedin.com\/shareArticle?mini=true&#038;title=Exseremi%20Claudia%20Cantero%20asume%20jefatura%20de%20la%20Divisi%C3%B3n%20de%20Desarrollo%20Social%20y%20Humano%20del%20Gobierno%20Regional&#038;url=https:\/\/radiorevelacionfm.cl\/?p=33459' aria-hidden='false' data-av_icon='\ue8fc' data-av_iconfont='entypo-fontello' title='' data-avia-related-tooltip='Compartir en LinkedIn' rel=\"noopener\"><span class='avia_hidden_link_text'>Compartir en LinkedIn<\/span><\/a><\/li><li class='av-share-link av-social-link-mail' ><a  aria-label=\"Compartir por correo\" href='mailto:?subject=Exseremi%20Claudia%20Cantero%20asume%20jefatura%20de%20la%20Divisi%C3%B3n%20de%20Desarrollo%20Social%20y%20Humano%20del%20Gobierno%20Regional&#038;body=https:\/\/radiorevelacionfm.cl\/?p=33459' aria-hidden='false' data-av_icon='\ue805' data-av_iconfont='entypo-fontello' title='' data-avia-related-tooltip='Compartir por correo'><span class='avia_hidden_link_text'>Compartir por correo<\/span><\/a><\/li><\/ul><\/div><\/div>\n<div  style='height:50px' class='hr hr-invisible   avia-builder-el-8  el_after_av_social_share  el_before_av_comments_list '><span class='hr-inner ' ><span class='hr-inner-style'><\/span><\/span><\/div>\n<div  class='av-buildercomment  av-blog-meta-html-info-disabled av-blog-meta-tag-disabled  '><\/div>\n","protected":false},"excerpt":{"rendered":"","protected":false},"author":1,"featured_media":33460,"comment_status":"open","ping_status":"open","sticky":false,"template":"","format":"standard","meta":{"footnotes":""},"categories":[38],"tags":[],"class_list":["post-33459","post","type-post","status-publish","format-standard","has-post-thumbnail","hentry","category-regional"],"jetpack_featured_media_url":"https:\/\/radiorevelacionfm.cl\/wp-content\/uploads\/2023\/08\/Claudia-3-1-1.jpeg","_links":{"self":[{"href":"https:\/\/radiorevelacionfm.cl\/index.php?rest_route=\/wp\/v2\/posts\/33459","targetHints":{"allow":["GET"]}}],"collection":[{"href":"https:\/\/radiorevelacionfm.cl\/index.php?rest_route=\/wp\/v2\/posts"}],"about":[{"href":"https:\/\/radiorevelacionfm.cl\/index.php?rest_route=\/wp\/v2\/types\/post"}],"author":[{"embeddable":true,"href":"https:\/\/radiorevelacionfm.cl\/index.php?rest_route=\/wp\/v2\/users\/1"}],"replies":[{"embeddable":true,"href":"https:\/\/radiorevelacionfm.cl\/index.php?rest_route=%2Fwp%2Fv2%2Fcomments&post=33459"}],"version-history":[{"count":1,"href":"https:\/\/radiorevelacionfm.cl\/index.php?rest_route=\/wp\/v2\/posts\/33459\/revisions"}],"predecessor-version":[{"id":33461,"href":"https:\/\/radiorevelacionfm.cl\/index.php?rest_route=\/wp\/v2\/posts\/33459\/revisions\/33461"}],"wp:featuredmedia":[{"embeddable":true,"href":"https:\/\/radiorevelacionfm.cl\/index.php?rest_route=\/wp\/v2\/media\/33460"}],"wp:attachment":[{"href":"https:\/\/radiorevelacionfm.cl\/index.php?rest_route=%2Fwp%2Fv2%2Fmedia&parent=33459"}],"wp:term":[{"taxonomy":"category","embeddable":true,"href":"https:\/\/radiorevelacionfm.cl\/index.php?rest_route=%2Fwp%2Fv2%2Fcategories&post=33459"},{"taxonomy":"post_tag","embeddable":true,"href":"https:\/\/radiorevelacionfm.cl\/index.php?rest_route=%2Fwp%2Fv2%2Ftags&post=33459"}],"curies":[{"name":"wp","href":"https:\/\/api.w.org\/{rel}","templated":true}]}}