{"id":33456,"date":"2023-07-31T22:25:28","date_gmt":"2023-08-01T01:25:28","guid":{"rendered":"https:\/\/radiorevelacionfm.cl\/?p=33456"},"modified":"2023-07-31T22:25:28","modified_gmt":"2023-08-01T01:25:28","slug":"novena-version-de-la-ruta-del-huemul-invernal-una-aventura-que-deleito-a-sus-participantes","status":"publish","type":"post","link":"https:\/\/radiorevelacionfm.cl\/?p=33456","title":{"rendered":"Novena versi\u00f3n de la Ruta del Huemul Invernal una aventura que deleit\u00f3 a sus participantes"},"content":{"rendered":"<div class=\"flex_column av_one_full  flex_column_div av-zero-column-padding first  avia-builder-el-0  el_before_av_one_full  avia-builder-el-first  \" style='border-radius:0px; '><div  class='avia-image-container  av-styling-    avia-builder-el-1  avia-builder-el-no-sibling  avia-align-center '  itemprop=\"image\" itemscope=\"itemscope\" itemtype=\"https:\/\/schema.org\/ImageObject\"  ><div class='avia-image-container-inner'><div class='avia-image-overlay-wrap'><img decoding=\"async\" class='wp-image-33457 avia-img-lazy-loading-not-33457 avia_image' src=\"https:\/\/radiorevelacionfm.cl\/wp-content\/uploads\/2023\/07\/Ruta-del-Huemul-2023-1-1.jpg\" alt='' title='Ruta del Huemul 2023 (1) (1)' height=\"636\" width=\"960\"  itemprop=\"thumbnailUrl\" srcset=\"https:\/\/radiorevelacionfm.cl\/wp-content\/uploads\/2023\/07\/Ruta-del-Huemul-2023-1-1.jpg 960w, https:\/\/radiorevelacionfm.cl\/wp-content\/uploads\/2023\/07\/Ruta-del-Huemul-2023-1-1-300x199.jpg 300w, https:\/\/radiorevelacionfm.cl\/wp-content\/uploads\/2023\/07\/Ruta-del-Huemul-2023-1-1-768x509.jpg 768w, https:\/\/radiorevelacionfm.cl\/wp-content\/uploads\/2023\/07\/Ruta-del-Huemul-2023-1-1-705x467.jpg 705w, https:\/\/radiorevelacionfm.cl\/wp-content\/uploads\/2023\/07\/Ruta-del-Huemul-2023-1-1-450x298.jpg 450w, https:\/\/radiorevelacionfm.cl\/wp-content\/uploads\/2023\/07\/Ruta-del-Huemul-2023-1-1-600x398.jpg 600w\" sizes=\"(max-width: 960px) 100vw, 960px\" \/><\/div><\/div><\/div><\/div><div class=\"flex_column av_one_full  flex_column_div av-zero-column-padding first  avia-builder-el-2  el_after_av_one_full  el_before_av_one_full  column-top-margin\" style='border-radius:0px; '><section class=\"av_textblock_section \"  itemscope=\"itemscope\" itemtype=\"https:\/\/schema.org\/BlogPosting\" itemprop=\"blogPost\" ><div class='avia_textblock  '   itemprop=\"text\" ><p style=\"text-align: center;\"><strong><span style=\"font-size: 18pt;\">Novena versi\u00f3n de la Ruta del Huemul Invernal una aventura que deleit\u00f3 a sus participantes<\/span><\/strong><\/p>\n<div id=\"gtx-trans\" style=\"position: absolute; left: -50px; top: 4.31534px;\">\n<div class=\"gtx-trans-icon\"><\/div>\n<\/div>\n<\/div><\/section><\/div><div class=\"flex_column av_one_full  flex_column_div av-zero-column-padding first  avia-builder-el-4  el_after_av_one_full  el_before_av_hr  column-top-margin\" style='border-radius:0px; '><section class=\"av_textblock_section \"  itemscope=\"itemscope\" itemtype=\"https:\/\/schema.org\/BlogPosting\" itemprop=\"blogPost\" ><div class='avia_textblock  '   itemprop=\"text\" ><p style=\"text-align: justify;\">En medio de desafiantes condiciones clim\u00e1ticas se llev\u00f3 a cabo la novena versi\u00f3n de la tradicional Ruta del Huemul Invernal en los bellos e imponentes paisajes del Parque Nacional Patagonia, en la comuna de Cochrane. Pese al cambio de fecha debido a las condiciones meteorol\u00f3gicas que afectaron a la Tierra del Baker el pasado fin de semana, medio centenar de aventureros se reunieron para enfrentar uno de los desaf\u00edos m\u00e1s duros del invierno al sur del mundo.<\/p>\n<p style=\"text-align: justify;\">La actividad, originalmente planeada con la traves\u00eda Chacabuco-Tamango, sufri\u00f3 una modificaci\u00f3n por el mal estado de los senderos, siendo reemplazada por el trayecto denominado \u00abLagunas Altas\u00bb, con 20 kil\u00f3metros de extensi\u00f3n.<\/p>\n<p style=\"text-align: justify;\">La aventura comenz\u00f3 a primera hora, cuando la luz del d\u00eda a\u00fan no iluminaba los paisajes del Parque Nacional Patagonia. Ah\u00ed, los participantes se enfrentaron a una inh\u00f3spita lluvia, la cual m\u00e1s adelante se convirti\u00f3 en una fuerte nevada a medida que ascend\u00edan por los senderos del cerro Tamango, a\u00f1adiendo una dosis extra de adrenalina y emoci\u00f3n a la caminata.<\/p>\n<p style=\"text-align: justify;\">Los viajeros continuaron su traves\u00eda rumbo a la cima del macizo utilizando raquetas de nieve para su seguridad. Fue en ese momento donde el clima cambi\u00f3 y el manto blanco fue dando paso a un intenso sol que permiti\u00f3 contemplar con mayor plenitud los paisajes de este sector, ayudando a que los caminantes alcanzaran la cima al mediod\u00eda, donde tuvieron la suerte de apreciar el vuelo de un c\u00f3ndor, animal insigne de la Patagonia chilena.<\/p>\n<p style=\"text-align: justify;\">Tras alcanzar este hito, el grupo de excursionistas inici\u00f3 el descenso en medio de potentes vistas cubiertas de nieve, completando el desaf\u00edo cerca de las 18 horas.<\/p>\n<p style=\"text-align: justify;\">El alcalde de Cochrane, Jorge Calder\u00f3n N\u00fa\u00f1ez, destac\u00f3 que se logr\u00f3 realizar \u00abcon \u00e9xito una nueva versi\u00f3n de la Ruta del Huemul Invernal, tenemos un d\u00eda maravilloso que nos ha permitido disfrutar de uno de los paisajes m\u00e1s hermosos que tenemos probablemente en nuestra Patagonia\u00bb.<\/p>\n<p style=\"text-align: justify;\">\u00abEsta versi\u00f3n de la Ruta del Huemul nos ha permitido de manera muy segura poder desarrollar una caminata de 20 kil\u00f3metros, donde han podido disfrutar los habitantes de nuestra comuna, pero tambi\u00e9n personas que nos han visitado, entendiendo y comprendiendo las distintas actividades invernales que estamos desarrollando en Cochrane\u00bb, agreg\u00f3 el edil.<\/p>\n<p style=\"text-align: justify;\">\u00abEstamos muy felices y contentos porque estas son actividades emblem\u00e1ticas que se han ido posicionando en la Regi\u00f3n de Ays\u00e9n y que nos permiten se\u00f1alar con mucha fuerza y firmeza que Cochrane tiene las condiciones totales para ser la capital del\u00a0<i>trekking<\/i>\u00a0y la capital invernal de nuestra regi\u00f3n de Ays\u00e9n\u00bb, concluy\u00f3 el jefe comunal de Cochrane.<\/p>\n<p style=\"text-align: justify;\">La organizaci\u00f3n de la Ruta del Huemul Invernal fue posible gracias a la colaboraci\u00f3n y el compromiso de la Agrupaci\u00f3n de Gu\u00edas de la comuna, Conaf, Balloon Latam, Rewilding Chile y miembros del Ej\u00e9rcito de Chile, quienes estuvieron presentes durante todo el trayecto, brindando apoyo y acompa\u00f1amiento a los excursionistas.<\/p>\n<p style=\"text-align: justify;\">Luego de regresar a la ciudad, los exploradores fueron recibidos en el Mercado Municipal con un gran banquete de comida, con el fin de reponer las energ\u00edas gastadas en la agotadora jornada.<\/p>\n<p style=\"text-align: justify;\">Este s\u00e1bado 5 de agosto se realizar\u00e1 el \u00abAscenso al Cord\u00f3n Esmeralda 2023\u00bb, evento que no tiene l\u00edmites de cupos y que invita a todos los habitantes de la Regi\u00f3n de Ays\u00e9n a realizar una aventura llena de adrenalina en uno de los lugares m\u00e1s ind\u00f3mitos de la Patagonia Chilena.<\/p>\n<\/div><\/section><\/div><div  style='height:50px' class='hr hr-invisible   avia-builder-el-6  el_after_av_one_full  el_before_av_social_share '><span class='hr-inner ' ><span class='hr-inner-style'><\/span><\/span><\/div><\/p>\n<div  class='av-social-sharing-box  avia-builder-el-7  el_after_av_hr  el_before_av_hr  '><div class='av-share-box'><h5 class='av-share-link-description av-no-toc '>Compartir esta noticia<\/h5><ul class='av-share-box-list noLightbox'><li class='av-share-link av-social-link-facebook' ><a target=\"_blank\" aria-label=\"Compartir en Facebook\" href='https:\/\/www.facebook.com\/sharer.php?u=https:\/\/radiorevelacionfm.cl\/?p=33456&#038;t=Novena%20versi%C3%B3n%20de%20la%20Ruta%20del%20Huemul%20Invernal%20una%20aventura%20que%20deleit%C3%B3%20a%20sus%20participantes' aria-hidden='false' data-av_icon='\ue8f3' data-av_iconfont='entypo-fontello' title='' data-avia-related-tooltip='Compartir en Facebook' rel=\"noopener\"><span class='avia_hidden_link_text'>Compartir en Facebook<\/span><\/a><\/li><li class='av-share-link av-social-link-twitter' ><a target=\"_blank\" aria-label=\"Compartir en Twitter\" href='https:\/\/twitter.com\/share?text=Novena%20versi%C3%B3n%20de%20la%20Ruta%20del%20Huemul%20Invernal%20una%20aventura%20que%20deleit%C3%B3%20a%20sus%20participantes&#038;url=https:\/\/radiorevelacionfm.cl\/?p=33456' aria-hidden='false' data-av_icon='\ue8f1' data-av_iconfont='entypo-fontello' title='' data-avia-related-tooltip='Compartir en Twitter' rel=\"noopener\"><span class='avia_hidden_link_text'>Compartir en Twitter<\/span><\/a><\/li><li class='av-share-link av-social-link-whatsapp' ><a target=\"_blank\" aria-label=\"Compartir en Whatsapp\" href='https:\/\/api.whatsapp.com\/send?text=https:\/\/radiorevelacionfm.cl\/?p=33456' aria-hidden='false' data-av_icon='\uf232' data-av_iconfont='entypo-fontello' title='' data-avia-related-tooltip='Compartir en Whatsapp' rel=\"noopener\"><span class='avia_hidden_link_text'>Compartir en Whatsapp<\/span><\/a><\/li><li class='av-share-link av-social-link-linkedin' ><a target=\"_blank\" aria-label=\"Compartir en LinkedIn\" href='https:\/\/linkedin.com\/shareArticle?mini=true&#038;title=Novena%20versi%C3%B3n%20de%20la%20Ruta%20del%20Huemul%20Invernal%20una%20aventura%20que%20deleit%C3%B3%20a%20sus%20participantes&#038;url=https:\/\/radiorevelacionfm.cl\/?p=33456' aria-hidden='false' data-av_icon='\ue8fc' data-av_iconfont='entypo-fontello' title='' data-avia-related-tooltip='Compartir en LinkedIn' rel=\"noopener\"><span class='avia_hidden_link_text'>Compartir en LinkedIn<\/span><\/a><\/li><li class='av-share-link av-social-link-mail' ><a  aria-label=\"Compartir por correo\" href='mailto:?subject=Novena%20versi%C3%B3n%20de%20la%20Ruta%20del%20Huemul%20Invernal%20una%20aventura%20que%20deleit%C3%B3%20a%20sus%20participantes&#038;body=https:\/\/radiorevelacionfm.cl\/?p=33456' aria-hidden='false' data-av_icon='\ue805' data-av_iconfont='entypo-fontello' title='' data-avia-related-tooltip='Compartir por correo'><span class='avia_hidden_link_text'>Compartir por correo<\/span><\/a><\/li><\/ul><\/div><\/div>\n<div  style='height:50px' class='hr hr-invisible   avia-builder-el-8  el_after_av_social_share  el_before_av_comments_list '><span class='hr-inner ' ><span class='hr-inner-style'><\/span><\/span><\/div>\n<div  class='av-buildercomment  av-blog-meta-html-info-disabled av-blog-meta-tag-disabled  '><\/div>\n","protected":false},"excerpt":{"rendered":"","protected":false},"author":1,"featured_media":33457,"comment_status":"open","ping_status":"open","sticky":false,"template":"","format":"standard","meta":{"footnotes":""},"categories":[38],"tags":[],"class_list":["post-33456","post","type-post","status-publish","format-standard","has-post-thumbnail","hentry","category-regional"],"jetpack_featured_media_url":"https:\/\/radiorevelacionfm.cl\/wp-content\/uploads\/2023\/07\/Ruta-del-Huemul-2023-1-1.jpg","_links":{"self":[{"href":"https:\/\/radiorevelacionfm.cl\/index.php?rest_route=\/wp\/v2\/posts\/33456","targetHints":{"allow":["GET"]}}],"collection":[{"href":"https:\/\/radiorevelacionfm.cl\/index.php?rest_route=\/wp\/v2\/posts"}],"about":[{"href":"https:\/\/radiorevelacionfm.cl\/index.php?rest_route=\/wp\/v2\/types\/post"}],"author":[{"embeddable":true,"href":"https:\/\/radiorevelacionfm.cl\/index.php?rest_route=\/wp\/v2\/users\/1"}],"replies":[{"embeddable":true,"href":"https:\/\/radiorevelacionfm.cl\/index.php?rest_route=%2Fwp%2Fv2%2Fcomments&post=33456"}],"version-history":[{"count":1,"href":"https:\/\/radiorevelacionfm.cl\/index.php?rest_route=\/wp\/v2\/posts\/33456\/revisions"}],"predecessor-version":[{"id":33458,"href":"https:\/\/radiorevelacionfm.cl\/index.php?rest_route=\/wp\/v2\/posts\/33456\/revisions\/33458"}],"wp:featuredmedia":[{"embeddable":true,"href":"https:\/\/radiorevelacionfm.cl\/index.php?rest_route=\/wp\/v2\/media\/33457"}],"wp:attachment":[{"href":"https:\/\/radiorevelacionfm.cl\/index.php?rest_route=%2Fwp%2Fv2%2Fmedia&parent=33456"}],"wp:term":[{"taxonomy":"category","embeddable":true,"href":"https:\/\/radiorevelacionfm.cl\/index.php?rest_route=%2Fwp%2Fv2%2Fcategories&post=33456"},{"taxonomy":"post_tag","embeddable":true,"href":"https:\/\/radiorevelacionfm.cl\/index.php?rest_route=%2Fwp%2Fv2%2Ftags&post=33456"}],"curies":[{"name":"wp","href":"https:\/\/api.w.org\/{rel}","templated":true}]}}