{"id":33453,"date":"2023-07-31T20:58:40","date_gmt":"2023-07-31T23:58:40","guid":{"rendered":"https:\/\/radiorevelacionfm.cl\/?p=33453"},"modified":"2023-07-31T20:58:40","modified_gmt":"2023-07-31T23:58:40","slug":"continua-busqueda-de-vecino-desaparecido-en-cercanias-de-villa-manihuales","status":"publish","type":"post","link":"https:\/\/radiorevelacionfm.cl\/?p=33453","title":{"rendered":"Contin\u00faa b\u00fasqueda de vecino desaparecido en cercan\u00edas de Villa Ma\u00f1ihuales"},"content":{"rendered":"<div class=\"flex_column av_one_full  flex_column_div av-zero-column-padding first  avia-builder-el-0  el_before_av_one_full  avia-builder-el-first  \" style='border-radius:0px; '><div  class='avia-image-container  av-styling-    avia-builder-el-1  avia-builder-el-no-sibling  avia-align-center '  itemprop=\"image\" itemscope=\"itemscope\" itemtype=\"https:\/\/schema.org\/ImageObject\"  ><div class='avia-image-container-inner'><div class='avia-image-overlay-wrap'><img decoding=\"async\" class='wp-image-33454 avia-img-lazy-loading-not-33454 avia_image' src=\"https:\/\/radiorevelacionfm.cl\/wp-content\/uploads\/2023\/07\/Busqueda-Manihuales-1-1.jpg\" alt='' title='Busqueda Ma\u00f1ihuales (1) (1)' height=\"600\" width=\"820\"  itemprop=\"thumbnailUrl\" srcset=\"https:\/\/radiorevelacionfm.cl\/wp-content\/uploads\/2023\/07\/Busqueda-Manihuales-1-1.jpg 820w, https:\/\/radiorevelacionfm.cl\/wp-content\/uploads\/2023\/07\/Busqueda-Manihuales-1-1-300x220.jpg 300w, https:\/\/radiorevelacionfm.cl\/wp-content\/uploads\/2023\/07\/Busqueda-Manihuales-1-1-768x562.jpg 768w, https:\/\/radiorevelacionfm.cl\/wp-content\/uploads\/2023\/07\/Busqueda-Manihuales-1-1-705x516.jpg 705w, https:\/\/radiorevelacionfm.cl\/wp-content\/uploads\/2023\/07\/Busqueda-Manihuales-1-1-450x329.jpg 450w, https:\/\/radiorevelacionfm.cl\/wp-content\/uploads\/2023\/07\/Busqueda-Manihuales-1-1-600x439.jpg 600w\" sizes=\"(max-width: 820px) 100vw, 820px\" \/><\/div><\/div><\/div><\/div><div class=\"flex_column av_one_full  flex_column_div av-zero-column-padding first  avia-builder-el-2  el_after_av_one_full  el_before_av_one_full  column-top-margin\" style='border-radius:0px; '><section class=\"av_textblock_section \"  itemscope=\"itemscope\" itemtype=\"https:\/\/schema.org\/BlogPosting\" itemprop=\"blogPost\" ><div class='avia_textblock  '   itemprop=\"text\" ><p style=\"text-align: center;\"><strong><span style=\"font-size: 18pt;\">Contin\u00faa b\u00fasqueda de vecino desaparecido en cercan\u00edas de Villa Ma\u00f1ihuales<\/span><\/strong><\/p>\n<div id=\"gtx-trans\" style=\"position: absolute; left: -50px; top: 4.31534px;\">\n<div class=\"gtx-trans-icon\"><\/div>\n<\/div>\n<\/div><\/section><\/div><div class=\"flex_column av_one_full  flex_column_div av-zero-column-padding first  avia-builder-el-4  el_after_av_one_full  el_before_av_hr  column-top-margin\" style='border-radius:0px; '><section class=\"av_textblock_section \"  itemscope=\"itemscope\" itemtype=\"https:\/\/schema.org\/BlogPosting\" itemprop=\"blogPost\" ><div class='avia_textblock  '   itemprop=\"text\" ><p style=\"text-align: justify;\">Intensas labores de b\u00fasqueda est\u00e1n desarrollando efectivos de Carabineros tanto de Villa Ma\u00f1ihuales como del Grupo de Operaciones Especiales GOPE, en conjunto a voluntarios del Cuerpo de Bomberos de Ays\u00e9n del \u00e1rea de rescate subacu\u00e1tica. Esto con la finalidad de ubicar al poblador de la zona, identificado como, Alfonso Arturo Chac\u00f3n Torres.<\/p>\n<p style=\"text-align: justify;\">\u201cSe iniciaron las labores de b\u00fasqueda de una presunta desgracia que fue acogida por el personal de Carabineros en del ret\u00e9n de Villa Ma\u00f1ihuales. El d\u00eda de hoy, este despliegue est\u00e1 siendo apoyado por personal territorial, como a su vez, por la unidad especializada de GOPE, los cuales se han trasladado de Coyhaique hasta Ma\u00f1ihuales para realizar la b\u00fasqueda\u201d, inform\u00f3 el oficial de servicio en la Segunda Comisaria de Carabineros Ays\u00e9n, Subteniente Nicol\u00e1s Novoa.<\/p>\n<p style=\"text-align: justify;\">El Subteniente Novoa, agreg\u00f3 que la persona adulta desaparecida, habr\u00eda salido a caballo en b\u00fasqueda de sus animales, no regresando a su hogar. Es por ello que, sus familiares deciden interponer una denuncia.<\/p>\n<p style=\"text-align: justify;\">\u201cEsta presunta desgracia se habr\u00eda generado a ra\u00edz de un adulto, quien habr\u00eda salido en su caballar en b\u00fasqueda de sus animales, no regresando a su domicilio, motivo por el cual, sus familiares realizan la denuncia correspondiente. El llamado por parte de Carabineros es hacia la comunidad de Villa Ma\u00f1ihuales, Villa Amengual y los alrededores es de que, cualquier informaci\u00f3n que puedan mantener respecto a la ubicaci\u00f3n de esta persona, comunicarla a trav\u00e9s de los medios tecnol\u00f3gicos que existen o acercarse al ret\u00e9n de Malihuales\u201d.<\/p>\n<p style=\"text-align: justify;\">Reiteraron el llamado a quienes puedan tener antecedentes o informaci\u00f3n de Alfonso Arturo Chac\u00f3n Torres, comunicarse con el ret\u00e9n de Carabineros de Villa Ma\u00f1ihuales.<\/p>\n<\/div><\/section><\/div><div  style='height:50px' class='hr hr-invisible   avia-builder-el-6  el_after_av_one_full  el_before_av_social_share '><span class='hr-inner ' ><span class='hr-inner-style'><\/span><\/span><\/div><\/p>\n<div  class='av-social-sharing-box  avia-builder-el-7  el_after_av_hr  el_before_av_hr  '><div class='av-share-box'><h5 class='av-share-link-description av-no-toc '>Compartir esta noticia<\/h5><ul class='av-share-box-list noLightbox'><li class='av-share-link av-social-link-facebook' ><a target=\"_blank\" aria-label=\"Compartir en Facebook\" href='https:\/\/www.facebook.com\/sharer.php?u=https:\/\/radiorevelacionfm.cl\/?p=33453&#038;t=Contin%C3%BAa%20b%C3%BAsqueda%20de%20vecino%20desaparecido%20en%20cercan%C3%ADas%20de%20Villa%20Ma%C3%B1ihuales' aria-hidden='false' data-av_icon='\ue8f3' data-av_iconfont='entypo-fontello' title='' data-avia-related-tooltip='Compartir en Facebook' rel=\"noopener\"><span class='avia_hidden_link_text'>Compartir en Facebook<\/span><\/a><\/li><li class='av-share-link av-social-link-twitter' ><a target=\"_blank\" aria-label=\"Compartir en Twitter\" href='https:\/\/twitter.com\/share?text=Contin%C3%BAa%20b%C3%BAsqueda%20de%20vecino%20desaparecido%20en%20cercan%C3%ADas%20de%20Villa%20Ma%C3%B1ihuales&#038;url=https:\/\/radiorevelacionfm.cl\/?p=33453' aria-hidden='false' data-av_icon='\ue8f1' data-av_iconfont='entypo-fontello' title='' data-avia-related-tooltip='Compartir en Twitter' rel=\"noopener\"><span class='avia_hidden_link_text'>Compartir en Twitter<\/span><\/a><\/li><li class='av-share-link av-social-link-whatsapp' ><a target=\"_blank\" aria-label=\"Compartir en Whatsapp\" href='https:\/\/api.whatsapp.com\/send?text=https:\/\/radiorevelacionfm.cl\/?p=33453' aria-hidden='false' data-av_icon='\uf232' data-av_iconfont='entypo-fontello' title='' data-avia-related-tooltip='Compartir en Whatsapp' rel=\"noopener\"><span class='avia_hidden_link_text'>Compartir en Whatsapp<\/span><\/a><\/li><li class='av-share-link av-social-link-linkedin' ><a target=\"_blank\" aria-label=\"Compartir en LinkedIn\" href='https:\/\/linkedin.com\/shareArticle?mini=true&#038;title=Contin%C3%BAa%20b%C3%BAsqueda%20de%20vecino%20desaparecido%20en%20cercan%C3%ADas%20de%20Villa%20Ma%C3%B1ihuales&#038;url=https:\/\/radiorevelacionfm.cl\/?p=33453' aria-hidden='false' data-av_icon='\ue8fc' data-av_iconfont='entypo-fontello' title='' data-avia-related-tooltip='Compartir en LinkedIn' rel=\"noopener\"><span class='avia_hidden_link_text'>Compartir en LinkedIn<\/span><\/a><\/li><li class='av-share-link av-social-link-mail' ><a  aria-label=\"Compartir por correo\" href='mailto:?subject=Contin%C3%BAa%20b%C3%BAsqueda%20de%20vecino%20desaparecido%20en%20cercan%C3%ADas%20de%20Villa%20Ma%C3%B1ihuales&#038;body=https:\/\/radiorevelacionfm.cl\/?p=33453' aria-hidden='false' data-av_icon='\ue805' data-av_iconfont='entypo-fontello' title='' data-avia-related-tooltip='Compartir por correo'><span class='avia_hidden_link_text'>Compartir por correo<\/span><\/a><\/li><\/ul><\/div><\/div>\n<div  style='height:50px' class='hr hr-invisible   avia-builder-el-8  el_after_av_social_share  el_before_av_comments_list '><span class='hr-inner ' ><span class='hr-inner-style'><\/span><\/span><\/div>\n<div  class='av-buildercomment  av-blog-meta-html-info-disabled av-blog-meta-tag-disabled  '><\/div>\n","protected":false},"excerpt":{"rendered":"","protected":false},"author":1,"featured_media":33454,"comment_status":"open","ping_status":"open","sticky":false,"template":"","format":"standard","meta":{"footnotes":""},"categories":[38],"tags":[],"class_list":["post-33453","post","type-post","status-publish","format-standard","has-post-thumbnail","hentry","category-regional"],"jetpack_featured_media_url":"https:\/\/radiorevelacionfm.cl\/wp-content\/uploads\/2023\/07\/Busqueda-Manihuales-1-1.jpg","_links":{"self":[{"href":"https:\/\/radiorevelacionfm.cl\/index.php?rest_route=\/wp\/v2\/posts\/33453","targetHints":{"allow":["GET"]}}],"collection":[{"href":"https:\/\/radiorevelacionfm.cl\/index.php?rest_route=\/wp\/v2\/posts"}],"about":[{"href":"https:\/\/radiorevelacionfm.cl\/index.php?rest_route=\/wp\/v2\/types\/post"}],"author":[{"embeddable":true,"href":"https:\/\/radiorevelacionfm.cl\/index.php?rest_route=\/wp\/v2\/users\/1"}],"replies":[{"embeddable":true,"href":"https:\/\/radiorevelacionfm.cl\/index.php?rest_route=%2Fwp%2Fv2%2Fcomments&post=33453"}],"version-history":[{"count":1,"href":"https:\/\/radiorevelacionfm.cl\/index.php?rest_route=\/wp\/v2\/posts\/33453\/revisions"}],"predecessor-version":[{"id":33455,"href":"https:\/\/radiorevelacionfm.cl\/index.php?rest_route=\/wp\/v2\/posts\/33453\/revisions\/33455"}],"wp:featuredmedia":[{"embeddable":true,"href":"https:\/\/radiorevelacionfm.cl\/index.php?rest_route=\/wp\/v2\/media\/33454"}],"wp:attachment":[{"href":"https:\/\/radiorevelacionfm.cl\/index.php?rest_route=%2Fwp%2Fv2%2Fmedia&parent=33453"}],"wp:term":[{"taxonomy":"category","embeddable":true,"href":"https:\/\/radiorevelacionfm.cl\/index.php?rest_route=%2Fwp%2Fv2%2Fcategories&post=33453"},{"taxonomy":"post_tag","embeddable":true,"href":"https:\/\/radiorevelacionfm.cl\/index.php?rest_route=%2Fwp%2Fv2%2Ftags&post=33453"}],"curies":[{"name":"wp","href":"https:\/\/api.w.org\/{rel}","templated":true}]}}