{"id":33450,"date":"2023-08-01T13:47:10","date_gmt":"2023-08-01T16:47:10","guid":{"rendered":"https:\/\/radiorevelacionfm.cl\/?p=33450"},"modified":"2023-08-01T13:47:10","modified_gmt":"2023-08-01T16:47:10","slug":"certifican-a-profesionales-del-centro-de-tratamiento-para-mujeres-en-enfoque-de-genero","status":"publish","type":"post","link":"https:\/\/radiorevelacionfm.cl\/?p=33450","title":{"rendered":"Certifican a profesionales del centro de Tratamiento para Mujeres en Enfoque de G\u00e9nero"},"content":{"rendered":"<div class=\"flex_column av_one_full  flex_column_div av-zero-column-padding first  avia-builder-el-0  el_before_av_one_full  avia-builder-el-first  \" style='border-radius:0px; '><div  class='avia-image-container  av-styling-    avia-builder-el-1  avia-builder-el-no-sibling  avia-align-center '  itemprop=\"image\" itemscope=\"itemscope\" itemtype=\"https:\/\/schema.org\/ImageObject\"  ><div class='avia-image-container-inner'><div class='avia-image-overlay-wrap'><img decoding=\"async\" class='wp-image-33451 avia-img-lazy-loading-not-33451 avia_image' src=\"https:\/\/radiorevelacionfm.cl\/wp-content\/uploads\/2023\/07\/1-32-1_optimized-1.jpeg\" alt='' title='1-(32)-(1)_optimized (1)' height=\"600\" width=\"993\"  itemprop=\"thumbnailUrl\" srcset=\"https:\/\/radiorevelacionfm.cl\/wp-content\/uploads\/2023\/07\/1-32-1_optimized-1.jpeg 993w, https:\/\/radiorevelacionfm.cl\/wp-content\/uploads\/2023\/07\/1-32-1_optimized-1-300x181.jpeg 300w, https:\/\/radiorevelacionfm.cl\/wp-content\/uploads\/2023\/07\/1-32-1_optimized-1-768x464.jpeg 768w, https:\/\/radiorevelacionfm.cl\/wp-content\/uploads\/2023\/07\/1-32-1_optimized-1-705x426.jpeg 705w, https:\/\/radiorevelacionfm.cl\/wp-content\/uploads\/2023\/07\/1-32-1_optimized-1-450x272.jpeg 450w, https:\/\/radiorevelacionfm.cl\/wp-content\/uploads\/2023\/07\/1-32-1_optimized-1-600x363.jpeg 600w\" sizes=\"(max-width: 993px) 100vw, 993px\" \/><\/div><\/div><\/div><\/div><div class=\"flex_column av_one_full  flex_column_div av-zero-column-padding first  avia-builder-el-2  el_after_av_one_full  el_before_av_one_full  column-top-margin\" style='border-radius:0px; '><section class=\"av_textblock_section \"  itemscope=\"itemscope\" itemtype=\"https:\/\/schema.org\/BlogPosting\" itemprop=\"blogPost\" ><div class='avia_textblock  '   itemprop=\"text\" ><p style=\"text-align: center;\"><strong><span style=\"font-size: 18pt;\">Certifican a profesionales del centro de Tratamiento para Mujeres en Enfoque de G\u00e9nero<\/span><\/strong><\/p>\n<div id=\"gtx-trans\" style=\"position: absolute; left: -50px; top: 4.31534px;\">\n<div class=\"gtx-trans-icon\"><\/div>\n<\/div>\n<\/div><\/section><\/div><div class=\"flex_column av_one_full  flex_column_div av-zero-column-padding first  avia-builder-el-4  el_after_av_one_full  el_before_av_hr  column-top-margin\" style='border-radius:0px; '><section class=\"av_textblock_section \"  itemscope=\"itemscope\" itemtype=\"https:\/\/schema.org\/BlogPosting\" itemprop=\"blogPost\" ><div class='avia_textblock  '   itemprop=\"text\" ><p style=\"text-align: justify;\">La ceremonia estuvo encabezada por la Seremi de la Mujer y Equidad de G\u00e9nero Andrea M\u00e9ndez, el Director del COSAM Pedro Godoy y el Director Regional (s) de Senda Regi\u00f3n de Ays\u00e9n Carlos Jara Neguel.<\/p>\n<p style=\"text-align: justify;\">A m\u00e1s de 12 funcionarias del centro de tratamiento para mujeres, en la comuna de Coyhaique, se entreg\u00f3 su certificaci\u00f3n, tras participar en la capaci\u00f3n realizada por la Seremi Regional de la Mujer y Equidad de G\u00e9nero y profesional de SernamEG Ays\u00e9n.<\/p>\n<p style=\"text-align: justify;\">Esta actividad que comenz\u00f3 por iniciativa de las funcionaras, a objeto de tener un mejor y mayor involucramiento en el trabajo con las mujeres que ingresan a tratamiento, para as\u00ed potenciar y favorecer el involucramiento de esta perspectiva en los procesos terap\u00e9uticos.<\/p>\n<p style=\"text-align: justify;\">La Seremi de la Mujer y Equidad de G\u00e9nero de la Regi\u00f3n de Ays\u00e9n, Andrea M\u00e9ndez se\u00f1al\u00f3; \u201cUna de las funciones fundamentales del ministerio de la Mujer y la Equidad de G\u00e9nero, tanto a nivel Nacional, como Regional, tienen que ver con la transversalizaci\u00f3n del enfoque de g\u00e9nero, esto dice relaci\u00f3n con entregar de herramientas, tanto a los servicios p\u00fablicos como privados tendientes a observar problem\u00e1ticas de g\u00e9nero que habitan en el servicio que brindan a la comunidad. En ese sentido, nosotras valoramos y reconocemos la intencionalidad de las funcionarias de SENDA Ays\u00e9n por incorporar dicha perspectiva con las usuarias que ellas atienden. Ellas estuvieron dispuestas a participar de las jornadas de capacitaci\u00f3n de distintas materias, asociadas a la incorporaci\u00f3n de la perspectiva de g\u00e9nero en la gesti\u00f3n p\u00fablica, masculinidades y la violencia de g\u00e9nero, esperamos que con estas instancias ellas puedan robustecer el trabajo que ofrecen particularmente hacia la comunidad\u201d.<\/p>\n<p style=\"text-align: justify;\">Cabe se\u00f1alar que estas sesiones de capacitaci\u00f3n, contaron con tres materias y\/o componentes; Evoluci\u00f3n Hist\u00f3rica de la Categor\u00eda de G\u00e9nero, Masculinidad como Constructo Sociocultural y Violencia Contra las Mujeres, los cuales permitieron entregar informaci\u00f3n a las funcionarias para el trabajo, desarrollo personal y compromiso con la promoci\u00f3n y defensa de las mujeres de la regi\u00f3n.<\/p>\n<p style=\"text-align: justify;\">Por su parte la coordinadora del centro de tratamiento para mujeres, Francia Gui\u00f1ez, indic\u00f3 lo siguiente: \u201cEstamos s\u00faper conformes, el equipo, porque es algo que vamos a poder poner en pr\u00e1ctica, tanto a nivel de la atenci\u00f3n que se les entrega a nuestras usuarias, pero tambi\u00e9n en nuestra vida diaria con nuestras, familias, amigos, con nuestras vecinas, con nuestros colegas, etc\u201d.<\/p>\n<p style=\"text-align: justify;\">Mientras que el Director Regional (s), Carlos Jara coment\u00f3: \u201cagradecemos el compromiso de la Seremi de la Mujer y Equidad de G\u00e9nero para compartir su conocimiento y experiencia con nuestras colegas del Centro de Tratamiento, sin duda, esta instancia apunta a mejorar la calidad de las intervenciones, as\u00ed como tambi\u00e9n el trabajo intersectorial que se necesita\u201d.<\/p>\n<p style=\"text-align: justify;\">Esta capacitaci\u00f3n se llev\u00f3 a cabo durante el mes de Junio y se desarroll\u00f3 en tres jornadas de trabajo intenso, terminando con la ceremonia de cierre de las capacitaciones el d\u00eda jueves 27 de Julio.<\/p>\n<\/div><\/section><\/div><div  style='height:50px' class='hr hr-invisible   avia-builder-el-6  el_after_av_one_full  el_before_av_social_share '><span class='hr-inner ' ><span class='hr-inner-style'><\/span><\/span><\/div><\/p>\n<div  class='av-social-sharing-box  avia-builder-el-7  el_after_av_hr  el_before_av_hr  '><div class='av-share-box'><h5 class='av-share-link-description av-no-toc '>Compartir esta noticia<\/h5><ul class='av-share-box-list noLightbox'><li class='av-share-link av-social-link-facebook' ><a target=\"_blank\" aria-label=\"Compartir en Facebook\" href='https:\/\/www.facebook.com\/sharer.php?u=https:\/\/radiorevelacionfm.cl\/?p=33450&#038;t=Certifican%20a%20profesionales%20del%20centro%20de%20Tratamiento%20para%20Mujeres%20en%20Enfoque%20de%20G%C3%A9nero' aria-hidden='false' data-av_icon='\ue8f3' data-av_iconfont='entypo-fontello' title='' data-avia-related-tooltip='Compartir en Facebook' rel=\"noopener\"><span class='avia_hidden_link_text'>Compartir en Facebook<\/span><\/a><\/li><li class='av-share-link av-social-link-twitter' ><a target=\"_blank\" aria-label=\"Compartir en Twitter\" href='https:\/\/twitter.com\/share?text=Certifican%20a%20profesionales%20del%20centro%20de%20Tratamiento%20para%20Mujeres%20en%20Enfoque%20de%20G%C3%A9nero&#038;url=https:\/\/radiorevelacionfm.cl\/?p=33450' aria-hidden='false' data-av_icon='\ue8f1' data-av_iconfont='entypo-fontello' title='' data-avia-related-tooltip='Compartir en Twitter' rel=\"noopener\"><span class='avia_hidden_link_text'>Compartir en Twitter<\/span><\/a><\/li><li class='av-share-link av-social-link-whatsapp' ><a target=\"_blank\" aria-label=\"Compartir en Whatsapp\" href='https:\/\/api.whatsapp.com\/send?text=https:\/\/radiorevelacionfm.cl\/?p=33450' aria-hidden='false' data-av_icon='\uf232' data-av_iconfont='entypo-fontello' title='' data-avia-related-tooltip='Compartir en Whatsapp' rel=\"noopener\"><span class='avia_hidden_link_text'>Compartir en Whatsapp<\/span><\/a><\/li><li class='av-share-link av-social-link-linkedin' ><a target=\"_blank\" aria-label=\"Compartir en LinkedIn\" href='https:\/\/linkedin.com\/shareArticle?mini=true&#038;title=Certifican%20a%20profesionales%20del%20centro%20de%20Tratamiento%20para%20Mujeres%20en%20Enfoque%20de%20G%C3%A9nero&#038;url=https:\/\/radiorevelacionfm.cl\/?p=33450' aria-hidden='false' data-av_icon='\ue8fc' data-av_iconfont='entypo-fontello' title='' data-avia-related-tooltip='Compartir en LinkedIn' rel=\"noopener\"><span class='avia_hidden_link_text'>Compartir en LinkedIn<\/span><\/a><\/li><li class='av-share-link av-social-link-mail' ><a  aria-label=\"Compartir por correo\" href='mailto:?subject=Certifican%20a%20profesionales%20del%20centro%20de%20Tratamiento%20para%20Mujeres%20en%20Enfoque%20de%20G%C3%A9nero&#038;body=https:\/\/radiorevelacionfm.cl\/?p=33450' aria-hidden='false' data-av_icon='\ue805' data-av_iconfont='entypo-fontello' title='' data-avia-related-tooltip='Compartir por correo'><span class='avia_hidden_link_text'>Compartir por correo<\/span><\/a><\/li><\/ul><\/div><\/div>\n<div  style='height:50px' class='hr hr-invisible   avia-builder-el-8  el_after_av_social_share  el_before_av_comments_list '><span class='hr-inner ' ><span class='hr-inner-style'><\/span><\/span><\/div>\n<div  class='av-buildercomment  av-blog-meta-html-info-disabled av-blog-meta-tag-disabled  '><\/div>\n","protected":false},"excerpt":{"rendered":"","protected":false},"author":1,"featured_media":33451,"comment_status":"open","ping_status":"open","sticky":false,"template":"","format":"standard","meta":{"footnotes":""},"categories":[38],"tags":[],"class_list":["post-33450","post","type-post","status-publish","format-standard","has-post-thumbnail","hentry","category-regional"],"jetpack_featured_media_url":"https:\/\/radiorevelacionfm.cl\/wp-content\/uploads\/2023\/07\/1-32-1_optimized-1.jpeg","_links":{"self":[{"href":"https:\/\/radiorevelacionfm.cl\/index.php?rest_route=\/wp\/v2\/posts\/33450","targetHints":{"allow":["GET"]}}],"collection":[{"href":"https:\/\/radiorevelacionfm.cl\/index.php?rest_route=\/wp\/v2\/posts"}],"about":[{"href":"https:\/\/radiorevelacionfm.cl\/index.php?rest_route=\/wp\/v2\/types\/post"}],"author":[{"embeddable":true,"href":"https:\/\/radiorevelacionfm.cl\/index.php?rest_route=\/wp\/v2\/users\/1"}],"replies":[{"embeddable":true,"href":"https:\/\/radiorevelacionfm.cl\/index.php?rest_route=%2Fwp%2Fv2%2Fcomments&post=33450"}],"version-history":[{"count":1,"href":"https:\/\/radiorevelacionfm.cl\/index.php?rest_route=\/wp\/v2\/posts\/33450\/revisions"}],"predecessor-version":[{"id":33452,"href":"https:\/\/radiorevelacionfm.cl\/index.php?rest_route=\/wp\/v2\/posts\/33450\/revisions\/33452"}],"wp:featuredmedia":[{"embeddable":true,"href":"https:\/\/radiorevelacionfm.cl\/index.php?rest_route=\/wp\/v2\/media\/33451"}],"wp:attachment":[{"href":"https:\/\/radiorevelacionfm.cl\/index.php?rest_route=%2Fwp%2Fv2%2Fmedia&parent=33450"}],"wp:term":[{"taxonomy":"category","embeddable":true,"href":"https:\/\/radiorevelacionfm.cl\/index.php?rest_route=%2Fwp%2Fv2%2Fcategories&post=33450"},{"taxonomy":"post_tag","embeddable":true,"href":"https:\/\/radiorevelacionfm.cl\/index.php?rest_route=%2Fwp%2Fv2%2Ftags&post=33450"}],"curies":[{"name":"wp","href":"https:\/\/api.w.org\/{rel}","templated":true}]}}