{"id":33447,"date":"2023-07-31T19:38:25","date_gmt":"2023-07-31T22:38:25","guid":{"rendered":"https:\/\/radiorevelacionfm.cl\/?p=33447"},"modified":"2023-07-31T19:38:25","modified_gmt":"2023-07-31T22:38:25","slug":"gobierno-toma-medidas-ante-efectos-de-contingencia-climatica-en-aysen","status":"publish","type":"post","link":"https:\/\/radiorevelacionfm.cl\/?p=33447","title":{"rendered":"Gobierno toma medidas ante efectos de contingencia clim\u00e1tica en Ays\u00e9n"},"content":{"rendered":"<div class=\"flex_column av_one_full  flex_column_div av-zero-column-padding first  avia-builder-el-0  el_before_av_one_full  avia-builder-el-first  \" style='border-radius:0px; '><div  class='avia-image-container  av-styling-    avia-builder-el-1  avia-builder-el-no-sibling  avia-align-center '  itemprop=\"image\" itemscope=\"itemscope\" itemtype=\"https:\/\/schema.org\/ImageObject\"  ><div class='avia-image-container-inner'><div class='avia-image-overlay-wrap'><img decoding=\"async\" class='wp-image-33448 avia-img-lazy-loading-not-33448 avia_image' src=\"https:\/\/radiorevelacionfm.cl\/wp-content\/uploads\/2023\/07\/img_9673-1_optimized.jpg\" alt='' title='img_9673-(1)_optimized' height=\"600\" width=\"900\"  itemprop=\"thumbnailUrl\" srcset=\"https:\/\/radiorevelacionfm.cl\/wp-content\/uploads\/2023\/07\/img_9673-1_optimized.jpg 900w, https:\/\/radiorevelacionfm.cl\/wp-content\/uploads\/2023\/07\/img_9673-1_optimized-300x200.jpg 300w, https:\/\/radiorevelacionfm.cl\/wp-content\/uploads\/2023\/07\/img_9673-1_optimized-768x512.jpg 768w, https:\/\/radiorevelacionfm.cl\/wp-content\/uploads\/2023\/07\/img_9673-1_optimized-705x470.jpg 705w, https:\/\/radiorevelacionfm.cl\/wp-content\/uploads\/2023\/07\/img_9673-1_optimized-450x300.jpg 450w, https:\/\/radiorevelacionfm.cl\/wp-content\/uploads\/2023\/07\/img_9673-1_optimized-600x400.jpg 600w\" sizes=\"(max-width: 900px) 100vw, 900px\" \/><\/div><\/div><\/div><\/div><div class=\"flex_column av_one_full  flex_column_div av-zero-column-padding first  avia-builder-el-2  el_after_av_one_full  el_before_av_one_full  column-top-margin\" style='border-radius:0px; '><section class=\"av_textblock_section \"  itemscope=\"itemscope\" itemtype=\"https:\/\/schema.org\/BlogPosting\" itemprop=\"blogPost\" ><div class='avia_textblock  '   itemprop=\"text\" ><p style=\"text-align: center;\"><strong><span style=\"font-size: 18pt;\">Gobierno toma medidas ante efectos de contingencia clim\u00e1tica en Ays\u00e9n<\/span><\/strong><\/p>\n<div id=\"gtx-trans\" style=\"position: absolute; left: -50px; top: 4.31534px;\">\n<div class=\"gtx-trans-icon\"><\/div>\n<\/div>\n<\/div><\/section><\/div><div class=\"flex_column av_one_full  flex_column_div av-zero-column-padding first  avia-builder-el-4  el_after_av_one_full  el_before_av_hr  column-top-margin\" style='border-radius:0px; '><section class=\"av_textblock_section \"  itemscope=\"itemscope\" itemtype=\"https:\/\/schema.org\/BlogPosting\" itemprop=\"blogPost\" ><div class='avia_textblock  '   itemprop=\"text\" ><p style=\"font-weight: 400; text-align: justify;\">El Gobierno se ha desplegado en terreno para enfrentar los efectos de la contingencia clim\u00e1tica en Ays\u00e9n, entre los que se cuentan el socav\u00f3n en la poblaci\u00f3n General Marchant, de Coyhaique y el desborde del r\u00edo en el sector del paso integrado Huemules, en la localidad de Balmaceda.<\/p>\n<p style=\"font-weight: 400; text-align: justify;\">En el caso del socav\u00f3n que se produjo al final de la calle Alfonso Serrano, en la poblaci\u00f3n General Marchant de la capital regional, el delegado regional Rodrigo Araya, tras inspeccionar el lugar, inform\u00f3 que las instituciones p\u00fablicas se han hecho presentes para definir junto a los vecinos los pasos a seguir.<\/p>\n<p style=\"font-weight: 400; text-align: justify;\">Es as\u00ed como en el lugar se ha iniciado una secuencia de an\u00e1lisis y evaluaciones por parte de organismos como el Servicio de Prevenci\u00f3n y Respuesta Ante Desastres (Senapred), el Servicio de Geolog\u00eda y Miner\u00eda (Sernageomin), la Direcci\u00f3n de Obras Hidr\u00e1ulicas del MOP (DOH) y Carabineros, entre otros.<\/p>\n<p style=\"font-weight: 400; text-align: justify;\">La ge\u00f3loga de la oficina t\u00e9cnica de Sernageomin, Constanza Jorquera, explic\u00f3 que \u201cel terreno afectado fue levantado sobre un suelo muy poco compacto o cohesionado, es decir, tenemos sedimento y no roca dura, que con una abundancia de precipitaciones los terrenos seden, particularmente como lo que ocurri\u00f3 ac\u00e1 porque tenemos una pendiente que favorece estos procesos de deslizamiento\u201d<\/p>\n<p style=\"font-weight: 400; text-align: justify;\">Por su parte, H\u00e9ctor D\u00edaz, uno de los vecinos cuya casa queda a pocos metros del lugar afectado, se\u00f1al\u00f3 que \u201cdoy gracias a las autoridades y delegado que est\u00e1n presentes. Gracias a dios ya estoy m\u00e1s tranquilo porque \u00e9l tom\u00f3 cartas en el asunto porque no es menor lo que acaba de pasar y ya se est\u00e1 viendo la preocupaci\u00f3n\u201d.<\/p>\n<p style=\"font-weight: 400; text-align: justify;\">Sobre la situaci\u00f3n global ante el clima que afecta a la regi\u00f3n de Ays\u00e9n, el delegado presidencial dio a conocer que \u201cse han estado realizando coordinaciones preventivas durante varios d\u00edas antes a la llegada del frente clim\u00e1tico, a nivel del Comit\u00e9 de Emergencia Regional con Senapred, donde se activaron los comit\u00e9s de las comunas con sus alcaldes. Este frente afect\u00f3 a todo el territorio regional generando cortes de rutas que fueron abordados r\u00e1pidamente y se adoptaron cortes preventivos, como por ejemplo hacia Bah\u00eda Exploradores y paso Las Llaves\u201d.<\/p>\n<p style=\"font-weight: 400; text-align: justify;\">Por otra parte, en el sector del paso Huemules, en Balmaceda, donde el r\u00edo que marca la frontera pol\u00edtica entre Chile y Argentina se desbord\u00f3, el Gobierno determin\u00f3 la suspensi\u00f3n del tr\u00e1nsito durante la jornada del s\u00e1bado y la del domingo, el cual ya fue restablecido. En esta situaci\u00f3n, la r\u00e1pida respuesta de la Direcci\u00f3n Regional de Vialidad, permiti\u00f3 que los da\u00f1os se repararan en pocas horas.<\/p>\n<p style=\"font-weight: 400; text-align: justify;\">Adicionalmente, durante el mediod\u00eda del lunes el delegado presidencial Rodrigo Araya, acompa\u00f1ado por el jefe de zona de Carabineros, general Patricio Santos, efectu\u00f3 un sobrevuelo en el helic\u00f3ptero de la polic\u00eda uniformada, para continuar monitoreando los puntos cr\u00edticos de seguridad p\u00fablica, durante esta la contingencia clim\u00e1tica.<\/p>\n<p style=\"font-weight: 400; text-align: justify;\">El mismo lunes se inform\u00f3 que en el transcurso de una nueva visita a la poblaci\u00f3n Marchant, encabezada por Senapred y el Seremi de Gobierno (S.), Alan Espinoza, se acord\u00f3 con los vecinos la evacuaci\u00f3n preventiva de las viviendas m\u00e1s expuestas ante la posibilidad de que el terreno siga cediendo.<\/p>\n<p style=\"font-weight: 400; text-align: justify;\">Finalmente, las autoridades y organismos t\u00e9cnicos pidieron precauci\u00f3n a la ciudadan\u00eda y no acercarse al lugar del deslizamiento de terreno, luego que vecinos del sector informaran que la noche del domingo detectaran a personas fotografi\u00e1ndose en la zona del derrumbe.<\/p>\n<\/div><\/section><\/div><div  style='height:50px' class='hr hr-invisible   avia-builder-el-6  el_after_av_one_full  el_before_av_social_share '><span class='hr-inner ' ><span class='hr-inner-style'><\/span><\/span><\/div><\/p>\n<div  class='av-social-sharing-box  avia-builder-el-7  el_after_av_hr  el_before_av_hr  '><div class='av-share-box'><h5 class='av-share-link-description av-no-toc '>Compartir esta noticia<\/h5><ul class='av-share-box-list noLightbox'><li class='av-share-link av-social-link-facebook' ><a target=\"_blank\" aria-label=\"Compartir en Facebook\" href='https:\/\/www.facebook.com\/sharer.php?u=https:\/\/radiorevelacionfm.cl\/?p=33447&#038;t=Gobierno%20toma%20medidas%20ante%20efectos%20de%20contingencia%20clim%C3%A1tica%20en%20Ays%C3%A9n' aria-hidden='false' data-av_icon='\ue8f3' data-av_iconfont='entypo-fontello' title='' data-avia-related-tooltip='Compartir en Facebook' rel=\"noopener\"><span class='avia_hidden_link_text'>Compartir en Facebook<\/span><\/a><\/li><li class='av-share-link av-social-link-twitter' ><a target=\"_blank\" aria-label=\"Compartir en Twitter\" href='https:\/\/twitter.com\/share?text=Gobierno%20toma%20medidas%20ante%20efectos%20de%20contingencia%20clim%C3%A1tica%20en%20Ays%C3%A9n&#038;url=https:\/\/radiorevelacionfm.cl\/?p=33447' aria-hidden='false' data-av_icon='\ue8f1' data-av_iconfont='entypo-fontello' title='' data-avia-related-tooltip='Compartir en Twitter' rel=\"noopener\"><span class='avia_hidden_link_text'>Compartir en Twitter<\/span><\/a><\/li><li class='av-share-link av-social-link-whatsapp' ><a target=\"_blank\" aria-label=\"Compartir en Whatsapp\" href='https:\/\/api.whatsapp.com\/send?text=https:\/\/radiorevelacionfm.cl\/?p=33447' aria-hidden='false' data-av_icon='\uf232' data-av_iconfont='entypo-fontello' title='' data-avia-related-tooltip='Compartir en Whatsapp' rel=\"noopener\"><span class='avia_hidden_link_text'>Compartir en Whatsapp<\/span><\/a><\/li><li class='av-share-link av-social-link-linkedin' ><a target=\"_blank\" aria-label=\"Compartir en LinkedIn\" href='https:\/\/linkedin.com\/shareArticle?mini=true&#038;title=Gobierno%20toma%20medidas%20ante%20efectos%20de%20contingencia%20clim%C3%A1tica%20en%20Ays%C3%A9n&#038;url=https:\/\/radiorevelacionfm.cl\/?p=33447' aria-hidden='false' data-av_icon='\ue8fc' data-av_iconfont='entypo-fontello' title='' data-avia-related-tooltip='Compartir en LinkedIn' rel=\"noopener\"><span class='avia_hidden_link_text'>Compartir en LinkedIn<\/span><\/a><\/li><li class='av-share-link av-social-link-mail' ><a  aria-label=\"Compartir por correo\" href='mailto:?subject=Gobierno%20toma%20medidas%20ante%20efectos%20de%20contingencia%20clim%C3%A1tica%20en%20Ays%C3%A9n&#038;body=https:\/\/radiorevelacionfm.cl\/?p=33447' aria-hidden='false' data-av_icon='\ue805' data-av_iconfont='entypo-fontello' title='' data-avia-related-tooltip='Compartir por correo'><span class='avia_hidden_link_text'>Compartir por correo<\/span><\/a><\/li><\/ul><\/div><\/div>\n<div  style='height:50px' class='hr hr-invisible   avia-builder-el-8  el_after_av_social_share  el_before_av_comments_list '><span class='hr-inner ' ><span class='hr-inner-style'><\/span><\/span><\/div>\n<div  class='av-buildercomment  av-blog-meta-html-info-disabled av-blog-meta-tag-disabled  '><\/div>\n","protected":false},"excerpt":{"rendered":"","protected":false},"author":1,"featured_media":33448,"comment_status":"open","ping_status":"open","sticky":false,"template":"","format":"standard","meta":{"footnotes":""},"categories":[38],"tags":[],"class_list":["post-33447","post","type-post","status-publish","format-standard","has-post-thumbnail","hentry","category-regional"],"jetpack_featured_media_url":"https:\/\/radiorevelacionfm.cl\/wp-content\/uploads\/2023\/07\/img_9673-1_optimized.jpg","_links":{"self":[{"href":"https:\/\/radiorevelacionfm.cl\/index.php?rest_route=\/wp\/v2\/posts\/33447","targetHints":{"allow":["GET"]}}],"collection":[{"href":"https:\/\/radiorevelacionfm.cl\/index.php?rest_route=\/wp\/v2\/posts"}],"about":[{"href":"https:\/\/radiorevelacionfm.cl\/index.php?rest_route=\/wp\/v2\/types\/post"}],"author":[{"embeddable":true,"href":"https:\/\/radiorevelacionfm.cl\/index.php?rest_route=\/wp\/v2\/users\/1"}],"replies":[{"embeddable":true,"href":"https:\/\/radiorevelacionfm.cl\/index.php?rest_route=%2Fwp%2Fv2%2Fcomments&post=33447"}],"version-history":[{"count":1,"href":"https:\/\/radiorevelacionfm.cl\/index.php?rest_route=\/wp\/v2\/posts\/33447\/revisions"}],"predecessor-version":[{"id":33449,"href":"https:\/\/radiorevelacionfm.cl\/index.php?rest_route=\/wp\/v2\/posts\/33447\/revisions\/33449"}],"wp:featuredmedia":[{"embeddable":true,"href":"https:\/\/radiorevelacionfm.cl\/index.php?rest_route=\/wp\/v2\/media\/33448"}],"wp:attachment":[{"href":"https:\/\/radiorevelacionfm.cl\/index.php?rest_route=%2Fwp%2Fv2%2Fmedia&parent=33447"}],"wp:term":[{"taxonomy":"category","embeddable":true,"href":"https:\/\/radiorevelacionfm.cl\/index.php?rest_route=%2Fwp%2Fv2%2Fcategories&post=33447"},{"taxonomy":"post_tag","embeddable":true,"href":"https:\/\/radiorevelacionfm.cl\/index.php?rest_route=%2Fwp%2Fv2%2Ftags&post=33447"}],"curies":[{"name":"wp","href":"https:\/\/api.w.org\/{rel}","templated":true}]}}