{"id":33440,"date":"2023-08-01T21:32:11","date_gmt":"2023-08-02T00:32:11","guid":{"rendered":"https:\/\/radiorevelacionfm.cl\/?p=33440"},"modified":"2023-08-01T21:32:11","modified_gmt":"2023-08-02T00:32:11","slug":"justicia-organiza-charla-sobre-proscripcion-del-abuso-del-derecho","status":"publish","type":"post","link":"https:\/\/radiorevelacionfm.cl\/?p=33440","title":{"rendered":"Justicia organiza charla sobre proscripci\u00f3n del abuso del derecho"},"content":{"rendered":"<div class=\"flex_column av_one_full  flex_column_div av-zero-column-padding first  avia-builder-el-0  el_before_av_one_full  avia-builder-el-first  \" style='border-radius:0px; '><div  class='avia-image-container  av-styling-    avia-builder-el-1  avia-builder-el-no-sibling  avia-align-center '  itemprop=\"image\" itemscope=\"itemscope\" itemtype=\"https:\/\/schema.org\/ImageObject\"  ><div class='avia-image-container-inner'><div class='avia-image-overlay-wrap'><img decoding=\"async\" class='wp-image-33441 avia-img-lazy-loading-not-33441 avia_image' src=\"https:\/\/radiorevelacionfm.cl\/wp-content\/uploads\/2023\/07\/foto-04-2-1_optimized-1.jpg\" alt='' title='foto-04-(2)-(1)_optimized (1)' height=\"600\" width=\"1136\"  itemprop=\"thumbnailUrl\" srcset=\"https:\/\/radiorevelacionfm.cl\/wp-content\/uploads\/2023\/07\/foto-04-2-1_optimized-1.jpg 1136w, https:\/\/radiorevelacionfm.cl\/wp-content\/uploads\/2023\/07\/foto-04-2-1_optimized-1-300x158.jpg 300w, https:\/\/radiorevelacionfm.cl\/wp-content\/uploads\/2023\/07\/foto-04-2-1_optimized-1-1030x544.jpg 1030w, https:\/\/radiorevelacionfm.cl\/wp-content\/uploads\/2023\/07\/foto-04-2-1_optimized-1-768x406.jpg 768w, https:\/\/radiorevelacionfm.cl\/wp-content\/uploads\/2023\/07\/foto-04-2-1_optimized-1-710x375.jpg 710w, https:\/\/radiorevelacionfm.cl\/wp-content\/uploads\/2023\/07\/foto-04-2-1_optimized-1-705x372.jpg 705w, https:\/\/radiorevelacionfm.cl\/wp-content\/uploads\/2023\/07\/foto-04-2-1_optimized-1-450x238.jpg 450w, https:\/\/radiorevelacionfm.cl\/wp-content\/uploads\/2023\/07\/foto-04-2-1_optimized-1-600x317.jpg 600w\" sizes=\"(max-width: 1136px) 100vw, 1136px\" \/><\/div><\/div><\/div><\/div><div class=\"flex_column av_one_full  flex_column_div av-zero-column-padding first  avia-builder-el-2  el_after_av_one_full  el_before_av_one_full  column-top-margin\" style='border-radius:0px; '><section class=\"av_textblock_section \"  itemscope=\"itemscope\" itemtype=\"https:\/\/schema.org\/BlogPosting\" itemprop=\"blogPost\" ><div class='avia_textblock  '   itemprop=\"text\" ><p style=\"text-align: center;\"><strong><span style=\"font-size: 18pt;\">Justicia organiza charla sobre proscripci\u00f3n del abuso del derecho<\/span><\/strong><\/p>\n<div id=\"gtx-trans\" style=\"position: absolute; left: -50px; top: 4.31534px;\">\n<div class=\"gtx-trans-icon\"><\/div>\n<\/div>\n<\/div><\/section><\/div><div class=\"flex_column av_one_full  flex_column_div av-zero-column-padding first  avia-builder-el-4  el_after_av_one_full  el_before_av_hr  column-top-margin\" style='border-radius:0px; '><section class=\"av_textblock_section \"  itemscope=\"itemscope\" itemtype=\"https:\/\/schema.org\/BlogPosting\" itemprop=\"blogPost\" ><div class='avia_textblock  '   itemprop=\"text\" ><p class=\"v1MsoNormal\" style=\"text-align: justify;\">La ministra de la Corte de Apelaciones de Santiago y de la Corte Marcial Romy Rutherford Parentti, realiz\u00f3 el pasado jueves 27 de julio, en Coyhaique, la charla denominada \u00abReconocimiento de la Proscripci\u00f3n del Abuso del Derecho como l\u00edmite al ejercicio del Derecho de Acci\u00f3n en el Ordenamiento Procesal Civil\u00bb. Instancia de extensi\u00f3n organizada por el tribunal de alzada de Ays\u00e9n y la Asociaci\u00f3n Regional de Magistradas y Magistrados.<\/p>\n<p class=\"v1MsoNormal\" style=\"text-align: justify;\">La actividad dirigida a la comunidad jur\u00eddica de la regi\u00f3n, fue encabezada por el presidente de la Corte de Coyhaique, ministro Jos\u00e9 Ignacio Mora y por el presidente de la Asociaci\u00f3n de Magistradas y Magistrados, Juan Patricio Silva.<\/p>\n<p class=\"v1MsoNormal\" style=\"text-align: justify;\">\u00abPara nosotros ha sido de suma importancia la charla impartida por la ministra Rutherford, a quien agradecemos la instancia porque nos ha introducido a\u00fan tema relevante en la actualidad y por sobre todo para el futuro, como es la proscripci\u00f3n del abuso del derecho en materia procesal. La expositora logr\u00f3 transmitir en forma elocuente la relaci\u00f3n entre derecho y justicia dentro del marco del debido proceso, lo que despert\u00f3 el inter\u00e9s en nuestra comunidad jur\u00eddica que se evidenci\u00f3 con una alta concurrencia de jueces, secretarios y abogados de la jurisdicci\u00f3n, y con las numerosas intervenciones jur\u00eddicas de los asistentes que enriqueci\u00f3 la charla convocada por esta Corte de Apelaciones y la Asociaci\u00f3n Regional de Magistradas y Magistrados\u00bb, sostuvo el ministro Jos\u00e9 Ignacio Mora.<\/p>\n<p class=\"v1MsoNormal\" style=\"text-align: justify;\">Por su parte, la ministra Romy Rutherford, junto con agradecer la invitaci\u00f3n indic\u00f3 que: \u00abesto nos permite poner de relieve problemas procesales contingentes y evidenciar que la proscripci\u00f3n del abuso del derecho se presenta como un instrumento que permite prevenir y sancionar conductas que contravienen la finalidad del proceso . Nos hace recordar que el derecho y la justicia deben ir de la mano\u00bb.<\/p>\n<\/div><\/section><\/div><div  style='height:50px' class='hr hr-invisible   avia-builder-el-6  el_after_av_one_full  el_before_av_social_share '><span class='hr-inner ' ><span class='hr-inner-style'><\/span><\/span><\/div><\/p>\n<div  class='av-social-sharing-box  avia-builder-el-7  el_after_av_hr  el_before_av_hr  '><div class='av-share-box'><h5 class='av-share-link-description av-no-toc '>Compartir esta noticia<\/h5><ul class='av-share-box-list noLightbox'><li class='av-share-link av-social-link-facebook' ><a target=\"_blank\" aria-label=\"Compartir en Facebook\" href='https:\/\/www.facebook.com\/sharer.php?u=https:\/\/radiorevelacionfm.cl\/?p=33440&#038;t=Justicia%20organiza%20charla%20sobre%20proscripci%C3%B3n%20del%20abuso%20del%20derecho' aria-hidden='false' data-av_icon='\ue8f3' data-av_iconfont='entypo-fontello' title='' data-avia-related-tooltip='Compartir en Facebook' rel=\"noopener\"><span class='avia_hidden_link_text'>Compartir en Facebook<\/span><\/a><\/li><li class='av-share-link av-social-link-twitter' ><a target=\"_blank\" aria-label=\"Compartir en Twitter\" href='https:\/\/twitter.com\/share?text=Justicia%20organiza%20charla%20sobre%20proscripci%C3%B3n%20del%20abuso%20del%20derecho&#038;url=https:\/\/radiorevelacionfm.cl\/?p=33440' aria-hidden='false' data-av_icon='\ue8f1' data-av_iconfont='entypo-fontello' title='' data-avia-related-tooltip='Compartir en Twitter' rel=\"noopener\"><span class='avia_hidden_link_text'>Compartir en Twitter<\/span><\/a><\/li><li class='av-share-link av-social-link-whatsapp' ><a target=\"_blank\" aria-label=\"Compartir en Whatsapp\" href='https:\/\/api.whatsapp.com\/send?text=https:\/\/radiorevelacionfm.cl\/?p=33440' aria-hidden='false' data-av_icon='\uf232' data-av_iconfont='entypo-fontello' title='' data-avia-related-tooltip='Compartir en Whatsapp' rel=\"noopener\"><span class='avia_hidden_link_text'>Compartir en Whatsapp<\/span><\/a><\/li><li class='av-share-link av-social-link-linkedin' ><a target=\"_blank\" aria-label=\"Compartir en LinkedIn\" href='https:\/\/linkedin.com\/shareArticle?mini=true&#038;title=Justicia%20organiza%20charla%20sobre%20proscripci%C3%B3n%20del%20abuso%20del%20derecho&#038;url=https:\/\/radiorevelacionfm.cl\/?p=33440' aria-hidden='false' data-av_icon='\ue8fc' data-av_iconfont='entypo-fontello' title='' data-avia-related-tooltip='Compartir en LinkedIn' rel=\"noopener\"><span class='avia_hidden_link_text'>Compartir en LinkedIn<\/span><\/a><\/li><li class='av-share-link av-social-link-mail' ><a  aria-label=\"Compartir por correo\" href='mailto:?subject=Justicia%20organiza%20charla%20sobre%20proscripci%C3%B3n%20del%20abuso%20del%20derecho&#038;body=https:\/\/radiorevelacionfm.cl\/?p=33440' aria-hidden='false' data-av_icon='\ue805' data-av_iconfont='entypo-fontello' title='' data-avia-related-tooltip='Compartir por correo'><span class='avia_hidden_link_text'>Compartir por correo<\/span><\/a><\/li><\/ul><\/div><\/div>\n<div  style='height:50px' class='hr hr-invisible   avia-builder-el-8  el_after_av_social_share  el_before_av_comments_list '><span class='hr-inner ' ><span class='hr-inner-style'><\/span><\/span><\/div>\n<div  class='av-buildercomment  av-blog-meta-html-info-disabled av-blog-meta-tag-disabled  '><\/div>\n","protected":false},"excerpt":{"rendered":"","protected":false},"author":1,"featured_media":33441,"comment_status":"open","ping_status":"open","sticky":false,"template":"","format":"standard","meta":{"footnotes":""},"categories":[55],"tags":[],"class_list":["post-33440","post","type-post","status-publish","format-standard","has-post-thumbnail","hentry","category-justicia"],"jetpack_featured_media_url":"https:\/\/radiorevelacionfm.cl\/wp-content\/uploads\/2023\/07\/foto-04-2-1_optimized-1.jpg","_links":{"self":[{"href":"https:\/\/radiorevelacionfm.cl\/index.php?rest_route=\/wp\/v2\/posts\/33440","targetHints":{"allow":["GET"]}}],"collection":[{"href":"https:\/\/radiorevelacionfm.cl\/index.php?rest_route=\/wp\/v2\/posts"}],"about":[{"href":"https:\/\/radiorevelacionfm.cl\/index.php?rest_route=\/wp\/v2\/types\/post"}],"author":[{"embeddable":true,"href":"https:\/\/radiorevelacionfm.cl\/index.php?rest_route=\/wp\/v2\/users\/1"}],"replies":[{"embeddable":true,"href":"https:\/\/radiorevelacionfm.cl\/index.php?rest_route=%2Fwp%2Fv2%2Fcomments&post=33440"}],"version-history":[{"count":1,"href":"https:\/\/radiorevelacionfm.cl\/index.php?rest_route=\/wp\/v2\/posts\/33440\/revisions"}],"predecessor-version":[{"id":33442,"href":"https:\/\/radiorevelacionfm.cl\/index.php?rest_route=\/wp\/v2\/posts\/33440\/revisions\/33442"}],"wp:featuredmedia":[{"embeddable":true,"href":"https:\/\/radiorevelacionfm.cl\/index.php?rest_route=\/wp\/v2\/media\/33441"}],"wp:attachment":[{"href":"https:\/\/radiorevelacionfm.cl\/index.php?rest_route=%2Fwp%2Fv2%2Fmedia&parent=33440"}],"wp:term":[{"taxonomy":"category","embeddable":true,"href":"https:\/\/radiorevelacionfm.cl\/index.php?rest_route=%2Fwp%2Fv2%2Fcategories&post=33440"},{"taxonomy":"post_tag","embeddable":true,"href":"https:\/\/radiorevelacionfm.cl\/index.php?rest_route=%2Fwp%2Fv2%2Ftags&post=33440"}],"curies":[{"name":"wp","href":"https:\/\/api.w.org\/{rel}","templated":true}]}}