{"id":3344,"date":"2021-04-21T12:25:24","date_gmt":"2021-04-21T15:25:24","guid":{"rendered":"https:\/\/radiorevelacionfm.cl\/?p=3344"},"modified":"2021-04-21T12:25:24","modified_gmt":"2021-04-21T15:25:24","slug":"mineduc-informa-primeros-resultados-de-beneficios-estudiantiles-para-educacion-superior-en-2021-y-abre-etapa-de-apelacion-online","status":"publish","type":"post","link":"https:\/\/radiorevelacionfm.cl\/?p=3344","title":{"rendered":"Mineduc informa primeros resultados de beneficios estudiantiles para Educaci\u00f3n Superior en 2021 y abre etapa de apelaci\u00f3n online"},"content":{"rendered":"<div class=\"flex_column av_one_full  flex_column_div av-zero-column-padding first  avia-builder-el-0  el_before_av_one_full  avia-builder-el-first  \" style='border-radius:0px; '><div  class='avia-image-container  av-styling-    avia-builder-el-1  avia-builder-el-no-sibling  avia-align-center '  itemprop=\"image\" itemscope=\"itemscope\" itemtype=\"https:\/\/schema.org\/ImageObject\"  ><div class='avia-image-container-inner'><div class='avia-image-overlay-wrap'><img decoding=\"async\" class='wp-image-0 avia-img-lazy-loading-not-0 avia_image' src=\"https:\/\/radiorevelacionfm.cl\/wp-content\/uploads\/2021\/04\/Estudiantes.jpg\" alt='' title=''   itemprop=\"thumbnailUrl\"  \/><\/div><\/div><\/div><\/div><div class=\"flex_column av_one_full  flex_column_div av-zero-column-padding first  avia-builder-el-2  el_after_av_one_full  el_before_av_one_full  column-top-margin\" style='border-radius:0px; '><section class=\"av_textblock_section \"  itemscope=\"itemscope\" itemtype=\"https:\/\/schema.org\/BlogPosting\" itemprop=\"blogPost\" ><div class='avia_textblock  '   itemprop=\"text\" ><p style=\"text-align: center;\"><span style=\"font-size: 18pt;\"><b><span lang=\"es-419\">Mineduc informa primeros resultados de beneficios estudiantiles para Educaci\u00f3n Superior en 2021 y abre etapa de apelaci\u00f3n online<\/span><\/b><\/span><\/p>\n<div id=\"gtx-trans\" style=\"position: absolute; left: -50px; top: 4.31534px;\">\n<div class=\"gtx-trans-icon\"><\/div>\n<\/div>\n<\/div><\/section><\/div><div class=\"flex_column av_one_full  flex_column_div av-zero-column-padding first  avia-builder-el-4  el_after_av_one_full  el_before_av_hr  column-top-margin\" style='border-radius:0px; '><section class=\"av_textblock_section \"  itemscope=\"itemscope\" itemtype=\"https:\/\/schema.org\/BlogPosting\" itemprop=\"blogPost\" ><div class='avia_textblock  '   itemprop=\"text\" ><p class=\"v1MsoNormal\" style=\"text-align: justify;\"><span lang=\"es-419\">Hoy el Ministerio de Educaci\u00f3n inform\u00f3 los resultados de la primera asignaci\u00f3n de beneficios estudiantiles del 2021 para quienes completaron el Formulario \u00danico de Acreditaci\u00f3n Socioecon\u00f3mica (FUAS) entre octubre y noviembre 2020, y ya est\u00e1n matriculados en una instituci\u00f3n de educaci\u00f3n superior. Los postulantes pueden revisar los resultados en\u00a0<\/span><a href=\"http:\/\/www.resultados.beneficiosestudiantiles.cl\/\" target=\"_blank\" rel=\"noopener noreferrer\"><span lang=\"es-419\">www.resultados.beneficiosestudiantiles.cl<\/span><\/a><span lang=\"es-419\">, ingresando con su usuario y su clave registrada.<\/span><\/p>\n<p class=\"v1MsoNormal\" style=\"text-align: justify;\"><span lang=\"es-419\">En total se entregaron 146.624 nuevos beneficios, de los cuales 104.307 son gratuidad, 35.940 becas y 6.377 cr\u00e9ditos Fondo Solidario. Los resultados sobre el Cr\u00e9dito con Garant\u00eda Estatal (CAE) ser\u00e1n informados directamente por Comisi\u00f3n Ingresa este 22 de abril en el portal\u00a0<\/span><a href=\"http:\/\/www.ingresa.cl\/\" target=\"_blank\" rel=\"noopener noreferrer\"><span lang=\"es-419\">www.ingresa.cl<\/span><\/a><span lang=\"es-419\">. En tanto, los resultados para los j\u00f3venes que postularon en el proceso de febrero y marzo, se informar\u00e1n en junio.<\/span><\/p>\n<p class=\"v1MsoNormal\" style=\"text-align: justify;\"><span lang=\"es-419\">El Seremi de Educaci\u00f3n Sergio Becerra Mera inform\u00f3 que en la Regi\u00f3n de Ays\u00e9n se asignaron un total de 363 beneficios: Gratuidad 324, Becas de Arancel 21; y Fondo Solidario de Cr\u00e9dito Universitario (FSCU) 18.<\/span><\/p>\n<p class=\"v1MsoNormal\" style=\"text-align: justify;\"><span lang=\"es-419\">\u201cLos beneficios estudiantiles para la educaci\u00f3n superior son muy importantes para los j\u00f3venes de Ays\u00e9n y sus familias y se complementan con importantes becas de mantenci\u00f3n que son entregado a trav\u00e9s de JUNAEB.\u00a0 Estos beneficios se han mantenido durante la pandemia y se han flexibilizado los plazos de postulaci\u00f3n para asegurar que todos quienes cumplan los requisitos acad\u00e9micos puedan costear sus estudios superiores\u201d, coment\u00f3 la autoridad sectorial regional.<\/span><\/p>\n<p class=\"v1MsoNormal\" style=\"text-align: justify;\"><span lang=\"es-419\">\u201cEn esta primera entrega de resultados se est\u00e1n otorgando nuevos beneficios a m\u00e1s de 146 mil j\u00f3venes, a los que se sumar\u00e1n aquellos que resulten beneficiados luego de postular en el segundo proceso que concluy\u00f3 hace unas semanas, adem\u00e1s de todos los estudiantes antiguos que en los pr\u00f3ximos meses confirmar\u00e1n la renovaci\u00f3n de sus beneficios. Este es un enorme esfuerzo del Estado para apoyar a los j\u00f3venes a cursar sus estudios superiores\u201d, destac\u00f3 el subsecretario de Educaci\u00f3n Superior, Juan Eduardo Vargas.\u00a0<\/span><\/p>\n<p class=\"v1MsoNormal\" style=\"text-align: justify;\"><span lang=\"es-419\">Es importante destacar tambi\u00e9n que el segundo proceso de postulaci\u00f3n, cuyos resultados se dar\u00e1n a conocer en junio, se recibieron m\u00e1s de 144 mil solicitudes, un 45% m\u00e1s que el a\u00f1o pasado, lo que con seguridad impactar\u00e1 en el n\u00famero total de beneficiados para el a\u00f1o en curso.<\/span><\/p>\n<p class=\"v1MsoNormal\" style=\"text-align: justify;\"><span lang=\"es-419\">Del total de beneficios, un 53,4% se entregar\u00e1n a j\u00f3venes matriculados en institutos profesionales o centros de formaci\u00f3n t\u00e9cnica, mientras que un 46,4% a estudiantes inscritos en universidades, y un 0,1% a matriculados de las escuelas de las FFAA. Adem\u00e1s, a partir de este a\u00f1o cinco nuevas instituciones -2 universidades, 1 IP y 2 CFT- adscribieron a la pol\u00edtica de gratuidad, entre las que sumaron m\u00e1s de 22 mil beneficiados.<\/span><\/p>\n<p class=\"v1MsoNormal\" style=\"text-align: justify;\"><b><span lang=\"es-419\">Apelaci\u00f3n online<\/span><\/b><\/p>\n<p class=\"v1MsoNormal\" style=\"text-align: justify;\"><span lang=\"es-419\">El Mineduc abri\u00f3 hoy el proceso de apelaci\u00f3n\u00a0<i>online<\/i>, el cual se extender\u00e1 hasta el 5 de mayo. Para esto, los estudiantes deben ingresar al portal de resultados de beneficios y apelar en la misma plataforma en la que postularon, con su RUT y contrase\u00f1a.<\/span><\/p>\n<p class=\"v1MsoNormal\" style=\"text-align: justify;\"><span lang=\"es-419\">Existen 13 causales distintas que justifican la apelaci\u00f3n, entre las que se cuentan los cambios en los ingresos del grupo familiar o la cesant\u00eda de alguno de sus integrantes. \u201cLlamamos a los j\u00f3venes cuyas familias se hayan visto afectadas econ\u00f3micamente por la emergencia que estamos viviendo, a que apelen para que podamos actualizar su informaci\u00f3n econ\u00f3mica y as\u00ed el Ministerio pueda asignarles el beneficio que le corresponda de acuerdo con su situaci\u00f3n actual\u201d, enfatiz\u00f3 el subsecretario Vargas.\u00a0La gu\u00eda paso a paso para apelar se puede encontrar\u00a0<\/span><a href=\"https:\/\/portal.beneficiosestudiantiles.cl\/sites\/default\/files\/manual_apelacion_2021.pdf\" target=\"_blank\" rel=\"noopener noreferrer\"><span lang=\"es-419\">aqu\u00ed\u00ad<\/span><\/a><u><span lang=\"es-419\">.\u00a0<\/span><\/u><\/p>\n<\/div><\/section><\/div><div  style='height:50px' class='hr hr-invisible   avia-builder-el-6  el_after_av_one_full  el_before_av_social_share '><span class='hr-inner ' ><span class='hr-inner-style'><\/span><\/span><\/div><\/p>\n<div  class='av-social-sharing-box  avia-builder-el-7  el_after_av_hr  el_before_av_hr  '><div class='av-share-box'><h5 class='av-share-link-description av-no-toc '>Compartir esta noticia<\/h5><ul class='av-share-box-list noLightbox'><li class='av-share-link av-social-link-facebook' ><a target=\"_blank\" aria-label=\"Compartir en Facebook\" href='https:\/\/www.facebook.com\/sharer.php?u=https:\/\/radiorevelacionfm.cl\/?p=3344&#038;t=Mineduc%20informa%20primeros%20resultados%20de%20beneficios%20estudiantiles%20para%20Educaci%C3%B3n%20Superior%20en%202021%20y%20abre%20etapa%20de%20apelaci%C3%B3n%20online' aria-hidden='false' data-av_icon='\ue8f3' data-av_iconfont='entypo-fontello' title='' data-avia-related-tooltip='Compartir en Facebook' rel=\"noopener\"><span class='avia_hidden_link_text'>Compartir en Facebook<\/span><\/a><\/li><li class='av-share-link av-social-link-twitter' ><a target=\"_blank\" aria-label=\"Compartir en Twitter\" href='https:\/\/twitter.com\/share?text=Mineduc%20informa%20primeros%20resultados%20de%20beneficios%20estudiantiles%20para%20Educaci%C3%B3n%20Superior%20en%202021%20y%20abre%20etapa%20de%20apelaci%C3%B3n%20online&#038;url=https:\/\/radiorevelacionfm.cl\/?p=3344' aria-hidden='false' data-av_icon='\ue8f1' data-av_iconfont='entypo-fontello' title='' data-avia-related-tooltip='Compartir en Twitter' rel=\"noopener\"><span class='avia_hidden_link_text'>Compartir en Twitter<\/span><\/a><\/li><li class='av-share-link av-social-link-whatsapp' ><a target=\"_blank\" aria-label=\"Compartir en Whatsapp\" href='https:\/\/api.whatsapp.com\/send?text=https:\/\/radiorevelacionfm.cl\/?p=3344' aria-hidden='false' data-av_icon='\uf232' data-av_iconfont='entypo-fontello' title='' data-avia-related-tooltip='Compartir en Whatsapp' rel=\"noopener\"><span class='avia_hidden_link_text'>Compartir en Whatsapp<\/span><\/a><\/li><li class='av-share-link av-social-link-linkedin' ><a target=\"_blank\" aria-label=\"Compartir en LinkedIn\" href='https:\/\/linkedin.com\/shareArticle?mini=true&#038;title=Mineduc%20informa%20primeros%20resultados%20de%20beneficios%20estudiantiles%20para%20Educaci%C3%B3n%20Superior%20en%202021%20y%20abre%20etapa%20de%20apelaci%C3%B3n%20online&#038;url=https:\/\/radiorevelacionfm.cl\/?p=3344' aria-hidden='false' data-av_icon='\ue8fc' data-av_iconfont='entypo-fontello' title='' data-avia-related-tooltip='Compartir en LinkedIn' rel=\"noopener\"><span class='avia_hidden_link_text'>Compartir en LinkedIn<\/span><\/a><\/li><li class='av-share-link av-social-link-mail' ><a  aria-label=\"Compartir por correo\" href='mailto:?subject=Mineduc%20informa%20primeros%20resultados%20de%20beneficios%20estudiantiles%20para%20Educaci%C3%B3n%20Superior%20en%202021%20y%20abre%20etapa%20de%20apelaci%C3%B3n%20online&#038;body=https:\/\/radiorevelacionfm.cl\/?p=3344' aria-hidden='false' data-av_icon='\ue805' data-av_iconfont='entypo-fontello' title='' data-avia-related-tooltip='Compartir por correo'><span class='avia_hidden_link_text'>Compartir por correo<\/span><\/a><\/li><\/ul><\/div><\/div>\n<div  style='height:50px' class='hr hr-invisible   avia-builder-el-8  el_after_av_social_share  el_before_av_comments_list '><span class='hr-inner ' ><span class='hr-inner-style'><\/span><\/span><\/div>\n<div  class='av-buildercomment  av-blog-meta-html-info-disabled av-blog-meta-tag-disabled  '><\/div>\n","protected":false},"excerpt":{"rendered":"","protected":false},"author":1,"featured_media":0,"comment_status":"open","ping_status":"open","sticky":false,"template":"","format":"standard","meta":{"footnotes":""},"categories":[49],"tags":[],"class_list":["post-3344","post","type-post","status-publish","format-standard","hentry","category-educacion"],"jetpack_featured_media_url":"","_links":{"self":[{"href":"https:\/\/radiorevelacionfm.cl\/index.php?rest_route=\/wp\/v2\/posts\/3344","targetHints":{"allow":["GET"]}}],"collection":[{"href":"https:\/\/radiorevelacionfm.cl\/index.php?rest_route=\/wp\/v2\/posts"}],"about":[{"href":"https:\/\/radiorevelacionfm.cl\/index.php?rest_route=\/wp\/v2\/types\/post"}],"author":[{"embeddable":true,"href":"https:\/\/radiorevelacionfm.cl\/index.php?rest_route=\/wp\/v2\/users\/1"}],"replies":[{"embeddable":true,"href":"https:\/\/radiorevelacionfm.cl\/index.php?rest_route=%2Fwp%2Fv2%2Fcomments&post=3344"}],"version-history":[{"count":1,"href":"https:\/\/radiorevelacionfm.cl\/index.php?rest_route=\/wp\/v2\/posts\/3344\/revisions"}],"predecessor-version":[{"id":3346,"href":"https:\/\/radiorevelacionfm.cl\/index.php?rest_route=\/wp\/v2\/posts\/3344\/revisions\/3346"}],"wp:attachment":[{"href":"https:\/\/radiorevelacionfm.cl\/index.php?rest_route=%2Fwp%2Fv2%2Fmedia&parent=3344"}],"wp:term":[{"taxonomy":"category","embeddable":true,"href":"https:\/\/radiorevelacionfm.cl\/index.php?rest_route=%2Fwp%2Fv2%2Fcategories&post=3344"},{"taxonomy":"post_tag","embeddable":true,"href":"https:\/\/radiorevelacionfm.cl\/index.php?rest_route=%2Fwp%2Fv2%2Ftags&post=3344"}],"curies":[{"name":"wp","href":"https:\/\/api.w.org\/{rel}","templated":true}]}}