{"id":33437,"date":"2023-07-31T17:43:35","date_gmt":"2023-07-31T20:43:35","guid":{"rendered":"https:\/\/radiorevelacionfm.cl\/?p=33437"},"modified":"2023-07-31T19:20:16","modified_gmt":"2023-07-31T22:20:16","slug":"informan-cierre-temporal-de-sector-ventisquero-colgante-del-parque-nacional-queulat","status":"publish","type":"post","link":"https:\/\/radiorevelacionfm.cl\/?p=33437","title":{"rendered":"Informan cierre temporal de sector ventisquero colgante del Parque Nacional Queulat"},"content":{"rendered":"<div class=\"flex_column av_one_full  flex_column_div av-zero-column-padding first  avia-builder-el-0  el_before_av_one_full  avia-builder-el-first  \" style='border-radius:0px; '><div  class='avia-image-container  av-styling-    avia-builder-el-1  avia-builder-el-no-sibling  avia-align-center '  itemprop=\"image\" itemscope=\"itemscope\" itemtype=\"https:\/\/schema.org\/ImageObject\"  ><div class='avia-image-container-inner'><div class='avia-image-overlay-wrap'><img decoding=\"async\" class='wp-image-33438 avia-img-lazy-loading-not-33438 avia_image' src=\"https:\/\/radiorevelacionfm.cl\/wp-content\/uploads\/2023\/07\/pn-queulat-1-1_optimized-1.jpg\" alt='' title='pn-queulat-1-(1)_optimized (1)' height=\"600\" width=\"800\"  itemprop=\"thumbnailUrl\" srcset=\"https:\/\/radiorevelacionfm.cl\/wp-content\/uploads\/2023\/07\/pn-queulat-1-1_optimized-1.jpg 800w, https:\/\/radiorevelacionfm.cl\/wp-content\/uploads\/2023\/07\/pn-queulat-1-1_optimized-1-300x225.jpg 300w, https:\/\/radiorevelacionfm.cl\/wp-content\/uploads\/2023\/07\/pn-queulat-1-1_optimized-1-768x576.jpg 768w, https:\/\/radiorevelacionfm.cl\/wp-content\/uploads\/2023\/07\/pn-queulat-1-1_optimized-1-705x529.jpg 705w, https:\/\/radiorevelacionfm.cl\/wp-content\/uploads\/2023\/07\/pn-queulat-1-1_optimized-1-450x338.jpg 450w, https:\/\/radiorevelacionfm.cl\/wp-content\/uploads\/2023\/07\/pn-queulat-1-1_optimized-1-600x450.jpg 600w\" sizes=\"(max-width: 800px) 100vw, 800px\" \/><\/div><\/div><\/div><\/div>\n<div class=\"flex_column av_one_full  flex_column_div av-zero-column-padding first  avia-builder-el-2  el_after_av_one_full  el_before_av_one_full  column-top-margin\" style='border-radius:0px; '><section class=\"av_textblock_section \"  itemscope=\"itemscope\" itemtype=\"https:\/\/schema.org\/BlogPosting\" itemprop=\"blogPost\" ><div class='avia_textblock  '   itemprop=\"text\" ><p style=\"text-align: center;\"><strong><span style=\"font-size: 18pt;\">Informan cierre temporal de sector ventisquero colgante del Parque Nacional Queulat<\/span><\/strong><\/p>\n<div id=\"gtx-trans\" style=\"position: absolute; left: -50px; top: 4.31534px;\">\n<div class=\"gtx-trans-icon\"><\/div>\n<\/div>\n<\/div><\/section><\/div>\n<div class=\"flex_column av_one_full  flex_column_div av-zero-column-padding first  avia-builder-el-4  el_after_av_one_full  el_before_av_hr  column-top-margin\" style='border-radius:0px; '><section class=\"av_textblock_section \"  itemscope=\"itemscope\" itemtype=\"https:\/\/schema.org\/BlogPosting\" itemprop=\"blogPost\" ><div class='avia_textblock  '   itemprop=\"text\" ><p class=\"v1MsoNormal\" style=\"text-align: justify;\">La Corporaci\u00f3n Nacional Forestal, CONAF Regi\u00f3n de Ays\u00e9n, informa el\u00a0<b>cierre temporal<\/b>\u00a0del sector Ventisquero Colgante del Parque Nacional Queulat, debido a trabajos de mantenci\u00f3n y remodelaci\u00f3n.<\/p>\n<p class=\"v1MsoNormal\" style=\"text-align: justify;\">Y es que en la actualidad se est\u00e1 ejecutando un proyecto financiado por el Fondo Nacional de Desarrollo Regional (FNDR) del Gobierno Regional de Ays\u00e9n, el cual recibe el apoyo de la Direcci\u00f3n de Arquitectura del Ministerio de Obras P\u00fablico (MOP) como Instituci\u00f3n T\u00e9cnica, siendo CONAF Ays\u00e9n la unidad Formuladora y Ejecutora.<\/p>\n<p class=\"v1MsoNormal\" style=\"text-align: justify;\">El objetivo es mejorar la infraestructura de uso p\u00fablico mediante la habilitaci\u00f3n de senderos, el mejoramiento de estacionamientos y acceso vehicular en el Sector Ventisquero Colgante del Parque Nacional.<\/p>\n<p class=\"v1MsoNormal\" style=\"text-align: justify;\">En consecuencia, durante esta etapa,\u00a0<b>los d\u00edas de cierre\u00a0<\/b>del sector Ventisquero Colgante ser\u00e1n los siguientes:<\/p>\n<p class=\"v1MsoNormal\" style=\"text-align: justify;\">Agosto: de lunes a jueves (1 al 3, 7 al 10, 14 al 17, 21 al 24, y 28 al 31)<\/p>\n<p class=\"v1MsoNormal\" style=\"text-align: justify;\">Septiembre: de lunes a mi\u00e9rcoles excepto la semana de Fiestas Patrias (4 al 6, 11 al 13 y 25 al 27)<\/p>\n<p class=\"v1MsoNormal\" style=\"text-align: justify;\">Octubre: de lunes a mi\u00e9rcoles (2 al 4, 9 al 11, 16 al 18, 23 al 25, y del 30 al 31)<\/p>\n<p class=\"v1MsoNormal\" style=\"text-align: justify;\">Noviembre: lunes y martes (6 y 7, 13 y 14, 20 y 21, y del 27 al 28)<\/p>\n<p class=\"v1MsoNormal\" style=\"text-align: justify;\">Diciembre: lunes y martes (4 y 5, 11 y 12, 18 y 19, y del 25 al 26)<\/p>\n<p class=\"v1MsoNormal\" style=\"text-align: justify;\">\u00abCon estas medidas preventivas de cierres espor\u00e1dicos pretendemos disminuir las consecuencias en la industria del turismo y de nuestro equipo de Guardaparques, sabiendo que estamos avanzando en la mejora de la Percepci\u00f3n de nuestros usuarios y visitantes, como en la mejora de la experiencia que brindamos de los diferentes destinos tur\u00edsticos como son estas bellezas esc\u00e9nicas. Lo cual sin duda tendr\u00e1 un resultado positivo, tanto a nivel local y regional, como tambi\u00e9n en la protecci\u00f3n de nuestra biodiversidad y ecosistemas boscosos\u00bb, indica \u00c1lvaro Andr\u00e9s D\u00b4Amico Najum, Jefe Provincial de CONAF \u00c1rea La Junta.<\/p>\n<p class=\"v1MsoNormal\" style=\"text-align: justify;\">\u00abTambi\u00e9n informaremos oportunamente, a trav\u00e9s de nuestra oficina Provincial\u00a0 \u00c1rea La Junta, y nuestro equipo de Guardaparques del PN Queulat, cada uno de estos cierres comunicando en la medida de lo posible, cada actividad o cambios que podamos tener en pos de la ejecuci\u00f3n de la obra, incluyendo esta medida a las antes descritas para tener un canal expedito con la comunidad Local, Regional y Nacional, de ser necesario\u00bb, agrega.<\/p>\n<p class=\"v1MsoNormal\" style=\"text-align: justify;\">Los invitamos a informarse y planificar su visita con anticipaci\u00f3n ingresando a nuestro sitio Web\u00a0<a href=\"http:\/\/www.conaf.cl\/\" target=\"_blank\" rel=\"noopener noreferrer\">www.conaf.cl<\/a>\u00a0y adquiriendo sus entradas en\u00a0<a href=\"https:\/\/aspticket.cl\/\" target=\"_blank\" rel=\"noopener noreferrer\">https:\/\/aspticket.cl<\/a><\/p>\n<\/div><\/section><\/div><div  style='height:50px' class='hr hr-invisible   avia-builder-el-6  el_after_av_one_full  el_before_av_social_share '><span class='hr-inner ' ><span class='hr-inner-style'><\/span><\/span><\/div><\/p>\n<div  class='av-social-sharing-box  avia-builder-el-7  el_after_av_hr  el_before_av_hr  '><div class='av-share-box'><h5 class='av-share-link-description av-no-toc '>Compartir esta noticia<\/h5><ul class='av-share-box-list noLightbox'><li class='av-share-link av-social-link-facebook' ><a target=\"_blank\" aria-label=\"Compartir en Facebook\" href='https:\/\/www.facebook.com\/sharer.php?u=https:\/\/radiorevelacionfm.cl\/?p=33437&#038;t=Informan%20cierre%20temporal%20de%20sector%20ventisquero%20colgante%20del%20Parque%20Nacional%20Queulat' aria-hidden='false' data-av_icon='\ue8f3' data-av_iconfont='entypo-fontello' title='' data-avia-related-tooltip='Compartir en Facebook' rel=\"noopener\"><span class='avia_hidden_link_text'>Compartir en Facebook<\/span><\/a><\/li><li class='av-share-link av-social-link-twitter' ><a target=\"_blank\" aria-label=\"Compartir en Twitter\" href='https:\/\/twitter.com\/share?text=Informan%20cierre%20temporal%20de%20sector%20ventisquero%20colgante%20del%20Parque%20Nacional%20Queulat&#038;url=https:\/\/radiorevelacionfm.cl\/?p=33437' aria-hidden='false' data-av_icon='\ue8f1' data-av_iconfont='entypo-fontello' title='' data-avia-related-tooltip='Compartir en Twitter' rel=\"noopener\"><span class='avia_hidden_link_text'>Compartir en Twitter<\/span><\/a><\/li><li class='av-share-link av-social-link-whatsapp' ><a target=\"_blank\" aria-label=\"Compartir en Whatsapp\" href='https:\/\/api.whatsapp.com\/send?text=https:\/\/radiorevelacionfm.cl\/?p=33437' aria-hidden='false' data-av_icon='\uf232' data-av_iconfont='entypo-fontello' title='' data-avia-related-tooltip='Compartir en Whatsapp' rel=\"noopener\"><span class='avia_hidden_link_text'>Compartir en Whatsapp<\/span><\/a><\/li><li class='av-share-link av-social-link-linkedin' ><a target=\"_blank\" aria-label=\"Compartir en LinkedIn\" href='https:\/\/linkedin.com\/shareArticle?mini=true&#038;title=Informan%20cierre%20temporal%20de%20sector%20ventisquero%20colgante%20del%20Parque%20Nacional%20Queulat&#038;url=https:\/\/radiorevelacionfm.cl\/?p=33437' aria-hidden='false' data-av_icon='\ue8fc' data-av_iconfont='entypo-fontello' title='' data-avia-related-tooltip='Compartir en LinkedIn' rel=\"noopener\"><span class='avia_hidden_link_text'>Compartir en LinkedIn<\/span><\/a><\/li><li class='av-share-link av-social-link-mail' ><a  aria-label=\"Compartir por correo\" href='mailto:?subject=Informan%20cierre%20temporal%20de%20sector%20ventisquero%20colgante%20del%20Parque%20Nacional%20Queulat&#038;body=https:\/\/radiorevelacionfm.cl\/?p=33437' aria-hidden='false' data-av_icon='\ue805' data-av_iconfont='entypo-fontello' title='' data-avia-related-tooltip='Compartir por correo'><span class='avia_hidden_link_text'>Compartir por correo<\/span><\/a><\/li><\/ul><\/div><\/div>\n<div  style='height:50px' class='hr hr-invisible   avia-builder-el-8  el_after_av_social_share  el_before_av_comments_list '><span class='hr-inner ' ><span class='hr-inner-style'><\/span><\/span><\/div>\n<div  class='av-buildercomment  av-blog-meta-html-info-disabled av-blog-meta-tag-disabled  '><\/div>\n","protected":false},"excerpt":{"rendered":"","protected":false},"author":1,"featured_media":33438,"comment_status":"open","ping_status":"open","sticky":false,"template":"","format":"standard","meta":{"footnotes":""},"categories":[54],"tags":[],"class_list":["post-33437","post","type-post","status-publish","format-standard","has-post-thumbnail","hentry","category-turismo"],"jetpack_featured_media_url":"https:\/\/radiorevelacionfm.cl\/wp-content\/uploads\/2023\/07\/pn-queulat-1-1_optimized-1.jpg","_links":{"self":[{"href":"https:\/\/radiorevelacionfm.cl\/index.php?rest_route=\/wp\/v2\/posts\/33437","targetHints":{"allow":["GET"]}}],"collection":[{"href":"https:\/\/radiorevelacionfm.cl\/index.php?rest_route=\/wp\/v2\/posts"}],"about":[{"href":"https:\/\/radiorevelacionfm.cl\/index.php?rest_route=\/wp\/v2\/types\/post"}],"author":[{"embeddable":true,"href":"https:\/\/radiorevelacionfm.cl\/index.php?rest_route=\/wp\/v2\/users\/1"}],"replies":[{"embeddable":true,"href":"https:\/\/radiorevelacionfm.cl\/index.php?rest_route=%2Fwp%2Fv2%2Fcomments&post=33437"}],"version-history":[{"count":2,"href":"https:\/\/radiorevelacionfm.cl\/index.php?rest_route=\/wp\/v2\/posts\/33437\/revisions"}],"predecessor-version":[{"id":33446,"href":"https:\/\/radiorevelacionfm.cl\/index.php?rest_route=\/wp\/v2\/posts\/33437\/revisions\/33446"}],"wp:featuredmedia":[{"embeddable":true,"href":"https:\/\/radiorevelacionfm.cl\/index.php?rest_route=\/wp\/v2\/media\/33438"}],"wp:attachment":[{"href":"https:\/\/radiorevelacionfm.cl\/index.php?rest_route=%2Fwp%2Fv2%2Fmedia&parent=33437"}],"wp:term":[{"taxonomy":"category","embeddable":true,"href":"https:\/\/radiorevelacionfm.cl\/index.php?rest_route=%2Fwp%2Fv2%2Fcategories&post=33437"},{"taxonomy":"post_tag","embeddable":true,"href":"https:\/\/radiorevelacionfm.cl\/index.php?rest_route=%2Fwp%2Fv2%2Ftags&post=33437"}],"curies":[{"name":"wp","href":"https:\/\/api.w.org\/{rel}","templated":true}]}}