{"id":33434,"date":"2023-08-01T12:55:38","date_gmt":"2023-08-01T15:55:38","guid":{"rendered":"https:\/\/radiorevelacionfm.cl\/?p=33434"},"modified":"2023-08-01T12:55:38","modified_gmt":"2023-08-01T15:55:38","slug":"en-coyhaique-capacitan-a-funcionarios-del-sernameg-sobre-ley-de-registro-nacional-de-deudores-de-alimentos-y-responsabilidad-parental","status":"publish","type":"post","link":"https:\/\/radiorevelacionfm.cl\/?p=33434","title":{"rendered":"En Coyhaique capacitan a funcionarios del SernamEG sobre ley de registro nacional de deudores de alimentos y responsabilidad parental"},"content":{"rendered":"<div class=\"flex_column av_one_full  flex_column_div av-zero-column-padding first  avia-builder-el-0  el_before_av_one_full  avia-builder-el-first  \" style='border-radius:0px; '><div  class='avia-image-container  av-styling-    avia-builder-el-1  avia-builder-el-no-sibling  avia-align-center '  itemprop=\"image\" itemscope=\"itemscope\" itemtype=\"https:\/\/schema.org\/ImageObject\"  ><div class='avia-image-container-inner'><div class='avia-image-overlay-wrap'><img decoding=\"async\" class='wp-image-33435 avia-img-lazy-loading-not-33435 avia_image' src=\"https:\/\/radiorevelacionfm.cl\/wp-content\/uploads\/2023\/07\/foto-01-capacitacion-1_optimized.jpg\" alt='' title='foto-01-capacitacion-(1)_optimized' height=\"600\" width=\"1537\"  itemprop=\"thumbnailUrl\" srcset=\"https:\/\/radiorevelacionfm.cl\/wp-content\/uploads\/2023\/07\/foto-01-capacitacion-1_optimized.jpg 1537w, https:\/\/radiorevelacionfm.cl\/wp-content\/uploads\/2023\/07\/foto-01-capacitacion-1_optimized-300x117.jpg 300w, https:\/\/radiorevelacionfm.cl\/wp-content\/uploads\/2023\/07\/foto-01-capacitacion-1_optimized-1030x402.jpg 1030w, https:\/\/radiorevelacionfm.cl\/wp-content\/uploads\/2023\/07\/foto-01-capacitacion-1_optimized-768x300.jpg 768w, https:\/\/radiorevelacionfm.cl\/wp-content\/uploads\/2023\/07\/foto-01-capacitacion-1_optimized-1500x586.jpg 1500w, https:\/\/radiorevelacionfm.cl\/wp-content\/uploads\/2023\/07\/foto-01-capacitacion-1_optimized-705x275.jpg 705w, https:\/\/radiorevelacionfm.cl\/wp-content\/uploads\/2023\/07\/foto-01-capacitacion-1_optimized-450x176.jpg 450w, https:\/\/radiorevelacionfm.cl\/wp-content\/uploads\/2023\/07\/foto-01-capacitacion-1_optimized-600x234.jpg 600w\" sizes=\"(max-width: 1537px) 100vw, 1537px\" \/><\/div><\/div><\/div><\/div><div class=\"flex_column av_one_full  flex_column_div av-zero-column-padding first  avia-builder-el-2  el_after_av_one_full  el_before_av_one_full  column-top-margin\" style='border-radius:0px; '><section class=\"av_textblock_section \"  itemscope=\"itemscope\" itemtype=\"https:\/\/schema.org\/BlogPosting\" itemprop=\"blogPost\" ><div class='avia_textblock  '   itemprop=\"text\" ><p style=\"text-align: center;\"><strong><span style=\"font-size: 18pt;\">En Coyhaique capacitan a funcionarios del SernamEG sobre ley de registro nacional de deudores de alimentos y responsabilidad parental<\/span><\/strong><\/p>\n<div id=\"gtx-trans\" style=\"position: absolute; left: -50px; top: 4.31534px;\">\n<div class=\"gtx-trans-icon\"><\/div>\n<\/div>\n<\/div><\/section><\/div><div class=\"flex_column av_one_full  flex_column_div av-zero-column-padding first  avia-builder-el-4  el_after_av_one_full  el_before_av_hr  column-top-margin\" style='border-radius:0px; '><section class=\"av_textblock_section \"  itemscope=\"itemscope\" itemtype=\"https:\/\/schema.org\/BlogPosting\" itemprop=\"blogPost\" ><div class='avia_textblock  '   itemprop=\"text\" ><p class=\"v1MsoNormal\" style=\"text-align: justify;\">El juez de Familia de Coyhaique, Rudy Hald Ram\u00edrez imparti\u00f3 una capacitaci\u00f3n a los funcionarios de la oficina regional del Ministerio de la Mujer y la Equidad de G\u00e9nero, con el objetivo de ampliar sus conocimientos y acceso a informaci\u00f3n sobre la Ley del Registro Nacional de Deudores de Alimentos y la Ley 21.484 sobre responsabilidad parental.<\/p>\n<p class=\"v1MsoNormal\" style=\"text-align: justify;\">Al respecto, Rudy Hald sostuvo que \u00aben el contexto de la apertura que ya hace varios a\u00f1os est\u00e1 desarrollando el Poder Judicial, respecto de relacionarse con distintas instituciones, se enmarca toda esta capacitaci\u00f3n que se hizo a los funcionarios del Sernameg, en que se les dio a conocer dos importantes leyes que dicen relaci\u00f3n tambi\u00e9n con los sujetos de atenci\u00f3n de este servicio, como son la Ley de Registro Nacional de Deudores y la Ley 21.484, que es la que permite el cobro o que establece los procedimientos para obtener el cobro efectivo de las pensiones de alimentos, tambi\u00e9n llamada Ley de Responsabilidad Parental\u00bb.<\/p>\n<p class=\"v1MsoNormal\" style=\"text-align: justify;\">El magistrado agreg\u00f3 que: \u00abhubo muchas preguntas y nos comprometimos a mantener estos canales de comunicaci\u00f3n para mejorar siempre el conocimiento de las leyes de nuestros sujetos de atenci\u00f3n\u00bb.<\/p>\n<p class=\"v1MsoNormal\" style=\"text-align: justify;\">En tanto, la directora regional de SernamEG, Marta Godoy Carvajal, dijo que \u00abcomo servicio nos parece relevante participar en todas las instancias que impliquen un perfeccionamiento de nuestros conocimientos en diversas materias. Por ello, valoramos el taller sobre esta normativa, que por un lado permiti\u00f3 dimensionar la magnitud de las deudas de pensiones de alimentos en Chile; y al mismo tiempo, es un avance en una legislaci\u00f3n que se hace cargo de esta realidad\u00bb. La autoridad regional agreg\u00f3 que \u00abpudimos resolver las dudas que implican su implementaci\u00f3n y de esta forma entregar una asesor\u00eda completa a las mujeres que nos consultan com\u00fanmente en nuestras actividades y en la OIRS\u00bb.<\/p>\n<p class=\"v1MsoNormal\" style=\"text-align: justify;\">Precisar que en este contexto el pago de las deudas podr\u00e1n efectuarse con los fondos que el alimentante tenga en sus cuentas bancarias u otros instrumentos financieros o de inversi\u00f3n y, excepcionalmente, de no existir dichos fondos o ser insuficientes, podr\u00e1 realizarse con los fondos disponibles en la cuenta de capitalizaci\u00f3n individual de cotizaciones obligatorias del alimentante. En tal caso el retiro no podr\u00e1 exceder los porcentajes m\u00e1ximos fijados en este texto legal.<\/p>\n<\/div><\/section><\/div><div  style='height:50px' class='hr hr-invisible   avia-builder-el-6  el_after_av_one_full  el_before_av_social_share '><span class='hr-inner ' ><span class='hr-inner-style'><\/span><\/span><\/div><\/p>\n<div  class='av-social-sharing-box  avia-builder-el-7  el_after_av_hr  el_before_av_hr  '><div class='av-share-box'><h5 class='av-share-link-description av-no-toc '>Compartir esta noticia<\/h5><ul class='av-share-box-list noLightbox'><li class='av-share-link av-social-link-facebook' ><a target=\"_blank\" aria-label=\"Compartir en Facebook\" href='https:\/\/www.facebook.com\/sharer.php?u=https:\/\/radiorevelacionfm.cl\/?p=33434&#038;t=En%20Coyhaique%20capacitan%20a%20funcionarios%20del%20SernamEG%20sobre%20ley%20de%20registro%20nacional%20de%20deudores%20de%20alimentos%20y%20responsabilidad%20parental' aria-hidden='false' data-av_icon='\ue8f3' data-av_iconfont='entypo-fontello' title='' data-avia-related-tooltip='Compartir en Facebook' rel=\"noopener\"><span class='avia_hidden_link_text'>Compartir en Facebook<\/span><\/a><\/li><li class='av-share-link av-social-link-twitter' ><a target=\"_blank\" aria-label=\"Compartir en Twitter\" href='https:\/\/twitter.com\/share?text=En%20Coyhaique%20capacitan%20a%20funcionarios%20del%20SernamEG%20sobre%20ley%20de%20registro%20nacional%20de%20deudores%20de%20alimentos%20y%20responsabilidad%20parental&#038;url=https:\/\/radiorevelacionfm.cl\/?p=33434' aria-hidden='false' data-av_icon='\ue8f1' data-av_iconfont='entypo-fontello' title='' data-avia-related-tooltip='Compartir en Twitter' rel=\"noopener\"><span class='avia_hidden_link_text'>Compartir en Twitter<\/span><\/a><\/li><li class='av-share-link av-social-link-whatsapp' ><a target=\"_blank\" aria-label=\"Compartir en Whatsapp\" href='https:\/\/api.whatsapp.com\/send?text=https:\/\/radiorevelacionfm.cl\/?p=33434' aria-hidden='false' data-av_icon='\uf232' data-av_iconfont='entypo-fontello' title='' data-avia-related-tooltip='Compartir en Whatsapp' rel=\"noopener\"><span class='avia_hidden_link_text'>Compartir en Whatsapp<\/span><\/a><\/li><li class='av-share-link av-social-link-linkedin' ><a target=\"_blank\" aria-label=\"Compartir en LinkedIn\" href='https:\/\/linkedin.com\/shareArticle?mini=true&#038;title=En%20Coyhaique%20capacitan%20a%20funcionarios%20del%20SernamEG%20sobre%20ley%20de%20registro%20nacional%20de%20deudores%20de%20alimentos%20y%20responsabilidad%20parental&#038;url=https:\/\/radiorevelacionfm.cl\/?p=33434' aria-hidden='false' data-av_icon='\ue8fc' data-av_iconfont='entypo-fontello' title='' data-avia-related-tooltip='Compartir en LinkedIn' rel=\"noopener\"><span class='avia_hidden_link_text'>Compartir en LinkedIn<\/span><\/a><\/li><li class='av-share-link av-social-link-mail' ><a  aria-label=\"Compartir por correo\" href='mailto:?subject=En%20Coyhaique%20capacitan%20a%20funcionarios%20del%20SernamEG%20sobre%20ley%20de%20registro%20nacional%20de%20deudores%20de%20alimentos%20y%20responsabilidad%20parental&#038;body=https:\/\/radiorevelacionfm.cl\/?p=33434' aria-hidden='false' data-av_icon='\ue805' data-av_iconfont='entypo-fontello' title='' data-avia-related-tooltip='Compartir por correo'><span class='avia_hidden_link_text'>Compartir por correo<\/span><\/a><\/li><\/ul><\/div><\/div>\n<div  style='height:50px' class='hr hr-invisible   avia-builder-el-8  el_after_av_social_share  el_before_av_comments_list '><span class='hr-inner ' ><span class='hr-inner-style'><\/span><\/span><\/div>\n<div  class='av-buildercomment  av-blog-meta-html-info-disabled av-blog-meta-tag-disabled  '><\/div>\n","protected":false},"excerpt":{"rendered":"","protected":false},"author":1,"featured_media":33435,"comment_status":"open","ping_status":"open","sticky":false,"template":"","format":"standard","meta":{"footnotes":""},"categories":[38],"tags":[],"class_list":["post-33434","post","type-post","status-publish","format-standard","has-post-thumbnail","hentry","category-regional"],"jetpack_featured_media_url":"https:\/\/radiorevelacionfm.cl\/wp-content\/uploads\/2023\/07\/foto-01-capacitacion-1_optimized.jpg","_links":{"self":[{"href":"https:\/\/radiorevelacionfm.cl\/index.php?rest_route=\/wp\/v2\/posts\/33434","targetHints":{"allow":["GET"]}}],"collection":[{"href":"https:\/\/radiorevelacionfm.cl\/index.php?rest_route=\/wp\/v2\/posts"}],"about":[{"href":"https:\/\/radiorevelacionfm.cl\/index.php?rest_route=\/wp\/v2\/types\/post"}],"author":[{"embeddable":true,"href":"https:\/\/radiorevelacionfm.cl\/index.php?rest_route=\/wp\/v2\/users\/1"}],"replies":[{"embeddable":true,"href":"https:\/\/radiorevelacionfm.cl\/index.php?rest_route=%2Fwp%2Fv2%2Fcomments&post=33434"}],"version-history":[{"count":1,"href":"https:\/\/radiorevelacionfm.cl\/index.php?rest_route=\/wp\/v2\/posts\/33434\/revisions"}],"predecessor-version":[{"id":33436,"href":"https:\/\/radiorevelacionfm.cl\/index.php?rest_route=\/wp\/v2\/posts\/33434\/revisions\/33436"}],"wp:featuredmedia":[{"embeddable":true,"href":"https:\/\/radiorevelacionfm.cl\/index.php?rest_route=\/wp\/v2\/media\/33435"}],"wp:attachment":[{"href":"https:\/\/radiorevelacionfm.cl\/index.php?rest_route=%2Fwp%2Fv2%2Fmedia&parent=33434"}],"wp:term":[{"taxonomy":"category","embeddable":true,"href":"https:\/\/radiorevelacionfm.cl\/index.php?rest_route=%2Fwp%2Fv2%2Fcategories&post=33434"},{"taxonomy":"post_tag","embeddable":true,"href":"https:\/\/radiorevelacionfm.cl\/index.php?rest_route=%2Fwp%2Fv2%2Ftags&post=33434"}],"curies":[{"name":"wp","href":"https:\/\/api.w.org\/{rel}","templated":true}]}}