{"id":33431,"date":"2023-07-31T18:40:23","date_gmt":"2023-07-31T21:40:23","guid":{"rendered":"https:\/\/radiorevelacionfm.cl\/?p=33431"},"modified":"2023-07-31T18:40:23","modified_gmt":"2023-07-31T21:40:23","slug":"ecoterraneo-y-fosis-firman-convenio-para-trabajar-por-desarrollo-de-emprendedores-as-locales","status":"publish","type":"post","link":"https:\/\/radiorevelacionfm.cl\/?p=33431","title":{"rendered":"Ecoterr\u00e1neo y Fosis firman convenio para trabajar por desarrollo de emprendedores\/as locales"},"content":{"rendered":"<div class=\"flex_column av_one_full  flex_column_div av-zero-column-padding first  avia-builder-el-0  el_before_av_one_full  avia-builder-el-first  \" style='border-radius:0px; '><div  class='avia-image-container  av-styling-    avia-builder-el-1  avia-builder-el-no-sibling  avia-align-center '  itemprop=\"image\" itemscope=\"itemscope\" itemtype=\"https:\/\/schema.org\/ImageObject\"  ><div class='avia-image-container-inner'><div class='avia-image-overlay-wrap'><img decoding=\"async\" class='wp-image-33432 avia-img-lazy-loading-not-33432 avia_image' src=\"https:\/\/radiorevelacionfm.cl\/wp-content\/uploads\/2023\/07\/convenio-3-1_optimized.jpg\" alt='' title='convenio-3-(1)_optimized' height=\"600\" width=\"1157\"  itemprop=\"thumbnailUrl\" srcset=\"https:\/\/radiorevelacionfm.cl\/wp-content\/uploads\/2023\/07\/convenio-3-1_optimized.jpg 1157w, https:\/\/radiorevelacionfm.cl\/wp-content\/uploads\/2023\/07\/convenio-3-1_optimized-300x156.jpg 300w, https:\/\/radiorevelacionfm.cl\/wp-content\/uploads\/2023\/07\/convenio-3-1_optimized-1030x534.jpg 1030w, https:\/\/radiorevelacionfm.cl\/wp-content\/uploads\/2023\/07\/convenio-3-1_optimized-768x398.jpg 768w, https:\/\/radiorevelacionfm.cl\/wp-content\/uploads\/2023\/07\/convenio-3-1_optimized-705x366.jpg 705w, https:\/\/radiorevelacionfm.cl\/wp-content\/uploads\/2023\/07\/convenio-3-1_optimized-450x233.jpg 450w, https:\/\/radiorevelacionfm.cl\/wp-content\/uploads\/2023\/07\/convenio-3-1_optimized-600x311.jpg 600w\" sizes=\"(max-width: 1157px) 100vw, 1157px\" \/><\/div><\/div><\/div><\/div><div class=\"flex_column av_one_full  flex_column_div av-zero-column-padding first  avia-builder-el-2  el_after_av_one_full  el_before_av_one_full  column-top-margin\" style='border-radius:0px; '><section class=\"av_textblock_section \"  itemscope=\"itemscope\" itemtype=\"https:\/\/schema.org\/BlogPosting\" itemprop=\"blogPost\" ><div class='avia_textblock  '   itemprop=\"text\" ><p style=\"text-align: center;\"><strong><span style=\"font-size: 18pt;\">Ecoterr\u00e1neo y Fosis firman convenio para trabajar por desarrollo de emprendedores\/as locales<\/span><\/strong><\/p>\n<div id=\"gtx-trans\" style=\"position: absolute; left: -50px; top: 4.31534px;\">\n<div class=\"gtx-trans-icon\"><\/div>\n<\/div>\n<\/div><\/section><\/div><div class=\"flex_column av_one_full  flex_column_div av-zero-column-padding first  avia-builder-el-4  el_after_av_one_full  el_before_av_hr  column-top-margin\" style='border-radius:0px; '><section class=\"av_textblock_section \"  itemscope=\"itemscope\" itemtype=\"https:\/\/schema.org\/BlogPosting\" itemprop=\"blogPost\" ><div class='avia_textblock  '   itemprop=\"text\" ><p style=\"text-align: justify;\">El acuerdo de colaboraci\u00f3n entre ambas entidades busca realizar acciones, actividades y generar estrategias para mejorar el funcionamiento de emprendimientos regionales.<\/p>\n<p style=\"text-align: justify;\">Hasta Puerto Ays\u00e9n lleg\u00f3 la Directora Regional del FOSIS, Fernanda Leiva, para reunirse con Christian Haeger y Marcela Vidal, Director y Gerenta de Ecoterr\u00e1neo Cowork, para concretar la firma de un convenio de trabajo colaborativo entre ambas entidades, en una instancia que permita trabajar de manera coordinada y articulada en optimizar el funcionamiento de emprendimientos regionales.<\/p>\n<p style=\"text-align: justify;\">Fernanda Leiva, Directora Regional del FOSIS en Ays\u00e9n, destac\u00f3 que \u00abvenimos trabajando hace un tiempo con Ecoterr\u00e1neo en funci\u00f3n de poder concretar esta alianza de colaboraci\u00f3n. Desde el FOSIS tenemos un nuevo \u00edmpetu y queremos dar importancia a este tipo de trabajo colaborativo que se sella en un convenio y ahora viene la parte m\u00e1s importante que es operacionalizar ese trabajo con cronogramas, programaci\u00f3n de actividades y acciones conjuntas; porque creemos que el trabajo colaborativo entre lo p\u00fablico y privado es relevante para nuestras usuarias y usuarios\u201d.<\/p>\n<p style=\"text-align: justify;\">La Gerenta de Ecoterr\u00e1neo Cowork, Marcela Vidal, asegur\u00f3 que \u201cestamos felices porque dentro de Ecoterr\u00e1neo tenemos un enfoque muy social, tenemos nuestra incubadora de negocios, nuestro espacio f\u00edsico de cowork, pero tambi\u00e9n hay un fuerte foco social dentro del proyecto. Creemos que el FOSIS es la l\u00ednea por la cual podemos llegar a todos esos emprendedores que est\u00e1n iniciando sus negocios, que muchas veces tiene brechas de conocimiento o para postular a proyectos, donde nosotros podemos entregarles toda la ayuda que necesitan\u201d.<\/p>\n<p style=\"text-align: justify;\">El objetivo del convenio es trabajar de forma complementaria y coordinada a fin de apoyar a personas vulnerables de la regi\u00f3n de Ays\u00e9n, en mejorar sus emprendimientos, reforzando la oferta disponible en el ecosistema regional. Esta instancia de trabajo conjunto incluye la elaboraci\u00f3n de un plan de trabajo que incorpora acciones, actividades y estrategias para dar cumplimiento al convenio.<\/p>\n<\/div><\/section><\/div><div  style='height:50px' class='hr hr-invisible   avia-builder-el-6  el_after_av_one_full  el_before_av_social_share '><span class='hr-inner ' ><span class='hr-inner-style'><\/span><\/span><\/div><\/p>\n<div  class='av-social-sharing-box  avia-builder-el-7  el_after_av_hr  el_before_av_hr  '><div class='av-share-box'><h5 class='av-share-link-description av-no-toc '>Compartir esta noticia<\/h5><ul class='av-share-box-list noLightbox'><li class='av-share-link av-social-link-facebook' ><a target=\"_blank\" aria-label=\"Compartir en Facebook\" href='https:\/\/www.facebook.com\/sharer.php?u=https:\/\/radiorevelacionfm.cl\/?p=33431&#038;t=Ecoterr%C3%A1neo%20y%20Fosis%20firman%20convenio%20para%20trabajar%20por%20desarrollo%20de%20emprendedores%2Fas%20locales' aria-hidden='false' data-av_icon='\ue8f3' data-av_iconfont='entypo-fontello' title='' data-avia-related-tooltip='Compartir en Facebook' rel=\"noopener\"><span class='avia_hidden_link_text'>Compartir en Facebook<\/span><\/a><\/li><li class='av-share-link av-social-link-twitter' ><a target=\"_blank\" aria-label=\"Compartir en Twitter\" href='https:\/\/twitter.com\/share?text=Ecoterr%C3%A1neo%20y%20Fosis%20firman%20convenio%20para%20trabajar%20por%20desarrollo%20de%20emprendedores%2Fas%20locales&#038;url=https:\/\/radiorevelacionfm.cl\/?p=33431' aria-hidden='false' data-av_icon='\ue8f1' data-av_iconfont='entypo-fontello' title='' data-avia-related-tooltip='Compartir en Twitter' rel=\"noopener\"><span class='avia_hidden_link_text'>Compartir en Twitter<\/span><\/a><\/li><li class='av-share-link av-social-link-whatsapp' ><a target=\"_blank\" aria-label=\"Compartir en Whatsapp\" href='https:\/\/api.whatsapp.com\/send?text=https:\/\/radiorevelacionfm.cl\/?p=33431' aria-hidden='false' data-av_icon='\uf232' data-av_iconfont='entypo-fontello' title='' data-avia-related-tooltip='Compartir en Whatsapp' rel=\"noopener\"><span class='avia_hidden_link_text'>Compartir en Whatsapp<\/span><\/a><\/li><li class='av-share-link av-social-link-linkedin' ><a target=\"_blank\" aria-label=\"Compartir en LinkedIn\" href='https:\/\/linkedin.com\/shareArticle?mini=true&#038;title=Ecoterr%C3%A1neo%20y%20Fosis%20firman%20convenio%20para%20trabajar%20por%20desarrollo%20de%20emprendedores%2Fas%20locales&#038;url=https:\/\/radiorevelacionfm.cl\/?p=33431' aria-hidden='false' data-av_icon='\ue8fc' data-av_iconfont='entypo-fontello' title='' data-avia-related-tooltip='Compartir en LinkedIn' rel=\"noopener\"><span class='avia_hidden_link_text'>Compartir en LinkedIn<\/span><\/a><\/li><li class='av-share-link av-social-link-mail' ><a  aria-label=\"Compartir por correo\" href='mailto:?subject=Ecoterr%C3%A1neo%20y%20Fosis%20firman%20convenio%20para%20trabajar%20por%20desarrollo%20de%20emprendedores%2Fas%20locales&#038;body=https:\/\/radiorevelacionfm.cl\/?p=33431' aria-hidden='false' data-av_icon='\ue805' data-av_iconfont='entypo-fontello' title='' data-avia-related-tooltip='Compartir por correo'><span class='avia_hidden_link_text'>Compartir por correo<\/span><\/a><\/li><\/ul><\/div><\/div>\n<div  style='height:50px' class='hr hr-invisible   avia-builder-el-8  el_after_av_social_share  el_before_av_comments_list '><span class='hr-inner ' ><span class='hr-inner-style'><\/span><\/span><\/div>\n<div  class='av-buildercomment  av-blog-meta-html-info-disabled av-blog-meta-tag-disabled  '><\/div>\n","protected":false},"excerpt":{"rendered":"","protected":false},"author":1,"featured_media":33432,"comment_status":"open","ping_status":"open","sticky":false,"template":"","format":"standard","meta":{"footnotes":""},"categories":[38],"tags":[],"class_list":["post-33431","post","type-post","status-publish","format-standard","has-post-thumbnail","hentry","category-regional"],"jetpack_featured_media_url":"https:\/\/radiorevelacionfm.cl\/wp-content\/uploads\/2023\/07\/convenio-3-1_optimized.jpg","_links":{"self":[{"href":"https:\/\/radiorevelacionfm.cl\/index.php?rest_route=\/wp\/v2\/posts\/33431","targetHints":{"allow":["GET"]}}],"collection":[{"href":"https:\/\/radiorevelacionfm.cl\/index.php?rest_route=\/wp\/v2\/posts"}],"about":[{"href":"https:\/\/radiorevelacionfm.cl\/index.php?rest_route=\/wp\/v2\/types\/post"}],"author":[{"embeddable":true,"href":"https:\/\/radiorevelacionfm.cl\/index.php?rest_route=\/wp\/v2\/users\/1"}],"replies":[{"embeddable":true,"href":"https:\/\/radiorevelacionfm.cl\/index.php?rest_route=%2Fwp%2Fv2%2Fcomments&post=33431"}],"version-history":[{"count":1,"href":"https:\/\/radiorevelacionfm.cl\/index.php?rest_route=\/wp\/v2\/posts\/33431\/revisions"}],"predecessor-version":[{"id":33433,"href":"https:\/\/radiorevelacionfm.cl\/index.php?rest_route=\/wp\/v2\/posts\/33431\/revisions\/33433"}],"wp:featuredmedia":[{"embeddable":true,"href":"https:\/\/radiorevelacionfm.cl\/index.php?rest_route=\/wp\/v2\/media\/33432"}],"wp:attachment":[{"href":"https:\/\/radiorevelacionfm.cl\/index.php?rest_route=%2Fwp%2Fv2%2Fmedia&parent=33431"}],"wp:term":[{"taxonomy":"category","embeddable":true,"href":"https:\/\/radiorevelacionfm.cl\/index.php?rest_route=%2Fwp%2Fv2%2Fcategories&post=33431"},{"taxonomy":"post_tag","embeddable":true,"href":"https:\/\/radiorevelacionfm.cl\/index.php?rest_route=%2Fwp%2Fv2%2Ftags&post=33431"}],"curies":[{"name":"wp","href":"https:\/\/api.w.org\/{rel}","templated":true}]}}