{"id":33427,"date":"2023-07-31T17:12:36","date_gmt":"2023-07-31T20:12:36","guid":{"rendered":"https:\/\/radiorevelacionfm.cl\/?p=33427"},"modified":"2023-07-31T17:12:36","modified_gmt":"2023-07-31T20:12:36","slug":"con-amplio-despliegue-se-lanzo-campana-de-veda-de-la-merluza-austral","status":"publish","type":"post","link":"https:\/\/radiorevelacionfm.cl\/?p=33427","title":{"rendered":"Con amplio despliegue se lanz\u00f3 campa\u00f1a de veda de la merluza austral"},"content":{"rendered":"<div class=\"flex_column av_one_full  flex_column_div av-zero-column-padding first  avia-builder-el-0  el_before_av_one_full  avia-builder-el-first  \" style='border-radius:0px; '><div  class='avia-image-container  av-styling-    avia-builder-el-1  avia-builder-el-no-sibling  avia-align-center '  itemprop=\"image\" itemscope=\"itemscope\" itemtype=\"https:\/\/schema.org\/ImageObject\"  ><div class='avia-image-container-inner'><div class='avia-image-overlay-wrap'><img decoding=\"async\" class='wp-image-33428 avia-img-lazy-loading-not-33428 avia_image' src=\"https:\/\/radiorevelacionfm.cl\/wp-content\/uploads\/2023\/07\/VEDA-MERLUZA-1-1.jpeg\" alt='' title='VEDA MERLUZA (1) (1)' height=\"600\" width=\"802\"  itemprop=\"thumbnailUrl\" srcset=\"https:\/\/radiorevelacionfm.cl\/wp-content\/uploads\/2023\/07\/VEDA-MERLUZA-1-1.jpeg 802w, https:\/\/radiorevelacionfm.cl\/wp-content\/uploads\/2023\/07\/VEDA-MERLUZA-1-1-300x224.jpeg 300w, https:\/\/radiorevelacionfm.cl\/wp-content\/uploads\/2023\/07\/VEDA-MERLUZA-1-1-768x575.jpeg 768w, https:\/\/radiorevelacionfm.cl\/wp-content\/uploads\/2023\/07\/VEDA-MERLUZA-1-1-705x527.jpeg 705w, https:\/\/radiorevelacionfm.cl\/wp-content\/uploads\/2023\/07\/VEDA-MERLUZA-1-1-450x337.jpeg 450w, https:\/\/radiorevelacionfm.cl\/wp-content\/uploads\/2023\/07\/VEDA-MERLUZA-1-1-600x449.jpeg 600w\" sizes=\"(max-width: 802px) 100vw, 802px\" \/><\/div><\/div><\/div><\/div><div class=\"flex_column av_one_full  flex_column_div av-zero-column-padding first  avia-builder-el-2  el_after_av_one_full  el_before_av_one_full  column-top-margin\" style='border-radius:0px; '><section class=\"av_textblock_section \"  itemscope=\"itemscope\" itemtype=\"https:\/\/schema.org\/BlogPosting\" itemprop=\"blogPost\" ><div class='avia_textblock  '   itemprop=\"text\" ><p style=\"text-align: center;\"><span style=\"font-size: 18pt;\"><strong>Con amplio despliegue se lanz\u00f3 campa\u00f1a de veda de la merluza austral<\/strong><\/span><\/p>\n<div id=\"gtx-trans\" style=\"position: absolute; left: -50px; top: 4.31534px;\">\n<div class=\"gtx-trans-icon\"><\/div>\n<\/div>\n<\/div><\/section><\/div><div class=\"flex_column av_one_full  flex_column_div av-zero-column-padding first  avia-builder-el-4  el_after_av_one_full  el_before_av_hr  column-top-margin\" style='border-radius:0px; '><section class=\"av_textblock_section \"  itemscope=\"itemscope\" itemtype=\"https:\/\/schema.org\/BlogPosting\" itemprop=\"blogPost\" ><div class='avia_textblock  '   itemprop=\"text\" ><p style=\"text-align: justify;\">El martes 01 de agosto a las 00:00 horas comienza la veda de uno de los recursos pesqueros m\u00e1s apetecidos de la macrozona sur y que, de acuerdo con el informe de la Subsecretar\u00eda de Pesca y Acuicultura, actualmente se encuentra en estado de sobreexplotaci\u00f3n. Es por esta raz\u00f3n que cada a\u00f1o se decreta una veda biol\u00f3gica entre el 1 y el 31 de agosto, para asegurar, al menos, un mes su periodo peak de desove, resguardando as\u00ed su reproducci\u00f3n.<\/p>\n<p style=\"text-align: justify;\">La veda biol\u00f3gica proh\u00edbe la extracci\u00f3n de merluza austral desde la regi\u00f3n de Los Lagos hasta Magallanes, de acuerdo al decreto exento N\u00b0140 de la Subpesca, que tambi\u00e9n proh\u00edbe la comercializaci\u00f3n, procesamiento, almacenamiento y transporte del recurso fresco en todo el territorio nacional.<\/p>\n<p style=\"text-align: justify;\">De esta pesquer\u00eda dependen m\u00e1s de 3 mil 500 pescadores -300 de ellas mujeres- quienes est\u00e1n autorizados para extraer merluza austral o del sur, de acuerdo al Registro Pesquero Artesanal que lleva Sernapesca.<\/p>\n<p style=\"text-align: justify;\">Cristian Hudson, director regional de Sernapesca Los Lagos, coment\u00f3 sobre el rol que tienen como Servicio durante la veda. \u00abComo todos los a\u00f1os, no s\u00f3lo hemos realizado difusi\u00f3n sobre esta importante veda, sino que adem\u00e1s estaremos desplegados en puntos estrat\u00e9gicos de la regi\u00f3n fiscalizando los recursos que se desembarcan, transportan, comercializan y almacenan. En este sentido, cabe destacar que antes del inicio de la veda hemos estado verificando en plantas y comercializadoras el stock de merluza congelada con el que cuentan, ya que en este estado si se puede comercializar, siempre y cuando haya sido obtenida antes del inicio de la veda\u201d, puntualiz\u00f3.<\/p>\n<p style=\"text-align: justify;\">La merluza austral es apreciada por su sabor y valor nutritivo, con m\u00ednimo aporte de grasas. Cada a\u00f1o, alrededor de 11 mil toneladas de productos derivados de este pescado, se env\u00edan a mercados como Espa\u00f1a, Polonia, Portugal, Brasil y Estados Unidos. En Chile queda aproximadamente un tercio del producto desembarcado, convirtiendo a la merluza austral en un producto estrat\u00e9gico y muy expuesto a la extracci\u00f3n y comercializaci\u00f3n ilegal, lo cual es una de las causas de la sobreexplotaci\u00f3n de esta especie.<\/p>\n<p style=\"text-align: justify;\">En los d\u00edas previos a la veda de la merluza, funcionarios y funcionarias de Sernapesca se han desplegado por distintas regiones desde La Araucan\u00eda a Magallanes, entregando informaci\u00f3n sobre la importancia de esta medida de administraci\u00f3n.<\/p>\n<p style=\"text-align: justify;\">Finalmente, desde Sernapesca hacen un llamado a la ciudadan\u00eda a sumarse a la campa\u00f1a: \u00abdurante agosto la austral fuera del plato\u00bb y respetar la veda, optando por el consumo de otros pescados y mariscos. En caso de detectar venta de merluza austral en estado fresco desde el 4 de agosto en adelante, realizar denuncias al tel\u00e9fono 800 320 032.<\/p>\n<\/div><\/section><\/div><div  style='height:50px' class='hr hr-invisible   avia-builder-el-6  el_after_av_one_full  el_before_av_social_share '><span class='hr-inner ' ><span class='hr-inner-style'><\/span><\/span><\/div><\/p>\n<div  class='av-social-sharing-box  avia-builder-el-7  el_after_av_hr  el_before_av_hr  '><div class='av-share-box'><h5 class='av-share-link-description av-no-toc '>Compartir esta noticia<\/h5><ul class='av-share-box-list noLightbox'><li class='av-share-link av-social-link-facebook' ><a target=\"_blank\" aria-label=\"Compartir en Facebook\" href='https:\/\/www.facebook.com\/sharer.php?u=https:\/\/radiorevelacionfm.cl\/?p=33427&#038;t=Con%20amplio%20despliegue%20se%20lanz%C3%B3%20campa%C3%B1a%20de%20veda%20de%20la%20merluza%20austral' aria-hidden='false' data-av_icon='\ue8f3' data-av_iconfont='entypo-fontello' title='' data-avia-related-tooltip='Compartir en Facebook' rel=\"noopener\"><span class='avia_hidden_link_text'>Compartir en Facebook<\/span><\/a><\/li><li class='av-share-link av-social-link-twitter' ><a target=\"_blank\" aria-label=\"Compartir en Twitter\" href='https:\/\/twitter.com\/share?text=Con%20amplio%20despliegue%20se%20lanz%C3%B3%20campa%C3%B1a%20de%20veda%20de%20la%20merluza%20austral&#038;url=https:\/\/radiorevelacionfm.cl\/?p=33427' aria-hidden='false' data-av_icon='\ue8f1' data-av_iconfont='entypo-fontello' title='' data-avia-related-tooltip='Compartir en Twitter' rel=\"noopener\"><span class='avia_hidden_link_text'>Compartir en Twitter<\/span><\/a><\/li><li class='av-share-link av-social-link-whatsapp' ><a target=\"_blank\" aria-label=\"Compartir en Whatsapp\" href='https:\/\/api.whatsapp.com\/send?text=https:\/\/radiorevelacionfm.cl\/?p=33427' aria-hidden='false' data-av_icon='\uf232' data-av_iconfont='entypo-fontello' title='' data-avia-related-tooltip='Compartir en Whatsapp' rel=\"noopener\"><span class='avia_hidden_link_text'>Compartir en Whatsapp<\/span><\/a><\/li><li class='av-share-link av-social-link-linkedin' ><a target=\"_blank\" aria-label=\"Compartir en LinkedIn\" href='https:\/\/linkedin.com\/shareArticle?mini=true&#038;title=Con%20amplio%20despliegue%20se%20lanz%C3%B3%20campa%C3%B1a%20de%20veda%20de%20la%20merluza%20austral&#038;url=https:\/\/radiorevelacionfm.cl\/?p=33427' aria-hidden='false' data-av_icon='\ue8fc' data-av_iconfont='entypo-fontello' title='' data-avia-related-tooltip='Compartir en LinkedIn' rel=\"noopener\"><span class='avia_hidden_link_text'>Compartir en LinkedIn<\/span><\/a><\/li><li class='av-share-link av-social-link-mail' ><a  aria-label=\"Compartir por correo\" href='mailto:?subject=Con%20amplio%20despliegue%20se%20lanz%C3%B3%20campa%C3%B1a%20de%20veda%20de%20la%20merluza%20austral&#038;body=https:\/\/radiorevelacionfm.cl\/?p=33427' aria-hidden='false' data-av_icon='\ue805' data-av_iconfont='entypo-fontello' title='' data-avia-related-tooltip='Compartir por correo'><span class='avia_hidden_link_text'>Compartir por correo<\/span><\/a><\/li><\/ul><\/div><\/div>\n<div  style='height:50px' class='hr hr-invisible   avia-builder-el-8  el_after_av_social_share  el_before_av_comments_list '><span class='hr-inner ' ><span class='hr-inner-style'><\/span><\/span><\/div>\n<div  class='av-buildercomment  av-blog-meta-html-info-disabled av-blog-meta-tag-disabled  '><\/div>\n","protected":false},"excerpt":{"rendered":"","protected":false},"author":1,"featured_media":33428,"comment_status":"open","ping_status":"open","sticky":false,"template":"","format":"standard","meta":{"footnotes":""},"categories":[60],"tags":[],"class_list":["post-33427","post","type-post","status-publish","format-standard","has-post-thumbnail","hentry","category-pesca"],"jetpack_featured_media_url":"https:\/\/radiorevelacionfm.cl\/wp-content\/uploads\/2023\/07\/VEDA-MERLUZA-1-1.jpeg","_links":{"self":[{"href":"https:\/\/radiorevelacionfm.cl\/index.php?rest_route=\/wp\/v2\/posts\/33427","targetHints":{"allow":["GET"]}}],"collection":[{"href":"https:\/\/radiorevelacionfm.cl\/index.php?rest_route=\/wp\/v2\/posts"}],"about":[{"href":"https:\/\/radiorevelacionfm.cl\/index.php?rest_route=\/wp\/v2\/types\/post"}],"author":[{"embeddable":true,"href":"https:\/\/radiorevelacionfm.cl\/index.php?rest_route=\/wp\/v2\/users\/1"}],"replies":[{"embeddable":true,"href":"https:\/\/radiorevelacionfm.cl\/index.php?rest_route=%2Fwp%2Fv2%2Fcomments&post=33427"}],"version-history":[{"count":1,"href":"https:\/\/radiorevelacionfm.cl\/index.php?rest_route=\/wp\/v2\/posts\/33427\/revisions"}],"predecessor-version":[{"id":33429,"href":"https:\/\/radiorevelacionfm.cl\/index.php?rest_route=\/wp\/v2\/posts\/33427\/revisions\/33429"}],"wp:featuredmedia":[{"embeddable":true,"href":"https:\/\/radiorevelacionfm.cl\/index.php?rest_route=\/wp\/v2\/media\/33428"}],"wp:attachment":[{"href":"https:\/\/radiorevelacionfm.cl\/index.php?rest_route=%2Fwp%2Fv2%2Fmedia&parent=33427"}],"wp:term":[{"taxonomy":"category","embeddable":true,"href":"https:\/\/radiorevelacionfm.cl\/index.php?rest_route=%2Fwp%2Fv2%2Fcategories&post=33427"},{"taxonomy":"post_tag","embeddable":true,"href":"https:\/\/radiorevelacionfm.cl\/index.php?rest_route=%2Fwp%2Fv2%2Ftags&post=33427"}],"curies":[{"name":"wp","href":"https:\/\/api.w.org\/{rel}","templated":true}]}}