{"id":33421,"date":"2023-07-31T16:04:49","date_gmt":"2023-07-31T19:04:49","guid":{"rendered":"https:\/\/radiorevelacionfm.cl\/?p=33421"},"modified":"2023-07-31T16:04:49","modified_gmt":"2023-07-31T19:04:49","slug":"reconocen-a-campesinas-y-campesinos-de-villa-manihuales-en-conmemoracion-de-su-dia","status":"publish","type":"post","link":"https:\/\/radiorevelacionfm.cl\/?p=33421","title":{"rendered":"Reconocen a campesinas y campesinos de Villa Ma\u00f1ihuales en conmemoraci\u00f3n de su d\u00eda"},"content":{"rendered":"<div class=\"flex_column av_one_full  flex_column_div av-zero-column-padding first  avia-builder-el-0  el_before_av_one_full  avia-builder-el-first  \" style='border-radius:0px; '><div  class='avia-image-container  av-styling-    avia-builder-el-1  avia-builder-el-no-sibling  avia-align-center '  itemprop=\"image\" itemscope=\"itemscope\" itemtype=\"https:\/\/schema.org\/ImageObject\"  ><div class='avia-image-container-inner'><div class='avia-image-overlay-wrap'><img decoding=\"async\" class='wp-image-33422 avia-img-lazy-loading-not-33422 avia_image' src=\"https:\/\/radiorevelacionfm.cl\/wp-content\/uploads\/2023\/07\/img_5370-1_optimized-1.jpg\" alt='' title='img_5370-(1)_optimized (1)' height=\"600\" width=\"900\"  itemprop=\"thumbnailUrl\" srcset=\"https:\/\/radiorevelacionfm.cl\/wp-content\/uploads\/2023\/07\/img_5370-1_optimized-1.jpg 900w, https:\/\/radiorevelacionfm.cl\/wp-content\/uploads\/2023\/07\/img_5370-1_optimized-1-300x200.jpg 300w, https:\/\/radiorevelacionfm.cl\/wp-content\/uploads\/2023\/07\/img_5370-1_optimized-1-768x512.jpg 768w, https:\/\/radiorevelacionfm.cl\/wp-content\/uploads\/2023\/07\/img_5370-1_optimized-1-705x470.jpg 705w, https:\/\/radiorevelacionfm.cl\/wp-content\/uploads\/2023\/07\/img_5370-1_optimized-1-450x300.jpg 450w, https:\/\/radiorevelacionfm.cl\/wp-content\/uploads\/2023\/07\/img_5370-1_optimized-1-600x400.jpg 600w\" sizes=\"(max-width: 900px) 100vw, 900px\" \/><\/div><\/div><\/div><\/div><div class=\"flex_column av_one_full  flex_column_div av-zero-column-padding first  avia-builder-el-2  el_after_av_one_full  el_before_av_one_full  column-top-margin\" style='border-radius:0px; '><section class=\"av_textblock_section \"  itemscope=\"itemscope\" itemtype=\"https:\/\/schema.org\/BlogPosting\" itemprop=\"blogPost\" ><div class='avia_textblock  '   itemprop=\"text\" ><p style=\"text-align: center;\"><strong><span style=\"font-size: 18pt;\">Reconocen a campesinas y campesinos de Villa Ma\u00f1ihuales en conmemoraci\u00f3n de su d\u00eda<\/span><\/strong><\/p>\n<div id=\"gtx-trans\" style=\"position: absolute; left: -50px; top: 4.31534px;\">\n<div class=\"gtx-trans-icon\"><\/div>\n<\/div>\n<\/div><\/section><\/div><div class=\"flex_column av_one_full  flex_column_div av-zero-column-padding first  avia-builder-el-4  el_after_av_one_full  el_before_av_hr  column-top-margin\" style='border-radius:0px; '><section class=\"av_textblock_section \"  itemscope=\"itemscope\" itemtype=\"https:\/\/schema.org\/BlogPosting\" itemprop=\"blogPost\" ><div class='avia_textblock  '   itemprop=\"text\" ><p style=\"text-align: justify;\">El viernes 28 de julio se conmemor\u00f3 un nuevo D\u00eda de las Campesinas y los Campesinos, por lo cual la Municipalidad de Ays\u00e9n, a trav\u00e9s de la Oficina del Campesino y el Programa Quiero Mi Barrio, desarroll\u00f3 una actividad en el Club de Rodeo Chileno de Villa Ma\u00f1ihuales. En la instancia particip\u00f3 el alcalde de la comuna, Julio Uribe Alvarado, junto a autoridades comunales y regionales, adem\u00e1s de contar con la presentaci\u00f3n de n\u00fameros musicales.<\/p>\n<p style=\"text-align: justify;\">La celebraci\u00f3n de este d\u00eda se realiza cada 28 de julio en recuerdo de la fecha de promulgaci\u00f3n de las leyes de Reforma Agraria y de Sindicalizaci\u00f3n Campesina, ambas en 1967. Desde 1980, esta celebraci\u00f3n fue denominada como \u201cD\u00eda del Campesino\u201d y a partir de 2015 pas\u00f3 a llamarse \u201cD\u00eda de las Campesinas y los Campesinos\u201d, y su importancia radica en el reconocimiento del aporte con que han contribuido mujeres, hombres y j\u00f3venes de los campos del pa\u00eds para el crecimiento y desarrollo econ\u00f3mico y social de Chile.<\/p>\n<p style=\"text-align: justify;\">Nadia Bravo, encargada de la Oficina del Campesino, coment\u00f3 que \u201ccontamos con la asistencia de m\u00e1s de sesenta personas, entre las cuales invitamos a varias a reconocer su trabajo y esfuerzo en lo relacionado con la horticultura, por lo que queremos agradecer a todas las personas que se encuentran aqu\u00ed y las dejamos invitadas a seguir participando\u201d, destacando que su trabajo ser\u00e1 de enorme importancia con la cercan\u00eda de la celebraci\u00f3n de las Fiestas Patrias.<\/p>\n<p style=\"text-align: justify;\">Respecto de la importancia de esta celebraci\u00f3n, el alcalde Uribe manifest\u00f3 que \u201cpara nosotros es un honor venir a compartir con nuestros vecinos, quienes nos han dado momentos muy lindos, disfrutando del relato de personas maravillosas\u201d, recalcando el valor humano que existe en quienes trabajan en labores agr\u00edcolas en la comuna.<\/p>\n<p style=\"text-align: justify;\">Adem\u00e1s, Uribe destac\u00f3 que \u201cuno de los trabajos m\u00e1s importantes de nuestra administraci\u00f3n ha sido poder mantenernos cercanos, capacitar y entregarle insumos a nuestras campesinas y campesinos gracias a los convenios que hemos suscrito con INDAP y CONAF\u201d, agregando que \u201ctambi\u00e9n generamos, formulamos y desarrollamos proyectos para las personas a trav\u00e9s de nuestra Oficina del Campesino, por lo que consideramos que es de suma importancia mantener y reafianzar estos v\u00ednculos\u201d.<\/p>\n<p style=\"text-align: justify;\">El trabajo de la Oficina del Campesino ha sido uno de los principales ejes de la actual administraci\u00f3n, en la cual se encuentran inscritas m\u00e1s de 300 personas. Desde la creaci\u00f3n de la Oficina, se han realizado seis Ferias Campesinas, gracias a las que se han recaudado m\u00e1s de trece millones de pesos, los que van en directo beneficio de la agricultura familiar campesina, contribuyendo al desarrollo econ\u00f3mico local de Ays\u00e9n.<\/p>\n<p style=\"text-align: justify;\">De la misma manera, gracias al trabajo conjunto con la Seremi de Agricultura, el Gobierno Regional y su Consejo, se permiti\u00f3 el financiamiento y entrega de fertilizantes y alimentos concentrados para las campesinas y campesinos de la comuna, sumando en total m\u00e1s de 60 mil kilos de insumos en directo beneficio de quienes trabajan nuestra tierra.<\/p>\n<p style=\"text-align: justify;\">Acciones como las descritas previamente dan cuenta del arduo trabajo que se ha realizado durante el \u00faltimo a\u00f1o, tiempo en el cual tambi\u00e9n se han realizado capacitaciones en diversas materias t\u00e9cnicas, legales y de normativa, las que han permitido que nuestras campesinas y campesinos puedan sacar mejor provecho de sus campos, incrementando su producci\u00f3n de manera sustentable, respetando el cuidado por el entorno.<\/p>\n<\/div><\/section><\/div><div  style='height:50px' class='hr hr-invisible   avia-builder-el-6  el_after_av_one_full  el_before_av_social_share '><span class='hr-inner ' ><span class='hr-inner-style'><\/span><\/span><\/div><\/p>\n<div  class='av-social-sharing-box  avia-builder-el-7  el_after_av_hr  el_before_av_hr  '><div class='av-share-box'><h5 class='av-share-link-description av-no-toc '>Compartir esta noticia<\/h5><ul class='av-share-box-list noLightbox'><li class='av-share-link av-social-link-facebook' ><a target=\"_blank\" aria-label=\"Compartir en Facebook\" href='https:\/\/www.facebook.com\/sharer.php?u=https:\/\/radiorevelacionfm.cl\/?p=33421&#038;t=Reconocen%20a%20campesinas%20y%20campesinos%20de%20Villa%20Ma%C3%B1ihuales%20en%20conmemoraci%C3%B3n%20de%20su%20d%C3%ADa' aria-hidden='false' data-av_icon='\ue8f3' data-av_iconfont='entypo-fontello' title='' data-avia-related-tooltip='Compartir en Facebook' rel=\"noopener\"><span class='avia_hidden_link_text'>Compartir en Facebook<\/span><\/a><\/li><li class='av-share-link av-social-link-twitter' ><a target=\"_blank\" aria-label=\"Compartir en Twitter\" href='https:\/\/twitter.com\/share?text=Reconocen%20a%20campesinas%20y%20campesinos%20de%20Villa%20Ma%C3%B1ihuales%20en%20conmemoraci%C3%B3n%20de%20su%20d%C3%ADa&#038;url=https:\/\/radiorevelacionfm.cl\/?p=33421' aria-hidden='false' data-av_icon='\ue8f1' data-av_iconfont='entypo-fontello' title='' data-avia-related-tooltip='Compartir en Twitter' rel=\"noopener\"><span class='avia_hidden_link_text'>Compartir en Twitter<\/span><\/a><\/li><li class='av-share-link av-social-link-whatsapp' ><a target=\"_blank\" aria-label=\"Compartir en Whatsapp\" href='https:\/\/api.whatsapp.com\/send?text=https:\/\/radiorevelacionfm.cl\/?p=33421' aria-hidden='false' data-av_icon='\uf232' data-av_iconfont='entypo-fontello' title='' data-avia-related-tooltip='Compartir en Whatsapp' rel=\"noopener\"><span class='avia_hidden_link_text'>Compartir en Whatsapp<\/span><\/a><\/li><li class='av-share-link av-social-link-linkedin' ><a target=\"_blank\" aria-label=\"Compartir en LinkedIn\" href='https:\/\/linkedin.com\/shareArticle?mini=true&#038;title=Reconocen%20a%20campesinas%20y%20campesinos%20de%20Villa%20Ma%C3%B1ihuales%20en%20conmemoraci%C3%B3n%20de%20su%20d%C3%ADa&#038;url=https:\/\/radiorevelacionfm.cl\/?p=33421' aria-hidden='false' data-av_icon='\ue8fc' data-av_iconfont='entypo-fontello' title='' data-avia-related-tooltip='Compartir en LinkedIn' rel=\"noopener\"><span class='avia_hidden_link_text'>Compartir en LinkedIn<\/span><\/a><\/li><li class='av-share-link av-social-link-mail' ><a  aria-label=\"Compartir por correo\" href='mailto:?subject=Reconocen%20a%20campesinas%20y%20campesinos%20de%20Villa%20Ma%C3%B1ihuales%20en%20conmemoraci%C3%B3n%20de%20su%20d%C3%ADa&#038;body=https:\/\/radiorevelacionfm.cl\/?p=33421' aria-hidden='false' data-av_icon='\ue805' data-av_iconfont='entypo-fontello' title='' data-avia-related-tooltip='Compartir por correo'><span class='avia_hidden_link_text'>Compartir por correo<\/span><\/a><\/li><\/ul><\/div><\/div>\n<div  style='height:50px' class='hr hr-invisible   avia-builder-el-8  el_after_av_social_share  el_before_av_comments_list '><span class='hr-inner ' ><span class='hr-inner-style'><\/span><\/span><\/div>\n<div  class='av-buildercomment  av-blog-meta-html-info-disabled av-blog-meta-tag-disabled  '><\/div>\n","protected":false},"excerpt":{"rendered":"","protected":false},"author":1,"featured_media":33422,"comment_status":"open","ping_status":"open","sticky":false,"template":"","format":"standard","meta":{"footnotes":""},"categories":[38],"tags":[],"class_list":["post-33421","post","type-post","status-publish","format-standard","has-post-thumbnail","hentry","category-regional"],"jetpack_featured_media_url":"https:\/\/radiorevelacionfm.cl\/wp-content\/uploads\/2023\/07\/img_5370-1_optimized-1.jpg","_links":{"self":[{"href":"https:\/\/radiorevelacionfm.cl\/index.php?rest_route=\/wp\/v2\/posts\/33421","targetHints":{"allow":["GET"]}}],"collection":[{"href":"https:\/\/radiorevelacionfm.cl\/index.php?rest_route=\/wp\/v2\/posts"}],"about":[{"href":"https:\/\/radiorevelacionfm.cl\/index.php?rest_route=\/wp\/v2\/types\/post"}],"author":[{"embeddable":true,"href":"https:\/\/radiorevelacionfm.cl\/index.php?rest_route=\/wp\/v2\/users\/1"}],"replies":[{"embeddable":true,"href":"https:\/\/radiorevelacionfm.cl\/index.php?rest_route=%2Fwp%2Fv2%2Fcomments&post=33421"}],"version-history":[{"count":1,"href":"https:\/\/radiorevelacionfm.cl\/index.php?rest_route=\/wp\/v2\/posts\/33421\/revisions"}],"predecessor-version":[{"id":33423,"href":"https:\/\/radiorevelacionfm.cl\/index.php?rest_route=\/wp\/v2\/posts\/33421\/revisions\/33423"}],"wp:featuredmedia":[{"embeddable":true,"href":"https:\/\/radiorevelacionfm.cl\/index.php?rest_route=\/wp\/v2\/media\/33422"}],"wp:attachment":[{"href":"https:\/\/radiorevelacionfm.cl\/index.php?rest_route=%2Fwp%2Fv2%2Fmedia&parent=33421"}],"wp:term":[{"taxonomy":"category","embeddable":true,"href":"https:\/\/radiorevelacionfm.cl\/index.php?rest_route=%2Fwp%2Fv2%2Fcategories&post=33421"},{"taxonomy":"post_tag","embeddable":true,"href":"https:\/\/radiorevelacionfm.cl\/index.php?rest_route=%2Fwp%2Fv2%2Ftags&post=33421"}],"curies":[{"name":"wp","href":"https:\/\/api.w.org\/{rel}","templated":true}]}}