{"id":33417,"date":"2023-07-31T14:34:20","date_gmt":"2023-07-31T17:34:20","guid":{"rendered":"https:\/\/radiorevelacionfm.cl\/?p=33417"},"modified":"2023-08-19T20:34:37","modified_gmt":"2023-08-19T23:34:37","slug":"director-de-seguridad-publica-de-aysen-participa-en-seminario-internacional-de-seguridad","status":"publish","type":"post","link":"https:\/\/radiorevelacionfm.cl\/?p=33417","title":{"rendered":"Director de Seguridad P\u00fablica de Ays\u00e9n participa en Seminario Internacional de Seguridad"},"content":{"rendered":"<div class=\"flex_column av_one_full  flex_column_div av-zero-column-padding first  avia-builder-el-0  el_before_av_one_full  avia-builder-el-first  \" style='border-radius:0px; '><div  class='avia-image-container  av-styling-    avia-builder-el-1  avia-builder-el-no-sibling  avia-align-center '  itemprop=\"image\" itemscope=\"itemscope\" itemtype=\"https:\/\/schema.org\/ImageObject\"  ><div class='avia-image-container-inner'><div class='avia-image-overlay-wrap'><img decoding=\"async\" class='wp-image-33419 avia-img-lazy-loading-not-33419 avia_image' src=\"https:\/\/radiorevelacionfm.cl\/wp-content\/uploads\/2023\/07\/nfotografia-2-2-1_optimized.jpg\" alt='' title='nfotograf\u00eda-2-(2)-(1)_optimized' height=\"600\" width=\"1066\"  itemprop=\"thumbnailUrl\" srcset=\"https:\/\/radiorevelacionfm.cl\/wp-content\/uploads\/2023\/07\/nfotografia-2-2-1_optimized.jpg 1066w, https:\/\/radiorevelacionfm.cl\/wp-content\/uploads\/2023\/07\/nfotografia-2-2-1_optimized-300x169.jpg 300w, https:\/\/radiorevelacionfm.cl\/wp-content\/uploads\/2023\/07\/nfotografia-2-2-1_optimized-1030x580.jpg 1030w, https:\/\/radiorevelacionfm.cl\/wp-content\/uploads\/2023\/07\/nfotografia-2-2-1_optimized-768x432.jpg 768w, https:\/\/radiorevelacionfm.cl\/wp-content\/uploads\/2023\/07\/nfotografia-2-2-1_optimized-705x397.jpg 705w, https:\/\/radiorevelacionfm.cl\/wp-content\/uploads\/2023\/07\/nfotografia-2-2-1_optimized-450x253.jpg 450w, https:\/\/radiorevelacionfm.cl\/wp-content\/uploads\/2023\/07\/nfotografia-2-2-1_optimized-600x338.jpg 600w\" sizes=\"(max-width: 1066px) 100vw, 1066px\" \/><\/div><\/div><\/div><\/div><div class=\"flex_column av_one_full  flex_column_div av-zero-column-padding first  avia-builder-el-2  el_after_av_one_full  el_before_av_one_full  column-top-margin\" style='border-radius:0px; '><section class=\"av_textblock_section \"  itemscope=\"itemscope\" itemtype=\"https:\/\/schema.org\/BlogPosting\" itemprop=\"blogPost\" ><div class='avia_textblock  '   itemprop=\"text\" ><p style=\"text-align: center;\"><span style=\"font-size: 18pt;\"><strong>Director de Seguridad P\u00fablica de Ays\u00e9n participa en Seminario Internacional de Seguridad<\/strong><\/span><\/p>\n<div id=\"gtx-trans\" style=\"position: absolute; left: -50px; top: 4.31534px;\">\n<div class=\"gtx-trans-icon\"><\/div>\n<\/div>\n<\/div><\/section><\/div><div class=\"flex_column av_one_full  flex_column_div av-zero-column-padding first  avia-builder-el-4  el_after_av_one_full  el_before_av_hr  column-top-margin\" style='border-radius:0px; '><section class=\"av_textblock_section \"  itemscope=\"itemscope\" itemtype=\"https:\/\/schema.org\/BlogPosting\" itemprop=\"blogPost\" ><div class='avia_textblock  '   itemprop=\"text\" ><p style=\"text-align: justify;\">Desarrollada por la Asociaci\u00f3n Chilena de Municipalidades y el Ministerio del Interior, la actividad cont\u00f3 con la participaci\u00f3n de la presidenta de la Asociaci\u00f3n Chilena de Municipalidades Carolina Leitao, la Ministra del Interior Carolina Toh\u00e1 y el Subsecretario de Seguridad P\u00fablica Eduardo Vergara, adem\u00e1s de expositores de Chile, Colombia, M\u00e9xico y Uruguay.<\/p>\n<p style=\"text-align: justify;\">Fortalecer la gesti\u00f3n local en materia de Seguridad P\u00fablica, fue el\u00a0objetivo de este importante Seminario Internacional realizado en Santiago y en donde particip\u00f3 el Director de Seguridad P\u00fablica de la Ilustre Municipalidad de Ays\u00e9n, Marco Co\u00f1uecar. En la instancia, se abordaron los \u00e9nfasis que cada comuna deber\u00eda aplicar a los territorios.<\/p>\n<p style=\"text-align: justify;\">El Director de Seguridad P\u00fablica valor\u00f3 este tipo de instancias, donde se pueden recoger experiencias de otros pa\u00edses que puedan servir para el desarrollo de nuevas iniciativas sobre prevenci\u00f3n del delito; \u201cfue un importante espacio de aprendizaje, estuvimos con m\u00e1s de 100 Directores de Seguridad de nuestro pa\u00eds, se vienen importantes cambios y un reconocimiento a nuestro trabajo, pudimos conocer experiencias internacionales que podremos replicar en Ays\u00e9n en materia de control del delito\u201d, especific\u00f3 Co\u00f1uecar.<\/p>\n<p style=\"text-align: justify;\">Dentro del seminario se abordaron las experiencias de seguridad en Am\u00e9rica Latina, la comunidad y la prevenci\u00f3n del delito desde las perspectivas locales, estrategias preventivas frente al narcotr\u00e1fico y microtr\u00e1fico, delitos violentos, crimen organizado y la pol\u00edtica integral de seguridad p\u00fablica en Chile.<\/p>\n<\/div><\/section><\/div><div  style='height:50px' class='hr hr-invisible   avia-builder-el-6  el_after_av_one_full  el_before_av_social_share '><span class='hr-inner ' ><span class='hr-inner-style'><\/span><\/span><\/div><\/p>\n<div  class='av-social-sharing-box  avia-builder-el-7  el_after_av_hr  el_before_av_hr  '><div class='av-share-box'><h5 class='av-share-link-description av-no-toc '>Compartir esta noticia<\/h5><ul class='av-share-box-list noLightbox'><li class='av-share-link av-social-link-facebook' ><a target=\"_blank\" aria-label=\"Compartir en Facebook\" href='https:\/\/www.facebook.com\/sharer.php?u=https:\/\/radiorevelacionfm.cl\/?p=33417&#038;t=Director%20de%20Seguridad%20P%C3%BAblica%20de%20Ays%C3%A9n%20participa%20en%20Seminario%20Internacional%20de%20Seguridad' aria-hidden='false' data-av_icon='\ue8f3' data-av_iconfont='entypo-fontello' title='' data-avia-related-tooltip='Compartir en Facebook' rel=\"noopener\"><span class='avia_hidden_link_text'>Compartir en Facebook<\/span><\/a><\/li><li class='av-share-link av-social-link-twitter' ><a target=\"_blank\" aria-label=\"Compartir en Twitter\" href='https:\/\/twitter.com\/share?text=Director%20de%20Seguridad%20P%C3%BAblica%20de%20Ays%C3%A9n%20participa%20en%20Seminario%20Internacional%20de%20Seguridad&#038;url=https:\/\/radiorevelacionfm.cl\/?p=33417' aria-hidden='false' data-av_icon='\ue8f1' data-av_iconfont='entypo-fontello' title='' data-avia-related-tooltip='Compartir en Twitter' rel=\"noopener\"><span class='avia_hidden_link_text'>Compartir en Twitter<\/span><\/a><\/li><li class='av-share-link av-social-link-whatsapp' ><a target=\"_blank\" aria-label=\"Compartir en Whatsapp\" href='https:\/\/api.whatsapp.com\/send?text=https:\/\/radiorevelacionfm.cl\/?p=33417' aria-hidden='false' data-av_icon='\uf232' data-av_iconfont='entypo-fontello' title='' data-avia-related-tooltip='Compartir en Whatsapp' rel=\"noopener\"><span class='avia_hidden_link_text'>Compartir en Whatsapp<\/span><\/a><\/li><li class='av-share-link av-social-link-linkedin' ><a target=\"_blank\" aria-label=\"Compartir en LinkedIn\" href='https:\/\/linkedin.com\/shareArticle?mini=true&#038;title=Director%20de%20Seguridad%20P%C3%BAblica%20de%20Ays%C3%A9n%20participa%20en%20Seminario%20Internacional%20de%20Seguridad&#038;url=https:\/\/radiorevelacionfm.cl\/?p=33417' aria-hidden='false' data-av_icon='\ue8fc' data-av_iconfont='entypo-fontello' title='' data-avia-related-tooltip='Compartir en LinkedIn' rel=\"noopener\"><span class='avia_hidden_link_text'>Compartir en LinkedIn<\/span><\/a><\/li><li class='av-share-link av-social-link-mail' ><a  aria-label=\"Compartir por correo\" href='mailto:?subject=Director%20de%20Seguridad%20P%C3%BAblica%20de%20Ays%C3%A9n%20participa%20en%20Seminario%20Internacional%20de%20Seguridad&#038;body=https:\/\/radiorevelacionfm.cl\/?p=33417' aria-hidden='false' data-av_icon='\ue805' data-av_iconfont='entypo-fontello' title='' data-avia-related-tooltip='Compartir por correo'><span class='avia_hidden_link_text'>Compartir por correo<\/span><\/a><\/li><\/ul><\/div><\/div>\n<div  style='height:50px' class='hr hr-invisible   avia-builder-el-8  el_after_av_social_share  el_before_av_comments_list '><span class='hr-inner ' ><span class='hr-inner-style'><\/span><\/span><\/div>\n<div  class='av-buildercomment  av-blog-meta-html-info-disabled av-blog-meta-tag-disabled  '><\/div>\n","protected":false},"excerpt":{"rendered":"","protected":false},"author":1,"featured_media":33419,"comment_status":"open","ping_status":"open","sticky":false,"template":"","format":"standard","meta":{"footnotes":""},"categories":[38],"tags":[],"class_list":["post-33417","post","type-post","status-publish","format-standard","has-post-thumbnail","hentry","category-regional"],"jetpack_featured_media_url":"https:\/\/radiorevelacionfm.cl\/wp-content\/uploads\/2023\/07\/nfotografia-2-2-1_optimized.jpg","_links":{"self":[{"href":"https:\/\/radiorevelacionfm.cl\/index.php?rest_route=\/wp\/v2\/posts\/33417","targetHints":{"allow":["GET"]}}],"collection":[{"href":"https:\/\/radiorevelacionfm.cl\/index.php?rest_route=\/wp\/v2\/posts"}],"about":[{"href":"https:\/\/radiorevelacionfm.cl\/index.php?rest_route=\/wp\/v2\/types\/post"}],"author":[{"embeddable":true,"href":"https:\/\/radiorevelacionfm.cl\/index.php?rest_route=\/wp\/v2\/users\/1"}],"replies":[{"embeddable":true,"href":"https:\/\/radiorevelacionfm.cl\/index.php?rest_route=%2Fwp%2Fv2%2Fcomments&post=33417"}],"version-history":[{"count":1,"href":"https:\/\/radiorevelacionfm.cl\/index.php?rest_route=\/wp\/v2\/posts\/33417\/revisions"}],"predecessor-version":[{"id":33420,"href":"https:\/\/radiorevelacionfm.cl\/index.php?rest_route=\/wp\/v2\/posts\/33417\/revisions\/33420"}],"wp:featuredmedia":[{"embeddable":true,"href":"https:\/\/radiorevelacionfm.cl\/index.php?rest_route=\/wp\/v2\/media\/33419"}],"wp:attachment":[{"href":"https:\/\/radiorevelacionfm.cl\/index.php?rest_route=%2Fwp%2Fv2%2Fmedia&parent=33417"}],"wp:term":[{"taxonomy":"category","embeddable":true,"href":"https:\/\/radiorevelacionfm.cl\/index.php?rest_route=%2Fwp%2Fv2%2Fcategories&post=33417"},{"taxonomy":"post_tag","embeddable":true,"href":"https:\/\/radiorevelacionfm.cl\/index.php?rest_route=%2Fwp%2Fv2%2Ftags&post=33417"}],"curies":[{"name":"wp","href":"https:\/\/api.w.org\/{rel}","templated":true}]}}