{"id":33414,"date":"2023-07-31T13:40:55","date_gmt":"2023-07-31T16:40:55","guid":{"rendered":"https:\/\/radiorevelacionfm.cl\/?p=33414"},"modified":"2023-07-31T13:40:55","modified_gmt":"2023-07-31T16:40:55","slug":"quelequen-se-queda-con-el-oro-del-9-seven-de-las-nieves","status":"publish","type":"post","link":"https:\/\/radiorevelacionfm.cl\/?p=33414","title":{"rendered":"Quelequ\u00e9n se queda con el oro del 9\u00b0 Seven de las Nieves"},"content":{"rendered":"<div class=\"flex_column av_one_full  flex_column_div av-zero-column-padding first  avia-builder-el-0  el_before_av_one_full  avia-builder-el-first  \" style='border-radius:0px; '><div  class='avia-image-container  av-styling-    avia-builder-el-1  avia-builder-el-no-sibling  avia-align-center '  itemprop=\"image\" itemscope=\"itemscope\" itemtype=\"https:\/\/schema.org\/ImageObject\"  ><div class='avia-image-container-inner'><div class='avia-image-overlay-wrap'><img decoding=\"async\" class='wp-image-33415 avia-img-lazy-loading-not-33415 avia_image' src=\"https:\/\/radiorevelacionfm.cl\/wp-content\/uploads\/2023\/07\/oymox7ga-1_optimized-1.jpeg\" alt='' title='oymox7ga-(1)_optimized (1)' height=\"600\" width=\"900\"  itemprop=\"thumbnailUrl\" srcset=\"https:\/\/radiorevelacionfm.cl\/wp-content\/uploads\/2023\/07\/oymox7ga-1_optimized-1.jpeg 900w, https:\/\/radiorevelacionfm.cl\/wp-content\/uploads\/2023\/07\/oymox7ga-1_optimized-1-300x200.jpeg 300w, https:\/\/radiorevelacionfm.cl\/wp-content\/uploads\/2023\/07\/oymox7ga-1_optimized-1-768x512.jpeg 768w, https:\/\/radiorevelacionfm.cl\/wp-content\/uploads\/2023\/07\/oymox7ga-1_optimized-1-705x470.jpeg 705w, https:\/\/radiorevelacionfm.cl\/wp-content\/uploads\/2023\/07\/oymox7ga-1_optimized-1-450x300.jpeg 450w, https:\/\/radiorevelacionfm.cl\/wp-content\/uploads\/2023\/07\/oymox7ga-1_optimized-1-600x400.jpeg 600w\" sizes=\"(max-width: 900px) 100vw, 900px\" \/><\/div><\/div><\/div><\/div><div class=\"flex_column av_one_full  flex_column_div av-zero-column-padding first  avia-builder-el-2  el_after_av_one_full  el_before_av_one_full  column-top-margin\" style='border-radius:0px; '><section class=\"av_textblock_section \"  itemscope=\"itemscope\" itemtype=\"https:\/\/schema.org\/BlogPosting\" itemprop=\"blogPost\" ><div class='avia_textblock  '   itemprop=\"text\" ><p style=\"text-align: center;\"><span style=\"font-size: 18pt;\"><strong>Quelequ\u00e9n se queda con el oro del 9\u00b0 Seven de las Nieves<\/strong><\/span><\/p>\n<div id=\"gtx-trans\" style=\"position: absolute; left: -50px; top: 4.31534px;\">\n<div class=\"gtx-trans-icon\"><\/div>\n<\/div>\n<\/div><\/section><\/div><div class=\"flex_column av_one_full  flex_column_div av-zero-column-padding first  avia-builder-el-4  el_after_av_one_full  el_before_av_hr  column-top-margin\" style='border-radius:0px; '><section class=\"av_textblock_section \"  itemscope=\"itemscope\" itemtype=\"https:\/\/schema.org\/BlogPosting\" itemprop=\"blogPost\" ><div class='avia_textblock  '   itemprop=\"text\" ><p style=\"text-align: justify;\">Este fin de semana se vivi\u00f3 el tradicional torneo de rugby \u201cSeven de las Nieves\u201d, campeonato organizado por Quelequ\u00e9n R.C, que este a\u00f1o por condiciones clim\u00e1ticas se realiz\u00f3 en el Lodge \u201cCinco R\u00edos\u201d de Coyhaique. A la cita, concurrieron 8 delegaciones en las categor\u00edas masculina, femenina, infantil y juvenil, en una gran tarde en la Patagonia chilena.<\/p>\n<p style=\"text-align: justify;\">La intensa lluvia, el viento y las bajas temperaturas no fueron impedimento para esta gran fiesta del rugby, la jornada inici\u00f3 con la entonaci\u00f3n del himno patrio interpretado por la Banda Instrumental de Carabineros de la Prefectura N\u00b027 de la Regi\u00f3n de Ays\u00e9n y cont\u00f3 con la presencia del\u00a0 Alcalde de Coyhaique, Carlos Gatica, quien se dirigi\u00f3 a los jugadores\u00a0 y asistentes del evento destacando la importancia del deporte en la Regi\u00f3n de Ays\u00e9n.<\/p>\n<p style=\"text-align: justify;\">En categor\u00eda varones, obtuvo la copa de oro QUELEQUEN, Copa de plata Cai Ca\u00ed RC de Quell\u00f3n y Copa de Bronce Glaciares Rugby de Cochrane.<\/p>\n<p style=\"text-align: justify;\">La categor\u00eda femenina, se coron\u00f3 Quelequ\u00e9n con la copa de oro y &#8211; Copa de Plata Corsarios de Coquimbo\/La Serena.<\/p>\n<p style=\"text-align: justify;\">La Competencia tuvo formato cuadrangular todos contra todos, siendo el referee del encuentro el \u00e1rbitro URA\u00a0 el argentino Juli\u00e1n Osvaldo Ciancio, alias\u00a0 \u201cel YaKee\u201d.<\/p>\n<p style=\"text-align: justify;\">En la parte competitiva la categor\u00eda infantiles y juveniles los \u201cDragoncitos de Quelequ\u00e9n\u201d se enfrentaron al conjunto La Manada RC de Puerto Ays\u00e9n, brindando un partido ajustado y con un amplio despliegue f\u00edsico por parte de ambas escuadras.<\/p>\n<p style=\"text-align: justify;\">Renato Mej\u00edas Badilla, de 12 a\u00f1os, es uno de los tres hermanos que juegan en Dragoncitos, quien se destac\u00f3 por sus tackles \u201c<em>Fue un bonito encuentro, no sent\u00ed fr\u00edo, es mi segundo Seven y estoy muy contento jugamos bien a pesar de que llov\u00eda mucho y el fr\u00edo, no nos complic\u00f3 para nada\u201d <\/em>se\u00f1al\u00f3.<\/p>\n<p style=\"text-align: justify;\">Por otra parte dentro de los juveniles se encuentra Fernando Aranda Vargas, 16 a\u00f1os, quien se destac\u00f3 por su velocidad y agilidad en el recortado de pasto marcando try para su equipo \u201c<em>Fue un gran partido con Manada, esperamos seguir teniendo encuentros m\u00e1s seguidos y hacer m\u00e1s conocido este deporte en la Regi\u00f3n de Ays\u00e9n\u201d.<\/em><\/p>\n<p style=\"text-align: justify;\">Una de las virtudes del deporte de la ovalada es la amistad y camarader\u00eda, y as\u00ed lo demostr\u00f3 el jugador de juveniles de Dragoncitos, Ignacio Alvarado J\u00e9rez, quien no s\u00f3lo se destac\u00f3 dentro de la cancha, con sus pases certeros, sino que no dudo en socorrer a un jugador de Manada quien se encontraba lesionado saliendo de la cancha para auxiliarlo.<\/p>\n<p style=\"text-align: justify;\">La Directiva de Quelequ\u00e9n agradeci\u00f3 el apoyo a la familia del Rugby.al Municipio de Ib\u00e1\u00f1ez y Coyhaique, CONAF, Lodge \u201cCinco Rios\u201d, Rugby Chile y de empresas locales como Hiperpatag\u00f3nico, La Palestina, El Arriero, Mas que Pizza, Mamma Gaucha, Grupo Clean, Vieo Bar West, Delibreak por el apoyo prestado para el desarrollo de este importante evento.<\/p>\n<p style=\"text-align: justify;\">La jornada cerr\u00f3 con un balance positivo y un tercer tiempo para todas las categor\u00edas, prepar\u00e1ndose desde ya para el 10\u00b0 \u201cSeven de las Nieves 2024\u201d.<\/p>\n<\/div><\/section><\/div><div  style='height:50px' class='hr hr-invisible   avia-builder-el-6  el_after_av_one_full  el_before_av_social_share '><span class='hr-inner ' ><span class='hr-inner-style'><\/span><\/span><\/div><\/p>\n<div  class='av-social-sharing-box  avia-builder-el-7  el_after_av_hr  el_before_av_hr  '><div class='av-share-box'><h5 class='av-share-link-description av-no-toc '>Compartir esta noticia<\/h5><ul class='av-share-box-list noLightbox'><li class='av-share-link av-social-link-facebook' ><a target=\"_blank\" aria-label=\"Compartir en Facebook\" href='https:\/\/www.facebook.com\/sharer.php?u=https:\/\/radiorevelacionfm.cl\/?p=33414&#038;t=Quelequ%C3%A9n%20se%20queda%20con%20el%20oro%20del%209%C2%B0%20Seven%20de%20las%20Nieves' aria-hidden='false' data-av_icon='\ue8f3' data-av_iconfont='entypo-fontello' title='' data-avia-related-tooltip='Compartir en Facebook' rel=\"noopener\"><span class='avia_hidden_link_text'>Compartir en Facebook<\/span><\/a><\/li><li class='av-share-link av-social-link-twitter' ><a target=\"_blank\" aria-label=\"Compartir en Twitter\" href='https:\/\/twitter.com\/share?text=Quelequ%C3%A9n%20se%20queda%20con%20el%20oro%20del%209%C2%B0%20Seven%20de%20las%20Nieves&#038;url=https:\/\/radiorevelacionfm.cl\/?p=33414' aria-hidden='false' data-av_icon='\ue8f1' data-av_iconfont='entypo-fontello' title='' data-avia-related-tooltip='Compartir en Twitter' rel=\"noopener\"><span class='avia_hidden_link_text'>Compartir en Twitter<\/span><\/a><\/li><li class='av-share-link av-social-link-whatsapp' ><a target=\"_blank\" aria-label=\"Compartir en Whatsapp\" href='https:\/\/api.whatsapp.com\/send?text=https:\/\/radiorevelacionfm.cl\/?p=33414' aria-hidden='false' data-av_icon='\uf232' data-av_iconfont='entypo-fontello' title='' data-avia-related-tooltip='Compartir en Whatsapp' rel=\"noopener\"><span class='avia_hidden_link_text'>Compartir en Whatsapp<\/span><\/a><\/li><li class='av-share-link av-social-link-linkedin' ><a target=\"_blank\" aria-label=\"Compartir en LinkedIn\" href='https:\/\/linkedin.com\/shareArticle?mini=true&#038;title=Quelequ%C3%A9n%20se%20queda%20con%20el%20oro%20del%209%C2%B0%20Seven%20de%20las%20Nieves&#038;url=https:\/\/radiorevelacionfm.cl\/?p=33414' aria-hidden='false' data-av_icon='\ue8fc' data-av_iconfont='entypo-fontello' title='' data-avia-related-tooltip='Compartir en LinkedIn' rel=\"noopener\"><span class='avia_hidden_link_text'>Compartir en LinkedIn<\/span><\/a><\/li><li class='av-share-link av-social-link-mail' ><a  aria-label=\"Compartir por correo\" href='mailto:?subject=Quelequ%C3%A9n%20se%20queda%20con%20el%20oro%20del%209%C2%B0%20Seven%20de%20las%20Nieves&#038;body=https:\/\/radiorevelacionfm.cl\/?p=33414' aria-hidden='false' data-av_icon='\ue805' data-av_iconfont='entypo-fontello' title='' data-avia-related-tooltip='Compartir por correo'><span class='avia_hidden_link_text'>Compartir por correo<\/span><\/a><\/li><\/ul><\/div><\/div>\n<div  style='height:50px' class='hr hr-invisible   avia-builder-el-8  el_after_av_social_share  el_before_av_comments_list '><span class='hr-inner ' ><span class='hr-inner-style'><\/span><\/span><\/div>\n<div  class='av-buildercomment  av-blog-meta-html-info-disabled av-blog-meta-tag-disabled  '><\/div>\n","protected":false},"excerpt":{"rendered":"","protected":false},"author":1,"featured_media":33415,"comment_status":"open","ping_status":"open","sticky":false,"template":"","format":"standard","meta":{"footnotes":""},"categories":[40],"tags":[],"class_list":["post-33414","post","type-post","status-publish","format-standard","has-post-thumbnail","hentry","category-deportes"],"jetpack_featured_media_url":"https:\/\/radiorevelacionfm.cl\/wp-content\/uploads\/2023\/07\/oymox7ga-1_optimized-1.jpeg","_links":{"self":[{"href":"https:\/\/radiorevelacionfm.cl\/index.php?rest_route=\/wp\/v2\/posts\/33414","targetHints":{"allow":["GET"]}}],"collection":[{"href":"https:\/\/radiorevelacionfm.cl\/index.php?rest_route=\/wp\/v2\/posts"}],"about":[{"href":"https:\/\/radiorevelacionfm.cl\/index.php?rest_route=\/wp\/v2\/types\/post"}],"author":[{"embeddable":true,"href":"https:\/\/radiorevelacionfm.cl\/index.php?rest_route=\/wp\/v2\/users\/1"}],"replies":[{"embeddable":true,"href":"https:\/\/radiorevelacionfm.cl\/index.php?rest_route=%2Fwp%2Fv2%2Fcomments&post=33414"}],"version-history":[{"count":1,"href":"https:\/\/radiorevelacionfm.cl\/index.php?rest_route=\/wp\/v2\/posts\/33414\/revisions"}],"predecessor-version":[{"id":33416,"href":"https:\/\/radiorevelacionfm.cl\/index.php?rest_route=\/wp\/v2\/posts\/33414\/revisions\/33416"}],"wp:featuredmedia":[{"embeddable":true,"href":"https:\/\/radiorevelacionfm.cl\/index.php?rest_route=\/wp\/v2\/media\/33415"}],"wp:attachment":[{"href":"https:\/\/radiorevelacionfm.cl\/index.php?rest_route=%2Fwp%2Fv2%2Fmedia&parent=33414"}],"wp:term":[{"taxonomy":"category","embeddable":true,"href":"https:\/\/radiorevelacionfm.cl\/index.php?rest_route=%2Fwp%2Fv2%2Fcategories&post=33414"},{"taxonomy":"post_tag","embeddable":true,"href":"https:\/\/radiorevelacionfm.cl\/index.php?rest_route=%2Fwp%2Fv2%2Ftags&post=33414"}],"curies":[{"name":"wp","href":"https:\/\/api.w.org\/{rel}","templated":true}]}}