{"id":33411,"date":"2023-07-31T12:24:03","date_gmt":"2023-07-31T15:24:03","guid":{"rendered":"https:\/\/radiorevelacionfm.cl\/?p=33411"},"modified":"2023-07-31T12:24:03","modified_gmt":"2023-07-31T15:24:03","slug":"abren-convocatoria-para-postular-al-sello-artesania-indigena-2023","status":"publish","type":"post","link":"https:\/\/radiorevelacionfm.cl\/?p=33411","title":{"rendered":"Abren convocatoria para postular al Sello Artesan\u00eda Ind\u00edgena 2023"},"content":{"rendered":"<div class=\"flex_column av_one_full  flex_column_div av-zero-column-padding first  avia-builder-el-0  el_before_av_one_full  avia-builder-el-first  \" style='border-radius:0px; '><div  class='avia-image-container  av-styling-    avia-builder-el-1  avia-builder-el-no-sibling  avia-align-center '  itemprop=\"image\" itemscope=\"itemscope\" itemtype=\"https:\/\/schema.org\/ImageObject\"  ><div class='avia-image-container-inner'><div class='avia-image-overlay-wrap'><img decoding=\"async\" class='wp-image-33412 avia-img-lazy-loading-not-33412 avia_image' src=\"https:\/\/radiorevelacionfm.cl\/wp-content\/uploads\/2023\/07\/Jepatalxar-pelota-de-juego-1-1.jpg\" alt='' title='Jepatalxar (pelota de juego) (1) (1)' height=\"600\" width=\"900\"  itemprop=\"thumbnailUrl\" srcset=\"https:\/\/radiorevelacionfm.cl\/wp-content\/uploads\/2023\/07\/Jepatalxar-pelota-de-juego-1-1.jpg 900w, https:\/\/radiorevelacionfm.cl\/wp-content\/uploads\/2023\/07\/Jepatalxar-pelota-de-juego-1-1-300x200.jpg 300w, https:\/\/radiorevelacionfm.cl\/wp-content\/uploads\/2023\/07\/Jepatalxar-pelota-de-juego-1-1-768x512.jpg 768w, https:\/\/radiorevelacionfm.cl\/wp-content\/uploads\/2023\/07\/Jepatalxar-pelota-de-juego-1-1-705x470.jpg 705w, https:\/\/radiorevelacionfm.cl\/wp-content\/uploads\/2023\/07\/Jepatalxar-pelota-de-juego-1-1-450x300.jpg 450w, https:\/\/radiorevelacionfm.cl\/wp-content\/uploads\/2023\/07\/Jepatalxar-pelota-de-juego-1-1-600x400.jpg 600w\" sizes=\"(max-width: 900px) 100vw, 900px\" \/><\/div><\/div><\/div><\/div><div class=\"flex_column av_one_full  flex_column_div av-zero-column-padding first  avia-builder-el-2  el_after_av_one_full  el_before_av_one_full  column-top-margin\" style='border-radius:0px; '><section class=\"av_textblock_section \"  itemscope=\"itemscope\" itemtype=\"https:\/\/schema.org\/BlogPosting\" itemprop=\"blogPost\" ><div class='avia_textblock  '   itemprop=\"text\" ><p style=\"text-align: center;\"><strong><span style=\"font-size: 18pt;\">Abren convocatoria para postular al Sello Artesan\u00eda Ind\u00edgena 2023<\/span><\/strong><\/p>\n<div id=\"gtx-trans\" style=\"position: absolute; left: -50px; top: 4.31534px;\">\n<div class=\"gtx-trans-icon\"><\/div>\n<\/div>\n<\/div><\/section><\/div><div class=\"flex_column av_one_full  flex_column_div av-zero-column-padding first  avia-builder-el-4  el_after_av_one_full  el_before_av_hr  column-top-margin\" style='border-radius:0px; '><section class=\"av_textblock_section \"  itemscope=\"itemscope\" itemtype=\"https:\/\/schema.org\/BlogPosting\" itemprop=\"blogPost\" ><div class='avia_textblock  '   itemprop=\"text\" ><p style=\"text-align: justify;\">El Ministerio de las Culturas, las Artes y el Patrimonio, a trav\u00e9s de la Subdirecci\u00f3n Nacional de Pueblos Originarios del Servicio Nacional del Patrimonio Cultural, anuncia la apertura de la octava convocatoria para postular al Sello Artesan\u00eda Ind\u00edgena 2023. Esta distinci\u00f3n se otorga a obras de artesan\u00eda tradicional elaboradas por artesanos y artesanas pertenecientes a los pueblos originarios.<\/p>\n<p style=\"text-align: justify;\">Jos\u00e9 Ancan, subdirector nacional de Pueblos Originarios, destac\u00f3 que \u201cesta octava versi\u00f3n del Sello Artesan\u00eda Ind\u00edgena reafirma el compromiso con las artesanas y artesanos de pueblos originarios. A trav\u00e9s de sus obras y procesos creativos, reflejan un caudal de experiencias de trabajo y conocimientos vinculados con sus sistemas culturales, que dan sentido a sus creaciones. En las obras de artesan\u00eda tradicional ind\u00edgena, se puede apreciar una relaci\u00f3n respetuosa y profunda con la naturaleza, manifestada en el delicado tratamiento de las materias primas. Adem\u00e1s, en esta versi\u00f3n 2023 se han incorporado dos nuevas instituciones colaboradoras y se ha aumentado la cantidad de obras ganadoras de 10 a 12\u201d.<\/p>\n<p style=\"text-align: justify;\">La convocatoria, desarrollada por la Subdirecci\u00f3n Nacional de Pueblos Originarios en colaboraci\u00f3n con el Programa de Artesan\u00eda UC, la Fundaci\u00f3n Artesan\u00edas de Chile y el \u00c1rea de Artesan\u00edas del Ministerio de las Culturas, las Artes y el Patrimonio, tiene como objetivo fortalecer la revitalizaci\u00f3n y proyecci\u00f3n de conocimientos y t\u00e9cnicas artesanales tradicionales, as\u00ed como incentivar la difusi\u00f3n de estas obras como manifestaciones aut\u00e9nticas y distintivas de las culturas de los pueblos ind\u00edgenas presentes en Chile.<\/p>\n<p style=\"text-align: justify;\">El Sello Artesan\u00eda Ind\u00edgena es un reconocimiento que busca promover los diversos procesos de creaci\u00f3n de las obras de artesan\u00eda tradicional de pueblos ind\u00edgenas. Desde el 2016, se han reconocido 76 obras creadas por artesanas y artesanos pertenecientes a 8 pueblos originarios provenientes de distintos territorios de 13 regiones del pa\u00eds.<\/p>\n<p style=\"text-align: justify;\"><strong>C\u00f3mo participar<\/strong><\/p>\n<p style=\"text-align: justify;\">La postulaci\u00f3n al concurso se realizar\u00e1 exclusivamente a trav\u00e9s de la plataforma <a href=\"https:\/\/postulacionselloindigena.patrimoniocultural.gob.cl\/\">postulacionselloindigena.patrimoniocultural.gob.cl<\/a>. Adem\u00e1s de completar el formulario digital, es obligatorio enviar la obra o conjunto de obras.<\/p>\n<p style=\"text-align: justify;\">Las bases del concurso y el enlace a la plataforma de postulaci\u00f3n se encuentran disponibles en el sitio web del Sello Artesan\u00eda Ind\u00edgena en www.pueblosoriginarios.gob.cl\/sello-artesania-indigena. El plazo para participar se extender\u00e1 desde el 28 de julio hasta el 8 de septiembre a las 23:59 horas, y se respetar\u00e1 el huso horario de Chile continental, Rapa Nui y la regi\u00f3n de Magallanes.<\/p>\n<p style=\"text-align: justify;\"><strong>Requisitos para postular<\/strong><\/p>\n<p style=\"text-align: justify;\">Podr\u00e1n postular personas ind\u00edgenas mayores de 18 a\u00f1os de los pueblos reconocidos por la Ley N\u00b0 19.253, que acrediten su pertenencia a trav\u00e9s de sus apellidos o, en caso de que estos no sean evidentes, mediante certificado emitido por la Corporaci\u00f3n Nacional de Desarrollo Ind\u00edgena (Conadi).<\/p>\n<p style=\"text-align: justify;\"><strong>Premios y reconocimientos<\/strong><\/p>\n<p style=\"text-align: justify;\">En esta edici\u00f3n, se galardonar\u00e1n 12 obras que recibir\u00e1n el \u00abSello Artesan\u00eda Ind\u00edgena\u00bb. Los creadores y creadoras de las obras premiadas obtendr\u00e1n la entrega de 1 mill\u00f3n de pesos, la posibilidad de participar en una feria de artesan\u00eda en la ciudad de Santiago, adem\u00e1s de recibir promoci\u00f3n y apoyo en la comercializaci\u00f3n de sus obras, as\u00ed como la inscripci\u00f3n en el Registro Chile Artesan\u00eda, entre otros premios.<\/p>\n<p style=\"text-align: justify;\"><strong>Para m\u00e1s informaci\u00f3n y consultas<\/strong><\/p>\n<p style=\"text-align: justify;\">Todas las consultas relacionadas con el concurso pueden realizarse enviando un correo electr\u00f3nico a artesaniaindigena@patrimoniocultural.gob.cl o al n\u00famero +56 9 3901 2233, exclusivamente a trav\u00e9s de WhatsApp. El horario de atenci\u00f3n es de lunes a jueves, de 10:00 a 17:00 horas, y los viernes de 10:00 a 16:00 horas.<\/p>\n<\/div><\/section><\/div><div  style='height:50px' class='hr hr-invisible   avia-builder-el-6  el_after_av_one_full  el_before_av_social_share '><span class='hr-inner ' ><span class='hr-inner-style'><\/span><\/span><\/div><\/p>\n<div  class='av-social-sharing-box  avia-builder-el-7  el_after_av_hr  el_before_av_hr  '><div class='av-share-box'><h5 class='av-share-link-description av-no-toc '>Compartir esta noticia<\/h5><ul class='av-share-box-list noLightbox'><li class='av-share-link av-social-link-facebook' ><a target=\"_blank\" aria-label=\"Compartir en Facebook\" href='https:\/\/www.facebook.com\/sharer.php?u=https:\/\/radiorevelacionfm.cl\/?p=33411&#038;t=Abren%20convocatoria%20para%20postular%20al%20Sello%20Artesan%C3%ADa%20Ind%C3%ADgena%202023' aria-hidden='false' data-av_icon='\ue8f3' data-av_iconfont='entypo-fontello' title='' data-avia-related-tooltip='Compartir en Facebook' rel=\"noopener\"><span class='avia_hidden_link_text'>Compartir en Facebook<\/span><\/a><\/li><li class='av-share-link av-social-link-twitter' ><a target=\"_blank\" aria-label=\"Compartir en Twitter\" href='https:\/\/twitter.com\/share?text=Abren%20convocatoria%20para%20postular%20al%20Sello%20Artesan%C3%ADa%20Ind%C3%ADgena%202023&#038;url=https:\/\/radiorevelacionfm.cl\/?p=33411' aria-hidden='false' data-av_icon='\ue8f1' data-av_iconfont='entypo-fontello' title='' data-avia-related-tooltip='Compartir en Twitter' rel=\"noopener\"><span class='avia_hidden_link_text'>Compartir en Twitter<\/span><\/a><\/li><li class='av-share-link av-social-link-whatsapp' ><a target=\"_blank\" aria-label=\"Compartir en Whatsapp\" href='https:\/\/api.whatsapp.com\/send?text=https:\/\/radiorevelacionfm.cl\/?p=33411' aria-hidden='false' data-av_icon='\uf232' data-av_iconfont='entypo-fontello' title='' data-avia-related-tooltip='Compartir en Whatsapp' rel=\"noopener\"><span class='avia_hidden_link_text'>Compartir en Whatsapp<\/span><\/a><\/li><li class='av-share-link av-social-link-linkedin' ><a target=\"_blank\" aria-label=\"Compartir en LinkedIn\" href='https:\/\/linkedin.com\/shareArticle?mini=true&#038;title=Abren%20convocatoria%20para%20postular%20al%20Sello%20Artesan%C3%ADa%20Ind%C3%ADgena%202023&#038;url=https:\/\/radiorevelacionfm.cl\/?p=33411' aria-hidden='false' data-av_icon='\ue8fc' data-av_iconfont='entypo-fontello' title='' data-avia-related-tooltip='Compartir en LinkedIn' rel=\"noopener\"><span class='avia_hidden_link_text'>Compartir en LinkedIn<\/span><\/a><\/li><li class='av-share-link av-social-link-mail' ><a  aria-label=\"Compartir por correo\" href='mailto:?subject=Abren%20convocatoria%20para%20postular%20al%20Sello%20Artesan%C3%ADa%20Ind%C3%ADgena%202023&#038;body=https:\/\/radiorevelacionfm.cl\/?p=33411' aria-hidden='false' data-av_icon='\ue805' data-av_iconfont='entypo-fontello' title='' data-avia-related-tooltip='Compartir por correo'><span class='avia_hidden_link_text'>Compartir por correo<\/span><\/a><\/li><\/ul><\/div><\/div>\n<div  style='height:50px' class='hr hr-invisible   avia-builder-el-8  el_after_av_social_share  el_before_av_comments_list '><span class='hr-inner ' ><span class='hr-inner-style'><\/span><\/span><\/div>\n<div  class='av-buildercomment  av-blog-meta-html-info-disabled av-blog-meta-tag-disabled  '><\/div>\n","protected":false},"excerpt":{"rendered":"","protected":false},"author":1,"featured_media":33412,"comment_status":"open","ping_status":"open","sticky":false,"template":"","format":"standard","meta":{"footnotes":""},"categories":[52],"tags":[],"class_list":["post-33411","post","type-post","status-publish","format-standard","has-post-thumbnail","hentry","category-cultura"],"jetpack_featured_media_url":"https:\/\/radiorevelacionfm.cl\/wp-content\/uploads\/2023\/07\/Jepatalxar-pelota-de-juego-1-1.jpg","_links":{"self":[{"href":"https:\/\/radiorevelacionfm.cl\/index.php?rest_route=\/wp\/v2\/posts\/33411","targetHints":{"allow":["GET"]}}],"collection":[{"href":"https:\/\/radiorevelacionfm.cl\/index.php?rest_route=\/wp\/v2\/posts"}],"about":[{"href":"https:\/\/radiorevelacionfm.cl\/index.php?rest_route=\/wp\/v2\/types\/post"}],"author":[{"embeddable":true,"href":"https:\/\/radiorevelacionfm.cl\/index.php?rest_route=\/wp\/v2\/users\/1"}],"replies":[{"embeddable":true,"href":"https:\/\/radiorevelacionfm.cl\/index.php?rest_route=%2Fwp%2Fv2%2Fcomments&post=33411"}],"version-history":[{"count":1,"href":"https:\/\/radiorevelacionfm.cl\/index.php?rest_route=\/wp\/v2\/posts\/33411\/revisions"}],"predecessor-version":[{"id":33413,"href":"https:\/\/radiorevelacionfm.cl\/index.php?rest_route=\/wp\/v2\/posts\/33411\/revisions\/33413"}],"wp:featuredmedia":[{"embeddable":true,"href":"https:\/\/radiorevelacionfm.cl\/index.php?rest_route=\/wp\/v2\/media\/33412"}],"wp:attachment":[{"href":"https:\/\/radiorevelacionfm.cl\/index.php?rest_route=%2Fwp%2Fv2%2Fmedia&parent=33411"}],"wp:term":[{"taxonomy":"category","embeddable":true,"href":"https:\/\/radiorevelacionfm.cl\/index.php?rest_route=%2Fwp%2Fv2%2Fcategories&post=33411"},{"taxonomy":"post_tag","embeddable":true,"href":"https:\/\/radiorevelacionfm.cl\/index.php?rest_route=%2Fwp%2Fv2%2Ftags&post=33411"}],"curies":[{"name":"wp","href":"https:\/\/api.w.org\/{rel}","templated":true}]}}