{"id":3341,"date":"2021-04-21T11:02:04","date_gmt":"2021-04-21T14:02:04","guid":{"rendered":"https:\/\/radiorevelacionfm.cl\/?p=3341"},"modified":"2021-04-21T11:02:04","modified_gmt":"2021-04-21T14:02:04","slug":"declaracion-ante-la-propuesta-del-consejo-para-la-transparencia-de-que-sesiones-de-la-convencion-constitucional-puedan-ser-cerradas","status":"publish","type":"post","link":"https:\/\/radiorevelacionfm.cl\/?p=3341","title":{"rendered":"Declaraci\u00f3n ante la propuesta del Consejo para la transparencia de que sesiones de la Convenci\u00f3n Constitucional puedan ser cerradas"},"content":{"rendered":"<div class=\"flex_column av_one_full  flex_column_div av-zero-column-padding first  avia-builder-el-0  el_before_av_one_full  avia-builder-el-first  \" style='border-radius:0px; '><div  class='avia-image-container  av-styling-    avia-builder-el-1  avia-builder-el-no-sibling  avia-align-center '  itemprop=\"image\" itemscope=\"itemscope\" itemtype=\"https:\/\/schema.org\/ImageObject\"  ><div class='avia-image-container-inner'><div class='avia-image-overlay-wrap'><img decoding=\"async\" class='wp-image-3342 avia-img-lazy-loading-not-3342 avia_image' src=\"https:\/\/radiorevelacionfm.cl\/wp-content\/uploads\/2021\/04\/Viviana-Betancourt.png\" alt='' title='Viviana Betancourt' height=\"600\" width=\"782\"  itemprop=\"thumbnailUrl\" srcset=\"https:\/\/radiorevelacionfm.cl\/wp-content\/uploads\/2021\/04\/Viviana-Betancourt.png 782w, https:\/\/radiorevelacionfm.cl\/wp-content\/uploads\/2021\/04\/Viviana-Betancourt-300x230.png 300w, https:\/\/radiorevelacionfm.cl\/wp-content\/uploads\/2021\/04\/Viviana-Betancourt-768x589.png 768w, https:\/\/radiorevelacionfm.cl\/wp-content\/uploads\/2021\/04\/Viviana-Betancourt-705x541.png 705w, https:\/\/radiorevelacionfm.cl\/wp-content\/uploads\/2021\/04\/Viviana-Betancourt-600x460.png 600w\" sizes=\"(max-width: 782px) 100vw, 782px\" \/><\/div><\/div><\/div><\/div><div class=\"flex_column av_one_full  flex_column_div av-zero-column-padding first  avia-builder-el-2  el_after_av_one_full  el_before_av_one_full  column-top-margin\" style='border-radius:0px; '><section class=\"av_textblock_section \"  itemscope=\"itemscope\" itemtype=\"https:\/\/schema.org\/BlogPosting\" itemprop=\"blogPost\" ><div class='avia_textblock  '   itemprop=\"text\" ><p style=\"text-align: center;\"><span style=\"font-size: 18pt;\"><strong>Declaraci\u00f3n ante la propuesta del Consejo para la transparencia de que sesiones de la Convenci\u00f3n Constitucional puedan ser cerradas<\/strong><\/span><\/p>\n<div id=\"gtx-trans\" style=\"position: absolute; left: -50px; top: 4.31534px;\">\n<div class=\"gtx-trans-icon\"><\/div>\n<\/div>\n<\/div><\/section><\/div><div class=\"flex_column av_one_full  flex_column_div av-zero-column-padding first  avia-builder-el-4  el_after_av_one_full  el_before_av_hr  column-top-margin\" style='border-radius:0px; '><section class=\"av_textblock_section \"  itemscope=\"itemscope\" itemtype=\"https:\/\/schema.org\/BlogPosting\" itemprop=\"blogPost\" ><div class='avia_textblock  '   itemprop=\"text\" ><p style=\"text-align: justify;\">El Consejo para la Transparencia ha dado a conocer sus consejos para la Convenci\u00f3n Constitucional. Conforme a ellos, es aceptable que la Convenci\u00f3n declare que, \u201cen casos calificados\u201d, sus sesiones o deliberaciones ser\u00e1n secretas. La lectura m\u00e1s elemental nos permite reconocer que esto es una burda iron\u00eda. La Convenci\u00f3n Constitucional necesita desde un comienzo tener un compromiso total con la transparencia. El proceso constituyente necesita ser abierto y de cara a la ciudadan\u00eda.<\/p>\n<p style=\"text-align: justify;\">La idea detr\u00e1s de las sesiones reservadas de la Convenci\u00f3n manifiesta de modo especialmente claro una de las caracter\u00edsticas de la forma pol\u00edtica que la nueva Constituci\u00f3n busca superar: una democracia en que los y las representantes deben ser protegidos de sus representados y representadas. La total transparencia e informaci\u00f3n son el primer presupuesto material que permite la participaci\u00f3n de la ciudadan\u00eda en el proceso constituyente. Sino el proceso constituyente en s\u00ed ser\u00e1 visto como una reproducci\u00f3n de las habituales pr\u00e1cticas de los \u00faltimos 30 a\u00f1os, con una l\u00f3gica de democracia de los acuerdos, en donde estos acuerdos eran a puertas cerradas y de espaldas a la ciudadan\u00eda, nosotros que aspiramos a construir un Nuevo Chile, no podemos repetir los mismo errores que han llevado a la profunda crisis tanto de legitimidad como de representatividad que vivimos y que queremos transformar.<\/p>\n<p style=\"text-align: justify;\">El proceso constituyente s\u00f3lo podr\u00e1 ser un \u00e9xito si la discusi\u00f3n constituyente que ocurrir\u00e1 en el espacio institucional de la Convenci\u00f3n es visto como un reflejo de la discusi\u00f3n constituyente que al mismo tiempo estar\u00e1 ocurriendo en cabildos, asambleas, organizaciones sociales, juntas de vecinos, en todas partes, de modo presencial o no. Todo lo que abra la discusi\u00f3n constitucional y fomente as\u00ed la participaci\u00f3n es una necesidad, todo lo que tenga el efecto contrario debe ser evitado. El secreto de las deliberaciones es por esto una manera de contribuir al fracaso del proceso.<\/p>\n<p style=\"text-align: justify;\">El proceso pol\u00edtico-jur\u00eddico-social m\u00e1s importante en la historia de la democracia de nuestro pa\u00eds debe descansar en y promover los valores en se fundar\u00e1 la nueva democracia chilena. Esos valores ya est\u00e1n suficientemente erosionados por las limitaciones a derechos fundamentales ocurridas bajo un estado de excepci\u00f3n constitucional que ya dura m\u00e1s de un a\u00f1o. El proceso constituyente le pertenece a todas, todos y todes. A quienes lucharon en sus plazas, a quienes golpearon la cacerola con la cuchara de palo, a quienes perdieron sus ojos; a quienes a pesar de la pandemia salieron a la calle el 25 de octubre de 2020 a votar Apruebo Convenci\u00f3n Constitucional.<\/p>\n<p style=\"text-align: justify;\">La voluntad del pueblo chileno, categ\u00f3ricamente expresada el 25 de octubre de 2020, es clara y debe ser respetada. La primera condici\u00f3n para eso es la total transparencia y publicidad de todo lo que ocurra en la Convenci\u00f3n Constitucional.<\/p>\n<p>Fernando Atria Lemaitre &#8211; Candidato Constituyente Fuerza Com\u00fan, Distrito 10<\/p>\n<p>Camila Musante M\u00fcller &#8211; Candidata a Constituyente Fuerza Com\u00fan, Distrito 14<\/p>\n<p>Jonathan Chandia Iturra &#8211; Candidato Constituyente Fuerza Com\u00fan, Distrito 19 \u00d1uble<\/p>\n<p>Julio Contreras Mu\u00f1oz &#8211; Candidato Constituyente Fuerza Com\u00fan, Distrito 28<\/p>\n<p>Gonzalo Bacigalupe\u00a0 &#8211; Candidato Constituyente Apruebo Dignidad, Distrito 9<\/p>\n<p>Diego Mardones &#8211; Candidato Constituyente Apruebo Dignidad, Distrito 11<\/p>\n<p>Paola Villegas -Candidata Constituyente Apruebo Dignidad, Distrito 12.<\/p>\n<p>Ren\u00e9 Naranjo &#8211; Candidato Constituyente Apruebo Dignidad, Distrito 8<\/p>\n<p>Hermann Mondaca &#8211; Candidato Constituyente Apruebo Dignidad, Distrito 1<\/p>\n<p>Viviana Betancourt Gallegos &#8211; Candidata Constituyente, Lista del Apruebo, Distrito 27<\/p>\n<p>Carolina Garrido Silva &#8211; Candidata Constituyente Lista del Apruebo, Distrito 8<\/p>\n<\/div><\/section><\/div><div  style='height:50px' class='hr hr-invisible   avia-builder-el-6  el_after_av_one_full  el_before_av_social_share '><span class='hr-inner ' ><span class='hr-inner-style'><\/span><\/span><\/div><\/p>\n<div  class='av-social-sharing-box  avia-builder-el-7  el_after_av_hr  el_before_av_hr  '><div class='av-share-box'><h5 class='av-share-link-description av-no-toc '>Compartir esta noticia<\/h5><ul class='av-share-box-list noLightbox'><li class='av-share-link av-social-link-facebook' ><a target=\"_blank\" aria-label=\"Compartir en Facebook\" href='https:\/\/www.facebook.com\/sharer.php?u=https:\/\/radiorevelacionfm.cl\/?p=3341&#038;t=Declaraci%C3%B3n%20ante%20la%20propuesta%20del%20Consejo%20para%20la%20transparencia%20de%20que%20sesiones%20de%20la%20Convenci%C3%B3n%20Constitucional%20puedan%20ser%20cerradas' aria-hidden='false' data-av_icon='\ue8f3' data-av_iconfont='entypo-fontello' title='' data-avia-related-tooltip='Compartir en Facebook' rel=\"noopener\"><span class='avia_hidden_link_text'>Compartir en Facebook<\/span><\/a><\/li><li class='av-share-link av-social-link-twitter' ><a target=\"_blank\" aria-label=\"Compartir en Twitter\" href='https:\/\/twitter.com\/share?text=Declaraci%C3%B3n%20ante%20la%20propuesta%20del%20Consejo%20para%20la%20transparencia%20de%20que%20sesiones%20de%20la%20Convenci%C3%B3n%20Constitucional%20puedan%20ser%20cerradas&#038;url=https:\/\/radiorevelacionfm.cl\/?p=3341' aria-hidden='false' data-av_icon='\ue8f1' data-av_iconfont='entypo-fontello' title='' data-avia-related-tooltip='Compartir en Twitter' rel=\"noopener\"><span class='avia_hidden_link_text'>Compartir en Twitter<\/span><\/a><\/li><li class='av-share-link av-social-link-whatsapp' ><a target=\"_blank\" aria-label=\"Compartir en Whatsapp\" href='https:\/\/api.whatsapp.com\/send?text=https:\/\/radiorevelacionfm.cl\/?p=3341' aria-hidden='false' data-av_icon='\uf232' data-av_iconfont='entypo-fontello' title='' data-avia-related-tooltip='Compartir en Whatsapp' rel=\"noopener\"><span class='avia_hidden_link_text'>Compartir en Whatsapp<\/span><\/a><\/li><li class='av-share-link av-social-link-linkedin' ><a target=\"_blank\" aria-label=\"Compartir en LinkedIn\" href='https:\/\/linkedin.com\/shareArticle?mini=true&#038;title=Declaraci%C3%B3n%20ante%20la%20propuesta%20del%20Consejo%20para%20la%20transparencia%20de%20que%20sesiones%20de%20la%20Convenci%C3%B3n%20Constitucional%20puedan%20ser%20cerradas&#038;url=https:\/\/radiorevelacionfm.cl\/?p=3341' aria-hidden='false' data-av_icon='\ue8fc' data-av_iconfont='entypo-fontello' title='' data-avia-related-tooltip='Compartir en LinkedIn' rel=\"noopener\"><span class='avia_hidden_link_text'>Compartir en LinkedIn<\/span><\/a><\/li><li class='av-share-link av-social-link-mail' ><a  aria-label=\"Compartir por correo\" href='mailto:?subject=Declaraci%C3%B3n%20ante%20la%20propuesta%20del%20Consejo%20para%20la%20transparencia%20de%20que%20sesiones%20de%20la%20Convenci%C3%B3n%20Constitucional%20puedan%20ser%20cerradas&#038;body=https:\/\/radiorevelacionfm.cl\/?p=3341' aria-hidden='false' data-av_icon='\ue805' data-av_iconfont='entypo-fontello' title='' data-avia-related-tooltip='Compartir por correo'><span class='avia_hidden_link_text'>Compartir por correo<\/span><\/a><\/li><\/ul><\/div><\/div>\n<div  style='height:50px' class='hr hr-invisible   avia-builder-el-8  el_after_av_social_share  el_before_av_comments_list '><span class='hr-inner ' ><span class='hr-inner-style'><\/span><\/span><\/div>\n<div  class='av-buildercomment  av-blog-meta-html-info-disabled av-blog-meta-tag-disabled  '><\/div>\n","protected":false},"excerpt":{"rendered":"","protected":false},"author":1,"featured_media":3342,"comment_status":"open","ping_status":"open","sticky":false,"template":"","format":"standard","meta":{"footnotes":""},"categories":[35],"tags":[],"class_list":["post-3341","post","type-post","status-publish","format-standard","has-post-thumbnail","hentry","category-politica"],"jetpack_featured_media_url":"https:\/\/radiorevelacionfm.cl\/wp-content\/uploads\/2021\/04\/Viviana-Betancourt.png","_links":{"self":[{"href":"https:\/\/radiorevelacionfm.cl\/index.php?rest_route=\/wp\/v2\/posts\/3341","targetHints":{"allow":["GET"]}}],"collection":[{"href":"https:\/\/radiorevelacionfm.cl\/index.php?rest_route=\/wp\/v2\/posts"}],"about":[{"href":"https:\/\/radiorevelacionfm.cl\/index.php?rest_route=\/wp\/v2\/types\/post"}],"author":[{"embeddable":true,"href":"https:\/\/radiorevelacionfm.cl\/index.php?rest_route=\/wp\/v2\/users\/1"}],"replies":[{"embeddable":true,"href":"https:\/\/radiorevelacionfm.cl\/index.php?rest_route=%2Fwp%2Fv2%2Fcomments&post=3341"}],"version-history":[{"count":1,"href":"https:\/\/radiorevelacionfm.cl\/index.php?rest_route=\/wp\/v2\/posts\/3341\/revisions"}],"predecessor-version":[{"id":3343,"href":"https:\/\/radiorevelacionfm.cl\/index.php?rest_route=\/wp\/v2\/posts\/3341\/revisions\/3343"}],"wp:featuredmedia":[{"embeddable":true,"href":"https:\/\/radiorevelacionfm.cl\/index.php?rest_route=\/wp\/v2\/media\/3342"}],"wp:attachment":[{"href":"https:\/\/radiorevelacionfm.cl\/index.php?rest_route=%2Fwp%2Fv2%2Fmedia&parent=3341"}],"wp:term":[{"taxonomy":"category","embeddable":true,"href":"https:\/\/radiorevelacionfm.cl\/index.php?rest_route=%2Fwp%2Fv2%2Fcategories&post=3341"},{"taxonomy":"post_tag","embeddable":true,"href":"https:\/\/radiorevelacionfm.cl\/index.php?rest_route=%2Fwp%2Fv2%2Ftags&post=3341"}],"curies":[{"name":"wp","href":"https:\/\/api.w.org\/{rel}","templated":true}]}}