{"id":33408,"date":"2023-08-01T10:48:18","date_gmt":"2023-08-01T13:48:18","guid":{"rendered":"https:\/\/radiorevelacionfm.cl\/?p=33408"},"modified":"2023-08-01T10:48:18","modified_gmt":"2023-08-01T13:48:18","slug":"a-50-anos-del-golpe-seremi-de-la-mujer-lanza-tejiendo-memorias","status":"publish","type":"post","link":"https:\/\/radiorevelacionfm.cl\/?p=33408","title":{"rendered":"A 50 a\u00f1os del golpe: Seremi de la Mujer lanza Tejiendo Memorias"},"content":{"rendered":"<div class=\"flex_column av_one_full  flex_column_div av-zero-column-padding first  avia-builder-el-0  el_before_av_one_full  avia-builder-el-first  \" style='border-radius:0px; '><div  class='avia-image-container  av-styling-    avia-builder-el-1  avia-builder-el-no-sibling  avia-align-center '  itemprop=\"image\" itemscope=\"itemscope\" itemtype=\"https:\/\/schema.org\/ImageObject\"  ><div class='avia-image-container-inner'><div class='avia-image-overlay-wrap'><img decoding=\"async\" class='wp-image-33409 avia-img-lazy-loading-not-33409 avia_image' src=\"https:\/\/radiorevelacionfm.cl\/wp-content\/uploads\/2023\/07\/IMAGEN-DE-APOYO-2-1611x2048-1R-1-1.jpg\" alt='' title='IMAGEN-DE-APOYO-2-1611x2048 (1)R (1) (1)' height=\"600\" width=\"910\"  itemprop=\"thumbnailUrl\" srcset=\"https:\/\/radiorevelacionfm.cl\/wp-content\/uploads\/2023\/07\/IMAGEN-DE-APOYO-2-1611x2048-1R-1-1.jpg 910w, https:\/\/radiorevelacionfm.cl\/wp-content\/uploads\/2023\/07\/IMAGEN-DE-APOYO-2-1611x2048-1R-1-1-300x198.jpg 300w, https:\/\/radiorevelacionfm.cl\/wp-content\/uploads\/2023\/07\/IMAGEN-DE-APOYO-2-1611x2048-1R-1-1-768x506.jpg 768w, https:\/\/radiorevelacionfm.cl\/wp-content\/uploads\/2023\/07\/IMAGEN-DE-APOYO-2-1611x2048-1R-1-1-705x465.jpg 705w, https:\/\/radiorevelacionfm.cl\/wp-content\/uploads\/2023\/07\/IMAGEN-DE-APOYO-2-1611x2048-1R-1-1-450x297.jpg 450w, https:\/\/radiorevelacionfm.cl\/wp-content\/uploads\/2023\/07\/IMAGEN-DE-APOYO-2-1611x2048-1R-1-1-600x396.jpg 600w\" sizes=\"(max-width: 910px) 100vw, 910px\" \/><\/div><\/div><\/div><\/div><div class=\"flex_column av_one_full  flex_column_div av-zero-column-padding first  avia-builder-el-2  el_after_av_one_full  el_before_av_one_full  column-top-margin\" style='border-radius:0px; '><section class=\"av_textblock_section \"  itemscope=\"itemscope\" itemtype=\"https:\/\/schema.org\/BlogPosting\" itemprop=\"blogPost\" ><div class='avia_textblock  '   itemprop=\"text\" ><p style=\"text-align: center;\"><strong><span style=\"font-size: 18pt;\">A 50 a\u00f1os del golpe: Seremi de la Mujer lanza Tejiendo Memorias<\/span><\/strong><\/p>\n<div id=\"gtx-trans\" style=\"position: absolute; left: -50px; top: 4.31534px;\">\n<div class=\"gtx-trans-icon\"><\/div>\n<\/div>\n<\/div><\/section><\/div><div class=\"flex_column av_one_full  flex_column_div av-zero-column-padding first  avia-builder-el-4  el_after_av_one_full  el_before_av_hr  column-top-margin\" style='border-radius:0px; '><section class=\"av_textblock_section \"  itemscope=\"itemscope\" itemtype=\"https:\/\/schema.org\/BlogPosting\" itemprop=\"blogPost\" ><div class='avia_textblock  '   itemprop=\"text\" ><p style=\"text-align: justify;\">Como parte de la conmemoraci\u00f3n de los 50 a\u00f1os del golpe c\u00edvico militar, la Seremi de la Mujer y Equidad de G\u00e9nero, con el apoyo de la Seremi de Culturas Ays\u00e9n, lanz\u00f3 el archivo digital Tejiendo Memorias, que busca recopilar, visibilizar y resguardar documentaci\u00f3n de las mujeres y las diversidades sexogen\u00e9ricas, a trav\u00e9s de un proceso de construcci\u00f3n colectiva.<\/p>\n<p style=\"text-align: justify;\">La iniciativa se suma a la nutrida agenda conmemorativa y convoca a mujeres y diversidades a enviar im\u00e1genes y relatos sobre sus vivencias durante los 17 a\u00f1os de dictadura.<\/p>\n<p style=\"text-align: justify;\">Para la seremi de la Mujer y Equidad de G\u00e9nero de Ays\u00e9n, Andrea M\u00e9ndez Valenzuela, se trata de \u201cuna invitaci\u00f3n sumamente relevante, pues busca recuperar y visibilizar el protagonismo femenino que existi\u00f3 durante la dictadura c\u00edvico militar. Queremos contagiar las ganas de narrar y de mostrar qui\u00e9nes fuimos en ese doloroso pasado, para integrarlo como un ingrediente indeleble de la memoria colectiva\u201d.<\/p>\n<p style=\"text-align: justify;\">Quienes deseen participar en el archivo digital Tejiendo Memorias pueden enviar sus archivos digitalizados a <a href=\"mailto:tejiendomemorias@minmujeryeg.gob.cl\">tejiendomemorias@minmujeryeg.gob.cl<\/a>, los que ser\u00e1n tratados de acuerdo con todas las convenciones vigentes y mediante un convenio ser\u00e1n donados por el Ministerio de la Mujer y la Equidad de G\u00e9nero al Archivo Nacional, para que pasen a formar parte de esta colecci\u00f3n.<\/p>\n<p style=\"text-align: justify;\">Felipe Quiroz V\u00e1squez, seremi de Culturas Ays\u00e9n, dijo que \u201ces una oportunidad para unir memoria y g\u00e9nero en un momento tan profundamente hist\u00f3rico como los 50 a\u00f1os del golpe c\u00edvico militar. No hay que olvidar que las mujeres y las disidencias cumplieron un papel fundamental en las resistencias a la dictadura de Pinochet\u201d.<\/p>\n<p style=\"text-align: justify;\">Visibilizar el rol de las mujeres y el trabajo que desempe\u00f1aron sus agrupaciones en la larga lucha contra la dictadura, como lo hicieron Memch 83, Mujeres por la vidas y otras, es uno de los aspectos que el Gobierno quiere destacar en esta invitaci\u00f3n.<\/p>\n<p style=\"text-align: justify;\">La convocatoria Tejiendo Memorias est\u00e1 centrada en tres periodos: el golpe de Estado y relatos de las mujeres y diversidades (11 de septiembre 1973); la acci\u00f3n pol\u00edtica de las mujeres y recuperaci\u00f3n de la Democracia (1973- marzo 1990) y la Justicia y Memoria de las mujeres en democracia 50 a\u00f1os despu\u00e9s (1990-2023).<\/p>\n<p style=\"text-align: justify;\">Revisa las bases en <a href=\"https:\/\/minmujeryeg.gob.cl\/?page_id=51286\">https:\/\/minmujeryeg.gob.cl\/?page_id=51286<\/a> y participa hasta el 31 de agosto.<\/p>\n<\/div><\/section><\/div><div  style='height:50px' class='hr hr-invisible   avia-builder-el-6  el_after_av_one_full  el_before_av_social_share '><span class='hr-inner ' ><span class='hr-inner-style'><\/span><\/span><\/div><\/p>\n<div  class='av-social-sharing-box  avia-builder-el-7  el_after_av_hr  el_before_av_hr  '><div class='av-share-box'><h5 class='av-share-link-description av-no-toc '>Compartir esta noticia<\/h5><ul class='av-share-box-list noLightbox'><li class='av-share-link av-social-link-facebook' ><a target=\"_blank\" aria-label=\"Compartir en Facebook\" href='https:\/\/www.facebook.com\/sharer.php?u=https:\/\/radiorevelacionfm.cl\/?p=33408&#038;t=A%2050%20a%C3%B1os%20del%20golpe%3A%20Seremi%20de%20la%20Mujer%20lanza%20Tejiendo%20Memorias' aria-hidden='false' data-av_icon='\ue8f3' data-av_iconfont='entypo-fontello' title='' data-avia-related-tooltip='Compartir en Facebook' rel=\"noopener\"><span class='avia_hidden_link_text'>Compartir en Facebook<\/span><\/a><\/li><li class='av-share-link av-social-link-twitter' ><a target=\"_blank\" aria-label=\"Compartir en Twitter\" href='https:\/\/twitter.com\/share?text=A%2050%20a%C3%B1os%20del%20golpe%3A%20Seremi%20de%20la%20Mujer%20lanza%20Tejiendo%20Memorias&#038;url=https:\/\/radiorevelacionfm.cl\/?p=33408' aria-hidden='false' data-av_icon='\ue8f1' data-av_iconfont='entypo-fontello' title='' data-avia-related-tooltip='Compartir en Twitter' rel=\"noopener\"><span class='avia_hidden_link_text'>Compartir en Twitter<\/span><\/a><\/li><li class='av-share-link av-social-link-whatsapp' ><a target=\"_blank\" aria-label=\"Compartir en Whatsapp\" href='https:\/\/api.whatsapp.com\/send?text=https:\/\/radiorevelacionfm.cl\/?p=33408' aria-hidden='false' data-av_icon='\uf232' data-av_iconfont='entypo-fontello' title='' data-avia-related-tooltip='Compartir en Whatsapp' rel=\"noopener\"><span class='avia_hidden_link_text'>Compartir en Whatsapp<\/span><\/a><\/li><li class='av-share-link av-social-link-linkedin' ><a target=\"_blank\" aria-label=\"Compartir en LinkedIn\" href='https:\/\/linkedin.com\/shareArticle?mini=true&#038;title=A%2050%20a%C3%B1os%20del%20golpe%3A%20Seremi%20de%20la%20Mujer%20lanza%20Tejiendo%20Memorias&#038;url=https:\/\/radiorevelacionfm.cl\/?p=33408' aria-hidden='false' data-av_icon='\ue8fc' data-av_iconfont='entypo-fontello' title='' data-avia-related-tooltip='Compartir en LinkedIn' rel=\"noopener\"><span class='avia_hidden_link_text'>Compartir en LinkedIn<\/span><\/a><\/li><li class='av-share-link av-social-link-mail' ><a  aria-label=\"Compartir por correo\" href='mailto:?subject=A%2050%20a%C3%B1os%20del%20golpe%3A%20Seremi%20de%20la%20Mujer%20lanza%20Tejiendo%20Memorias&#038;body=https:\/\/radiorevelacionfm.cl\/?p=33408' aria-hidden='false' data-av_icon='\ue805' data-av_iconfont='entypo-fontello' title='' data-avia-related-tooltip='Compartir por correo'><span class='avia_hidden_link_text'>Compartir por correo<\/span><\/a><\/li><\/ul><\/div><\/div>\n<div  style='height:50px' class='hr hr-invisible   avia-builder-el-8  el_after_av_social_share  el_before_av_comments_list '><span class='hr-inner ' ><span class='hr-inner-style'><\/span><\/span><\/div>\n<div  class='av-buildercomment  av-blog-meta-html-info-disabled av-blog-meta-tag-disabled  '><\/div>\n","protected":false},"excerpt":{"rendered":"","protected":false},"author":1,"featured_media":33409,"comment_status":"open","ping_status":"open","sticky":false,"template":"","format":"standard","meta":{"footnotes":""},"categories":[38],"tags":[],"class_list":["post-33408","post","type-post","status-publish","format-standard","has-post-thumbnail","hentry","category-regional"],"jetpack_featured_media_url":"https:\/\/radiorevelacionfm.cl\/wp-content\/uploads\/2023\/07\/IMAGEN-DE-APOYO-2-1611x2048-1R-1-1.jpg","_links":{"self":[{"href":"https:\/\/radiorevelacionfm.cl\/index.php?rest_route=\/wp\/v2\/posts\/33408","targetHints":{"allow":["GET"]}}],"collection":[{"href":"https:\/\/radiorevelacionfm.cl\/index.php?rest_route=\/wp\/v2\/posts"}],"about":[{"href":"https:\/\/radiorevelacionfm.cl\/index.php?rest_route=\/wp\/v2\/types\/post"}],"author":[{"embeddable":true,"href":"https:\/\/radiorevelacionfm.cl\/index.php?rest_route=\/wp\/v2\/users\/1"}],"replies":[{"embeddable":true,"href":"https:\/\/radiorevelacionfm.cl\/index.php?rest_route=%2Fwp%2Fv2%2Fcomments&post=33408"}],"version-history":[{"count":1,"href":"https:\/\/radiorevelacionfm.cl\/index.php?rest_route=\/wp\/v2\/posts\/33408\/revisions"}],"predecessor-version":[{"id":33410,"href":"https:\/\/radiorevelacionfm.cl\/index.php?rest_route=\/wp\/v2\/posts\/33408\/revisions\/33410"}],"wp:featuredmedia":[{"embeddable":true,"href":"https:\/\/radiorevelacionfm.cl\/index.php?rest_route=\/wp\/v2\/media\/33409"}],"wp:attachment":[{"href":"https:\/\/radiorevelacionfm.cl\/index.php?rest_route=%2Fwp%2Fv2%2Fmedia&parent=33408"}],"wp:term":[{"taxonomy":"category","embeddable":true,"href":"https:\/\/radiorevelacionfm.cl\/index.php?rest_route=%2Fwp%2Fv2%2Fcategories&post=33408"},{"taxonomy":"post_tag","embeddable":true,"href":"https:\/\/radiorevelacionfm.cl\/index.php?rest_route=%2Fwp%2Fv2%2Ftags&post=33408"}],"curies":[{"name":"wp","href":"https:\/\/api.w.org\/{rel}","templated":true}]}}