{"id":33405,"date":"2023-07-30T19:45:44","date_gmt":"2023-07-30T22:45:44","guid":{"rendered":"https:\/\/radiorevelacionfm.cl\/?p=33405"},"modified":"2023-08-19T20:36:05","modified_gmt":"2023-08-19T23:36:05","slug":"pronunciamiento-de-los-servicios-publicos-continua-tramitacion-ambiental-de-minicentral-los-maquis","status":"publish","type":"post","link":"https:\/\/radiorevelacionfm.cl\/?p=33405","title":{"rendered":"Pronunciamiento de los servicios p\u00fablicos contin\u00faa tramitaci\u00f3n ambiental de Minicentral Los Maquis"},"content":{"rendered":"<div class=\"flex_column av_one_full  flex_column_div av-zero-column-padding first  avia-builder-el-0  el_before_av_one_full  avia-builder-el-first  \" style='border-radius:0px; '><div  class='avia-image-container  av-styling-    avia-builder-el-1  avia-builder-el-no-sibling  avia-align-center '  itemprop=\"image\" itemscope=\"itemscope\" itemtype=\"https:\/\/schema.org\/ImageObject\"  ><div class='avia-image-container-inner'><div class='avia-image-overlay-wrap'><img decoding=\"async\" class='wp-image-27691 avia-img-lazy-loading-not-27691 avia_image' src=\"https:\/\/radiorevelacionfm.cl\/wp-content\/uploads\/2023\/02\/los-maquis_02-1_optimized.jpg\" alt='' title='los-maquis_02-(1)_optimized' height=\"600\" width=\"960\"  itemprop=\"thumbnailUrl\" srcset=\"https:\/\/radiorevelacionfm.cl\/wp-content\/uploads\/2023\/02\/los-maquis_02-1_optimized.jpg 960w, https:\/\/radiorevelacionfm.cl\/wp-content\/uploads\/2023\/02\/los-maquis_02-1_optimized-300x188.jpg 300w, https:\/\/radiorevelacionfm.cl\/wp-content\/uploads\/2023\/02\/los-maquis_02-1_optimized-768x480.jpg 768w, https:\/\/radiorevelacionfm.cl\/wp-content\/uploads\/2023\/02\/los-maquis_02-1_optimized-705x441.jpg 705w, https:\/\/radiorevelacionfm.cl\/wp-content\/uploads\/2023\/02\/los-maquis_02-1_optimized-600x375.jpg 600w\" sizes=\"(max-width: 960px) 100vw, 960px\" \/><\/div><\/div><\/div><\/div><div class=\"flex_column av_one_full  flex_column_div av-zero-column-padding first  avia-builder-el-2  el_after_av_one_full  el_before_av_one_full  column-top-margin\" style='border-radius:0px; '><section class=\"av_textblock_section \"  itemscope=\"itemscope\" itemtype=\"https:\/\/schema.org\/BlogPosting\" itemprop=\"blogPost\" ><div class='avia_textblock  '   itemprop=\"text\" ><p style=\"text-align: center;\"><strong><span style=\"font-size: 18pt;\">Pronunciamiento de los servicios p\u00fablicos contin\u00faa tramitaci\u00f3n ambiental de Minicentral Los Maquis<\/span><\/strong><\/p>\n<div id=\"gtx-trans\" style=\"position: absolute; left: -50px; top: 4.31534px;\">\n<div class=\"gtx-trans-icon\"><\/div>\n<\/div>\n<\/div><\/section><\/div><div class=\"flex_column av_one_full  flex_column_div av-zero-column-padding first  avia-builder-el-4  el_after_av_one_full  el_before_av_hr  column-top-margin\" style='border-radius:0px; '><section class=\"av_textblock_section \"  itemscope=\"itemscope\" itemtype=\"https:\/\/schema.org\/BlogPosting\" itemprop=\"blogPost\" ><div class='avia_textblock  '   itemprop=\"text\" ><p style=\"text-align: justify;\">Tras el ingreso de la Declaraci\u00f3n de impacto Ambiental (DIA) del proyecto Minicentral Hidroel\u00e9ctrica de Pasada Los Maquis de Edelaysen, al Sistema de Evaluaci\u00f3n de Impacto Ambiental (SEIA), durante las \u00faltimas semanas se han recibido respuesta de casi la totalidad de los servicios consultados en el proceso. De un total de 24 consultas, a la fecha dos servicios se abstuvieron, cuatro a\u00fan se encuentran pendientes y siete se pronunciaron conformes (Seremi de Transporte y Telecomunicaciones, CONAF, Direcci\u00f3n de Vialidad, Seremi MOP, Gobierno Regional, Corporaci\u00f3n Nacional de Desarrollo Ind\u00edgena, Seremi de Energ\u00eda). En tanto, 11 servicios presentaron observaciones que se pueden responder mediante una adenda, siendo normal que un proyecto tenga observaciones y necesidad de aclaraciones.<\/p>\n<p style=\"text-align: justify;\">El expediente presentado y revisado por los servicios contempla, entre otras especificaciones, los resultados obtenidos a partir de los diversos estudios de caracterizaci\u00f3n de los componentes ambientales del lugar en el que se emplaza el proyecto, as\u00ed como tambi\u00e9n los compromisos asumidos con la comunidad definidos a partir del Proceso de Participaci\u00f3n Ciudadana Anticipada, que se ejecut\u00f3 durante seis meses.<\/p>\n<p style=\"text-align: justify;\">Estos compromisos se encuentran claramente especificados en el Cap\u00edtulo N\u00b0 8 de la DIA, referido a acciones previas, entre los cuales se encuentran: la entrega de un aporte comunitario para implementar un sistema de calefacci\u00f3n el\u00e9ctrica para salas de la escuela Bernardo O\u2019Higgins de la localidad de Puerto Guadal; la definici\u00f3n junto a la comunidad acerca de la ubicaci\u00f3n y forma de rescate de las partes de la Antigua Central Los Maquis y los acuerdos con respecto al dise\u00f1o de las terminaciones de paisajismo respecto a las \u00e1reas intervenidas por el proyecto.<\/p>\n<\/div><\/section><\/div><div  style='height:50px' class='hr hr-invisible   avia-builder-el-6  el_after_av_one_full  el_before_av_social_share '><span class='hr-inner ' ><span class='hr-inner-style'><\/span><\/span><\/div><\/p>\n<div  class='av-social-sharing-box  avia-builder-el-7  el_after_av_hr  el_before_av_hr  '><div class='av-share-box'><h5 class='av-share-link-description av-no-toc '>Compartir esta noticia<\/h5><ul class='av-share-box-list noLightbox'><li class='av-share-link av-social-link-facebook' ><a target=\"_blank\" aria-label=\"Compartir en Facebook\" href='https:\/\/www.facebook.com\/sharer.php?u=https:\/\/radiorevelacionfm.cl\/?p=33405&#038;t=Pronunciamiento%20de%20los%20servicios%20p%C3%BAblicos%20contin%C3%BAa%20tramitaci%C3%B3n%20ambiental%20de%20Minicentral%20Los%20Maquis' aria-hidden='false' data-av_icon='\ue8f3' data-av_iconfont='entypo-fontello' title='' data-avia-related-tooltip='Compartir en Facebook' rel=\"noopener\"><span class='avia_hidden_link_text'>Compartir en Facebook<\/span><\/a><\/li><li class='av-share-link av-social-link-twitter' ><a target=\"_blank\" aria-label=\"Compartir en Twitter\" href='https:\/\/twitter.com\/share?text=Pronunciamiento%20de%20los%20servicios%20p%C3%BAblicos%20contin%C3%BAa%20tramitaci%C3%B3n%20ambiental%20de%20Minicentral%20Los%20Maquis&#038;url=https:\/\/radiorevelacionfm.cl\/?p=33405' aria-hidden='false' data-av_icon='\ue8f1' data-av_iconfont='entypo-fontello' title='' data-avia-related-tooltip='Compartir en Twitter' rel=\"noopener\"><span class='avia_hidden_link_text'>Compartir en Twitter<\/span><\/a><\/li><li class='av-share-link av-social-link-whatsapp' ><a target=\"_blank\" aria-label=\"Compartir en Whatsapp\" href='https:\/\/api.whatsapp.com\/send?text=https:\/\/radiorevelacionfm.cl\/?p=33405' aria-hidden='false' data-av_icon='\uf232' data-av_iconfont='entypo-fontello' title='' data-avia-related-tooltip='Compartir en Whatsapp' rel=\"noopener\"><span class='avia_hidden_link_text'>Compartir en Whatsapp<\/span><\/a><\/li><li class='av-share-link av-social-link-linkedin' ><a target=\"_blank\" aria-label=\"Compartir en LinkedIn\" href='https:\/\/linkedin.com\/shareArticle?mini=true&#038;title=Pronunciamiento%20de%20los%20servicios%20p%C3%BAblicos%20contin%C3%BAa%20tramitaci%C3%B3n%20ambiental%20de%20Minicentral%20Los%20Maquis&#038;url=https:\/\/radiorevelacionfm.cl\/?p=33405' aria-hidden='false' data-av_icon='\ue8fc' data-av_iconfont='entypo-fontello' title='' data-avia-related-tooltip='Compartir en LinkedIn' rel=\"noopener\"><span class='avia_hidden_link_text'>Compartir en LinkedIn<\/span><\/a><\/li><li class='av-share-link av-social-link-mail' ><a  aria-label=\"Compartir por correo\" href='mailto:?subject=Pronunciamiento%20de%20los%20servicios%20p%C3%BAblicos%20contin%C3%BAa%20tramitaci%C3%B3n%20ambiental%20de%20Minicentral%20Los%20Maquis&#038;body=https:\/\/radiorevelacionfm.cl\/?p=33405' aria-hidden='false' data-av_icon='\ue805' data-av_iconfont='entypo-fontello' title='' data-avia-related-tooltip='Compartir por correo'><span class='avia_hidden_link_text'>Compartir por correo<\/span><\/a><\/li><\/ul><\/div><\/div>\n<div  style='height:50px' class='hr hr-invisible   avia-builder-el-8  el_after_av_social_share  el_before_av_comments_list '><span class='hr-inner ' ><span class='hr-inner-style'><\/span><\/span><\/div>\n<div  class='av-buildercomment  av-blog-meta-html-info-disabled av-blog-meta-tag-disabled  '><\/div>\n","protected":false},"excerpt":{"rendered":"","protected":false},"author":1,"featured_media":27691,"comment_status":"open","ping_status":"open","sticky":false,"template":"","format":"standard","meta":{"footnotes":""},"categories":[39],"tags":[],"class_list":["post-33405","post","type-post","status-publish","format-standard","has-post-thumbnail","hentry","category-medio-ambiente"],"jetpack_featured_media_url":"https:\/\/radiorevelacionfm.cl\/wp-content\/uploads\/2023\/02\/los-maquis_02-1_optimized.jpg","_links":{"self":[{"href":"https:\/\/radiorevelacionfm.cl\/index.php?rest_route=\/wp\/v2\/posts\/33405","targetHints":{"allow":["GET"]}}],"collection":[{"href":"https:\/\/radiorevelacionfm.cl\/index.php?rest_route=\/wp\/v2\/posts"}],"about":[{"href":"https:\/\/radiorevelacionfm.cl\/index.php?rest_route=\/wp\/v2\/types\/post"}],"author":[{"embeddable":true,"href":"https:\/\/radiorevelacionfm.cl\/index.php?rest_route=\/wp\/v2\/users\/1"}],"replies":[{"embeddable":true,"href":"https:\/\/radiorevelacionfm.cl\/index.php?rest_route=%2Fwp%2Fv2%2Fcomments&post=33405"}],"version-history":[{"count":1,"href":"https:\/\/radiorevelacionfm.cl\/index.php?rest_route=\/wp\/v2\/posts\/33405\/revisions"}],"predecessor-version":[{"id":33406,"href":"https:\/\/radiorevelacionfm.cl\/index.php?rest_route=\/wp\/v2\/posts\/33405\/revisions\/33406"}],"wp:featuredmedia":[{"embeddable":true,"href":"https:\/\/radiorevelacionfm.cl\/index.php?rest_route=\/wp\/v2\/media\/27691"}],"wp:attachment":[{"href":"https:\/\/radiorevelacionfm.cl\/index.php?rest_route=%2Fwp%2Fv2%2Fmedia&parent=33405"}],"wp:term":[{"taxonomy":"category","embeddable":true,"href":"https:\/\/radiorevelacionfm.cl\/index.php?rest_route=%2Fwp%2Fv2%2Fcategories&post=33405"},{"taxonomy":"post_tag","embeddable":true,"href":"https:\/\/radiorevelacionfm.cl\/index.php?rest_route=%2Fwp%2Fv2%2Ftags&post=33405"}],"curies":[{"name":"wp","href":"https:\/\/api.w.org\/{rel}","templated":true}]}}