{"id":33402,"date":"2023-07-30T19:45:31","date_gmt":"2023-07-30T22:45:31","guid":{"rendered":"https:\/\/radiorevelacionfm.cl\/?p=33402"},"modified":"2023-07-30T19:45:31","modified_gmt":"2023-07-30T22:45:31","slug":"vecinas-y-vecinos-de-villa-ortega-participan-en-escuela-de-formacion-para-organizaciones","status":"publish","type":"post","link":"https:\/\/radiorevelacionfm.cl\/?p=33402","title":{"rendered":"Vecinas y vecinos de Villa Ortega participan en Escuela de Formaci\u00f3n para organizaciones"},"content":{"rendered":"<div class=\"flex_column av_one_full  flex_column_div av-zero-column-padding first  avia-builder-el-0  el_before_av_one_full  avia-builder-el-first  \" style='border-radius:0px; '><div  class='avia-image-container  av-styling-    avia-builder-el-1  avia-builder-el-no-sibling  avia-align-center '  itemprop=\"image\" itemscope=\"itemscope\" itemtype=\"https:\/\/schema.org\/ImageObject\"  ><div class='avia-image-container-inner'><div class='avia-image-overlay-wrap'><img decoding=\"async\" class='wp-image-33403 avia-img-lazy-loading-not-33403 avia_image' src=\"https:\/\/radiorevelacionfm.cl\/wp-content\/uploads\/2023\/07\/villa-ortega-2-1_optimized.jpeg\" alt='' title='villa-ortega-(2)-(1)_optimized' height=\"600\" width=\"800\"  itemprop=\"thumbnailUrl\" srcset=\"https:\/\/radiorevelacionfm.cl\/wp-content\/uploads\/2023\/07\/villa-ortega-2-1_optimized.jpeg 800w, https:\/\/radiorevelacionfm.cl\/wp-content\/uploads\/2023\/07\/villa-ortega-2-1_optimized-300x225.jpeg 300w, https:\/\/radiorevelacionfm.cl\/wp-content\/uploads\/2023\/07\/villa-ortega-2-1_optimized-768x576.jpeg 768w, https:\/\/radiorevelacionfm.cl\/wp-content\/uploads\/2023\/07\/villa-ortega-2-1_optimized-705x529.jpeg 705w, https:\/\/radiorevelacionfm.cl\/wp-content\/uploads\/2023\/07\/villa-ortega-2-1_optimized-450x338.jpeg 450w, https:\/\/radiorevelacionfm.cl\/wp-content\/uploads\/2023\/07\/villa-ortega-2-1_optimized-600x450.jpeg 600w\" sizes=\"(max-width: 800px) 100vw, 800px\" \/><\/div><\/div><\/div><\/div><div class=\"flex_column av_one_full  flex_column_div av-zero-column-padding first  avia-builder-el-2  el_after_av_one_full  el_before_av_one_full  column-top-margin\" style='border-radius:0px; '><section class=\"av_textblock_section \"  itemscope=\"itemscope\" itemtype=\"https:\/\/schema.org\/BlogPosting\" itemprop=\"blogPost\" ><div class='avia_textblock  '   itemprop=\"text\" ><p style=\"text-align: center;\"><strong><span style=\"font-size: 18pt;\">Vecinas y vecinos de Villa Ortega participan en Escuela de Formaci\u00f3n para organizaciones<\/span><\/strong><\/p>\n<div id=\"gtx-trans\" style=\"position: absolute; left: -50px; top: 4.31534px;\">\n<div class=\"gtx-trans-icon\"><\/div>\n<\/div>\n<\/div><\/section><\/div><div class=\"flex_column av_one_full  flex_column_div av-zero-column-padding first  avia-builder-el-4  el_after_av_one_full  el_before_av_hr  column-top-margin\" style='border-radius:0px; '><section class=\"av_textblock_section \"  itemscope=\"itemscope\" itemtype=\"https:\/\/schema.org\/BlogPosting\" itemprop=\"blogPost\" ><div class='avia_textblock  '   itemprop=\"text\" ><p style=\"text-align: justify;\">Continuando con el despliegue de la Divisi\u00f3n de Organizaciones Sociales (DOS), dependiente de la SEREMI de Gobierno de la regi\u00f3n de Ays\u00e9n, el equipo realiz\u00f3 una Escuela de Formaci\u00f3n en la localidad de Villa Ortega sobre \u00abConstituci\u00f3n y Renovaci\u00f3n de Organizaciones\u00bb en la sede de la Agrupaci\u00f3n Cultural, de Artesanos y Recolectoras \u00abMi Taller Che\u00bb.<\/p>\n<p style=\"text-align: justify;\">En la actividad participaron vecinos y vecinas del sector, el Seremi de Econom\u00eda, Fomento y Turismo, Felipe Rojas y Sercotec Ays\u00e9n, quienes respondieron las consultas de los y las asistentes con respecto a los pasos para convertirse en una Cooperativa.<\/p>\n<p style=\"text-align: justify;\">Alan Espinoza Ortiz, Seremi (S) de Gobierno, se\u00f1al\u00f3: \u201dSomos un Gobierno que cree firmemente en la participaci\u00f3n como un pilar de la democracia, donde queremos entregar herramientas a las comunidades, por eso nuestra Divisi\u00f3n de Organizaciones Sociales coordin\u00f3 y realiz\u00f3 esta actividad para esta organizaci\u00f3n de villa Ortega, que cont\u00f3 adem\u00e1s con la participaci\u00f3n del Seremi de Econom\u00eda y Sercotec. Con el objetivo de apoyar a la agrupaci\u00f3n en los pasos que deben dar para convertirse en Cooperativa. Necesitamos que las y los dirigentes puedan adquirir nuevas habilidades y competencias. Que en conjunto generemos instancias de participaci\u00f3n donde fortalezcamos y fomentemos la asociatividad en una colaboraci\u00f3n p\u00fablico &#8211; ciudadana que busque consolidar las organizaciones\u00a0 como un motor para el desarrollo local y con ello mejorar la calidad de vida de las y los habitantes en los territorios\u201d.<\/p>\n<p style=\"text-align: justify;\">Esta capacitaci\u00f3n buscaba proporcionar herramientas para que las y los integrantes de la Agrupaci\u00f3n Cultural, de Artesanos y Recolectoras \u00abMi Taller Che\u00bb, potenciaran y consoliden su liderazgo y tengan un papel activo en su comunidad, fortaleciendo la equidad e incentivando la cooperatividad para obtener m\u00e1s y mejores beneficios para su organizaci\u00f3n.<\/p>\n<p style=\"text-align: justify;\">En tanto, Felipe Rojas, Seremi de Econom\u00eda, Fomento y Turismo, indic\u00f3: \u201cEstuvimos con una organizaci\u00f3n social de villa Ortega, que entre las distintas actividades\u00a0 productivas que realizan tambi\u00e9n realizan actividades tur\u00edsticas y todo ello significa hoy en d\u00eda que las oportunidades que entrega la institucionalidad p\u00fablica para el desarrollo del fomento productivo estaban ajenas para ellos en este espacio, entonces ellos y ellas tienen mucho inter\u00e9s de crear una Cooperativa, en la perspectiva de que en la asociatividad que ya ejecutan, puedan producir para la regi\u00f3n y que sus productos puedan salir al pa\u00eds y al mundo\u201d.<\/p>\n<\/div><\/section><\/div><div  style='height:50px' class='hr hr-invisible   avia-builder-el-6  el_after_av_one_full  el_before_av_social_share '><span class='hr-inner ' ><span class='hr-inner-style'><\/span><\/span><\/div><\/p>\n<div  class='av-social-sharing-box  avia-builder-el-7  el_after_av_hr  el_before_av_hr  '><div class='av-share-box'><h5 class='av-share-link-description av-no-toc '>Compartir esta noticia<\/h5><ul class='av-share-box-list noLightbox'><li class='av-share-link av-social-link-facebook' ><a target=\"_blank\" aria-label=\"Compartir en Facebook\" href='https:\/\/www.facebook.com\/sharer.php?u=https:\/\/radiorevelacionfm.cl\/?p=33402&#038;t=Vecinas%20y%20vecinos%20de%20Villa%20Ortega%20participan%20en%20Escuela%20de%20Formaci%C3%B3n%20para%20organizaciones' aria-hidden='false' data-av_icon='\ue8f3' data-av_iconfont='entypo-fontello' title='' data-avia-related-tooltip='Compartir en Facebook' rel=\"noopener\"><span class='avia_hidden_link_text'>Compartir en Facebook<\/span><\/a><\/li><li class='av-share-link av-social-link-twitter' ><a target=\"_blank\" aria-label=\"Compartir en Twitter\" href='https:\/\/twitter.com\/share?text=Vecinas%20y%20vecinos%20de%20Villa%20Ortega%20participan%20en%20Escuela%20de%20Formaci%C3%B3n%20para%20organizaciones&#038;url=https:\/\/radiorevelacionfm.cl\/?p=33402' aria-hidden='false' data-av_icon='\ue8f1' data-av_iconfont='entypo-fontello' title='' data-avia-related-tooltip='Compartir en Twitter' rel=\"noopener\"><span class='avia_hidden_link_text'>Compartir en Twitter<\/span><\/a><\/li><li class='av-share-link av-social-link-whatsapp' ><a target=\"_blank\" aria-label=\"Compartir en Whatsapp\" href='https:\/\/api.whatsapp.com\/send?text=https:\/\/radiorevelacionfm.cl\/?p=33402' aria-hidden='false' data-av_icon='\uf232' data-av_iconfont='entypo-fontello' title='' data-avia-related-tooltip='Compartir en Whatsapp' rel=\"noopener\"><span class='avia_hidden_link_text'>Compartir en Whatsapp<\/span><\/a><\/li><li class='av-share-link av-social-link-linkedin' ><a target=\"_blank\" aria-label=\"Compartir en LinkedIn\" href='https:\/\/linkedin.com\/shareArticle?mini=true&#038;title=Vecinas%20y%20vecinos%20de%20Villa%20Ortega%20participan%20en%20Escuela%20de%20Formaci%C3%B3n%20para%20organizaciones&#038;url=https:\/\/radiorevelacionfm.cl\/?p=33402' aria-hidden='false' data-av_icon='\ue8fc' data-av_iconfont='entypo-fontello' title='' data-avia-related-tooltip='Compartir en LinkedIn' rel=\"noopener\"><span class='avia_hidden_link_text'>Compartir en LinkedIn<\/span><\/a><\/li><li class='av-share-link av-social-link-mail' ><a  aria-label=\"Compartir por correo\" href='mailto:?subject=Vecinas%20y%20vecinos%20de%20Villa%20Ortega%20participan%20en%20Escuela%20de%20Formaci%C3%B3n%20para%20organizaciones&#038;body=https:\/\/radiorevelacionfm.cl\/?p=33402' aria-hidden='false' data-av_icon='\ue805' data-av_iconfont='entypo-fontello' title='' data-avia-related-tooltip='Compartir por correo'><span class='avia_hidden_link_text'>Compartir por correo<\/span><\/a><\/li><\/ul><\/div><\/div>\n<div  style='height:50px' class='hr hr-invisible   avia-builder-el-8  el_after_av_social_share  el_before_av_comments_list '><span class='hr-inner ' ><span class='hr-inner-style'><\/span><\/span><\/div>\n<div  class='av-buildercomment  av-blog-meta-html-info-disabled av-blog-meta-tag-disabled  '><\/div>\n","protected":false},"excerpt":{"rendered":"","protected":false},"author":1,"featured_media":33403,"comment_status":"open","ping_status":"open","sticky":false,"template":"","format":"standard","meta":{"footnotes":""},"categories":[38],"tags":[],"class_list":["post-33402","post","type-post","status-publish","format-standard","has-post-thumbnail","hentry","category-regional"],"jetpack_featured_media_url":"https:\/\/radiorevelacionfm.cl\/wp-content\/uploads\/2023\/07\/villa-ortega-2-1_optimized.jpeg","_links":{"self":[{"href":"https:\/\/radiorevelacionfm.cl\/index.php?rest_route=\/wp\/v2\/posts\/33402","targetHints":{"allow":["GET"]}}],"collection":[{"href":"https:\/\/radiorevelacionfm.cl\/index.php?rest_route=\/wp\/v2\/posts"}],"about":[{"href":"https:\/\/radiorevelacionfm.cl\/index.php?rest_route=\/wp\/v2\/types\/post"}],"author":[{"embeddable":true,"href":"https:\/\/radiorevelacionfm.cl\/index.php?rest_route=\/wp\/v2\/users\/1"}],"replies":[{"embeddable":true,"href":"https:\/\/radiorevelacionfm.cl\/index.php?rest_route=%2Fwp%2Fv2%2Fcomments&post=33402"}],"version-history":[{"count":1,"href":"https:\/\/radiorevelacionfm.cl\/index.php?rest_route=\/wp\/v2\/posts\/33402\/revisions"}],"predecessor-version":[{"id":33404,"href":"https:\/\/radiorevelacionfm.cl\/index.php?rest_route=\/wp\/v2\/posts\/33402\/revisions\/33404"}],"wp:featuredmedia":[{"embeddable":true,"href":"https:\/\/radiorevelacionfm.cl\/index.php?rest_route=\/wp\/v2\/media\/33403"}],"wp:attachment":[{"href":"https:\/\/radiorevelacionfm.cl\/index.php?rest_route=%2Fwp%2Fv2%2Fmedia&parent=33402"}],"wp:term":[{"taxonomy":"category","embeddable":true,"href":"https:\/\/radiorevelacionfm.cl\/index.php?rest_route=%2Fwp%2Fv2%2Fcategories&post=33402"},{"taxonomy":"post_tag","embeddable":true,"href":"https:\/\/radiorevelacionfm.cl\/index.php?rest_route=%2Fwp%2Fv2%2Ftags&post=33402"}],"curies":[{"name":"wp","href":"https:\/\/api.w.org\/{rel}","templated":true}]}}