{"id":33399,"date":"2023-07-30T17:48:57","date_gmt":"2023-07-30T20:48:57","guid":{"rendered":"https:\/\/radiorevelacionfm.cl\/?p=33399"},"modified":"2023-07-30T17:48:57","modified_gmt":"2023-07-30T20:48:57","slug":"plenamente-operativa-se-encuentra-la-primera-sala-de-lactancia-que-el-mop-habilita-en-el-pais","status":"publish","type":"post","link":"https:\/\/radiorevelacionfm.cl\/?p=33399","title":{"rendered":"Plenamente operativa se encuentra la primera sala de lactancia que el MOP habilita en el pa\u00eds"},"content":{"rendered":"<div class=\"flex_column av_one_full  flex_column_div av-zero-column-padding first  avia-builder-el-0  el_before_av_one_full  avia-builder-el-first  \" style='border-radius:0px; '><div  class='avia-image-container  av-styling-    avia-builder-el-1  avia-builder-el-no-sibling  avia-align-center '  itemprop=\"image\" itemscope=\"itemscope\" itemtype=\"https:\/\/schema.org\/ImageObject\"  ><div class='avia-image-container-inner'><div class='avia-image-overlay-wrap'><img decoding=\"async\" class='wp-image-33400 avia-img-lazy-loading-not-33400 avia_image' src=\"https:\/\/radiorevelacionfm.cl\/wp-content\/uploads\/2023\/07\/SL-4-1-1.jpg\" alt='' title='SL-4 (1) (1)' height=\"600\" width=\"985\"  itemprop=\"thumbnailUrl\" srcset=\"https:\/\/radiorevelacionfm.cl\/wp-content\/uploads\/2023\/07\/SL-4-1-1.jpg 985w, https:\/\/radiorevelacionfm.cl\/wp-content\/uploads\/2023\/07\/SL-4-1-1-300x183.jpg 300w, https:\/\/radiorevelacionfm.cl\/wp-content\/uploads\/2023\/07\/SL-4-1-1-768x468.jpg 768w, https:\/\/radiorevelacionfm.cl\/wp-content\/uploads\/2023\/07\/SL-4-1-1-705x429.jpg 705w, https:\/\/radiorevelacionfm.cl\/wp-content\/uploads\/2023\/07\/SL-4-1-1-450x274.jpg 450w, https:\/\/radiorevelacionfm.cl\/wp-content\/uploads\/2023\/07\/SL-4-1-1-600x365.jpg 600w\" sizes=\"(max-width: 985px) 100vw, 985px\" \/><\/div><\/div><\/div><\/div><div class=\"flex_column av_one_full  flex_column_div av-zero-column-padding first  avia-builder-el-2  el_after_av_one_full  el_before_av_one_full  column-top-margin\" style='border-radius:0px; '><section class=\"av_textblock_section \"  itemscope=\"itemscope\" itemtype=\"https:\/\/schema.org\/BlogPosting\" itemprop=\"blogPost\" ><div class='avia_textblock  '   itemprop=\"text\" ><p style=\"text-align: center;\"><strong><span style=\"font-size: 18pt;\">Plenamente operativa se encuentra la primera sala de lactancia que el MOP habilita en el pa\u00eds<\/span><\/strong><\/p>\n<div id=\"gtx-trans\" style=\"position: absolute; left: -50px; top: 4.31534px;\">\n<div class=\"gtx-trans-icon\"><\/div>\n<\/div>\n<\/div><\/section><\/div><div class=\"flex_column av_one_full  flex_column_div av-zero-column-padding first  avia-builder-el-4  el_after_av_one_full  el_before_av_hr  column-top-margin\" style='border-radius:0px; '><section class=\"av_textblock_section \"  itemscope=\"itemscope\" itemtype=\"https:\/\/schema.org\/BlogPosting\" itemprop=\"blogPost\" ><div class='avia_textblock  '   itemprop=\"text\" ><p style=\"text-align: justify;\">Plenamente operativa para recibir a las mam\u00e1s y padres que viven en la regi\u00f3n de Ays\u00e9n se encuentra la primera Sala de Lactancia que el Ministerio de Obras P\u00fablicas habilita en el pa\u00eds, marcando un hito relevante para la regi\u00f3n de Ays\u00e9n.<\/p>\n<p style=\"text-align: justify;\">Las nuevas dependencias que fueron visitadas por la ministra de Obras P\u00fablicas en el marco de su gira por la regi\u00f3n de Ays\u00e9n, cuentan con la certificaci\u00f3n de la Seremi de Salud que acredita el cumplimiento de todos los requisitos necesarios para ser utilizadas por la comunidad.<\/p>\n<p style=\"text-align: justify;\">En el gobierno del presidente Gabriel Boric estamos viendo avances significativos para las mujeres, lo que sin duda es un aporte fundamental en el reconocimiento y contribuci\u00f3n para garantizar la lactancia materna como un derecho, al otorgar facilidades para la extracci\u00f3n y almacenamiento de leche a las mujeres funcionarias del Ministerio de Obras P\u00fablicas as\u00ed como tambi\u00e9n para las madres que por diversas circunstancias deben realizar tr\u00e1mites en la ciudad de Coyhaique y\/ o en el MOP, el que se encuentra ubicado en el centro de la capital regional, y en el futuro cercano ser\u00e1 parte de mapeo de salas de lactancia que existir\u00e1n en la regi\u00f3n para servir de apoyo a la mujer y padres, en el marco de una crianza corresponsable.<\/p>\n<p style=\"text-align: justify;\">As\u00ed lo refrendo la ministra de Obras P\u00fablicas Jessica L\u00f3pez, quien manifest\u00f3 estar orgullosa de la iniciativa de las trabajadoras de Ays\u00e9n, destacando que esta Sala de Lactancia es un aporte a la salud p\u00fablica: \u201cFeliz de poder conocer esta sala. Una sala que es de lactancia pero que tambi\u00e9n tiene la posibilidad de ser una sala de cuidados para ni\u00f1os y me enorgullece que el personal del ministerio haya impulsado esto en forma tan significativa. Esta es una Sala de Lactancia que est\u00e1 abierta a la comunidad, y que est\u00e1 en un lugar bien privilegiado porque est\u00e1 al lado del auditorio del MOP que es un centro de eventos y actividades muy significativo ac\u00e1 en Coyhaique. Felicitar porque esto hace m\u00e1s f\u00e1cil, m\u00e1s llevadera la vida laboral para las mujeres y tambi\u00e9n es un aporte a la salud p\u00fablica, porque todos sabemos lo que significa el apego, el amamantamiento en el desarrollo de las personas, as\u00ed que muy contenta de estar ac\u00e1\u201d, se\u00f1al\u00f3 la ministra L\u00f3pez<\/p>\n<p style=\"text-align: justify;\">Esta iniciativa, que surgi\u00f3 de la Encargada de G\u00e9nero en la regi\u00f3n de Ays\u00e9n, Ver\u00f3nica Hern\u00e1ndez Cabezas, quien evidenci\u00f3 \u00a0la urgencia de las funcionarias en periodo de lactancia de contar con un lugar con las condiciones adecuadas de higiene, comodidad y seguridad, tanto para amamantar, como para poder realizar extracci\u00f3n de leche, se\u00f1al\u00f3 que \u201cesta Sala de Lactancia fue pensada en las madres trabajadoras de este Ministerio y tambi\u00e9n para todas las personas que necesiten alimentar a sus bebes, dar cobijo y amor en un lugar bonito. Agradezco el apoyo a esta iniciativa por parte de los Encargados de G\u00e9nero de cada una de nuestras direcciones regionales, de la Direcci\u00f3n de Arquitectura y de mis colegas mam\u00e1s que aportaron con sus regalos\u201d.<\/p>\n<p style=\"text-align: justify;\">La Sala de Lactancia contempla calefacci\u00f3n, sill\u00f3n para lactancia, mudador, mueble de almacenamiento, pintura de muro y cielo y la instalaci\u00f3n de puerta y ventana, creando un espacio seguro y acogedor para las madres, hijos e hijas. Este espacio, cuenta con donaciones de las funcionarias del Ministerio de Obras P\u00fablicas de la regi\u00f3n de Ays\u00e9n y el aporte de la direcci\u00f3n regional de Arquitectura por $2.300.000.<\/p>\n<p style=\"text-align: justify;\">Parte tambi\u00e9n de su implementaci\u00f3n es la certificaci\u00f3n entregada por la referente de Lactancia materna proveniente de la Seremi de Salud Ays\u00e9n, Karla Guzm\u00e1n Tejeda, quien destac\u00f3 este importante logro: \u201cPara nuestra subsecretaria fue muy importante este hito efectuado en el MOP porque lograron cumplir todos los requisitos necesarios que se se\u00f1alan en la gu\u00eda de implementaci\u00f3n de las salas de lactancia materna de Chile Crece Contigo para poder brindar una adecuada sala de lactancia materna para todas las madres y padres y no solo de quienes trabajan en la Instituci\u00f3n sino tambi\u00e9n el hito m\u00e1s importante que lograron cumplir es que esta sala de lactancia se abre a toda la comunidad de Coyhaique y de la regi\u00f3n\u201d<\/p>\n<p style=\"text-align: justify;\">El \u00a0Secretario Regional Ministerial de Obras P\u00fablicas, Patricio Sanhueza Ulloa, expres\u00f3 que es parte de su convicci\u00f3n como integrante del gobierno de Gabriel Boric apoyar esta iniciativa, la que nace desde las trabajadoras y trabajadores, y que adem\u00e1s es la primera instancia de este tipo a nivel nacional que se implementa en un edificio de nuestro Ministerio. \u201cHoy estamos consolidando un proceso en donde hemos trabajado conjuntamente como Ministerio con nuestras trabajadoras en la creaci\u00f3n e implementaci\u00f3n de esta Sala de Lactancia, as\u00ed como tambi\u00e9n trabajamos con otros sectores del gobierno para poder certificarla y avanzar todos conjuntamente en apoyar a la mujer y la corresponsabilidad en la crianza de los ni\u00f1os y ni\u00f1as. Las mujeres y los padres aqu\u00ed tambi\u00e9n tendr\u00e1n un espacio y podr\u00e1n mudar a sus hijos, si lo requieren. Valoramos fuertemente el compromiso de nuestros trabajadores y trabajadoras, de quienes aportaron la idea, as\u00ed como tambi\u00e9n de quienes la hicieron posible con su implementaci\u00f3n, donaci\u00f3n de muebles y entrega de certificaci\u00f3n para que las mujeres y familias puedan contar con un lugar acorde a sus necesidades.\u201d.<\/p>\n<p style=\"text-align: justify;\">Consultada al respecto, la Secretaria Regional Ministerial de la Mujer y Equidad de G\u00e9nero Andrea M\u00e9ndez Valenzuela, manifest\u00f3 que este hito es tremendamente importante, porque es la primera dependencia del MOP a nivel nacional que hace el reconocimiento de incorporar dependencias para el aseguramiento de la lactancia, incluso ampliando esta finalidad e indicando que es un espacio que tambi\u00e9n puede ser utilizado para zonas de encuentro entre padres y madres con sus respectivos hijos e hijas. Adem\u00e1s, tiene un aspecto importante a considerar -un valor agregado- que es su ubicaci\u00f3n, al lado de este auditorio y su importancia a nivel regional, en donde se convoca gente de distintos lugares, a mujeres de distintos espacios, con actividades de distinta naturaleza, por lo tanto tambi\u00e9n es un aporte para la comunidad, no solamente una respuesta para los y las funcionarias del MOP, sino que m\u00e1s bien est\u00e1 focalizado en entregar una respuesta pertinente para la comunidad en su conjunto\u201d.<\/p>\n<\/div><\/section><\/div><div  style='height:50px' class='hr hr-invisible   avia-builder-el-6  el_after_av_one_full  el_before_av_social_share '><span class='hr-inner ' ><span class='hr-inner-style'><\/span><\/span><\/div><\/p>\n<div  class='av-social-sharing-box  avia-builder-el-7  el_after_av_hr  el_before_av_hr  '><div class='av-share-box'><h5 class='av-share-link-description av-no-toc '>Compartir esta noticia<\/h5><ul class='av-share-box-list noLightbox'><li class='av-share-link av-social-link-facebook' ><a target=\"_blank\" aria-label=\"Compartir en Facebook\" href='https:\/\/www.facebook.com\/sharer.php?u=https:\/\/radiorevelacionfm.cl\/?p=33399&#038;t=Plenamente%20operativa%20se%20encuentra%20la%20primera%20sala%20de%20lactancia%20que%20el%20MOP%20habilita%20en%20el%20pa%C3%ADs' aria-hidden='false' data-av_icon='\ue8f3' data-av_iconfont='entypo-fontello' title='' data-avia-related-tooltip='Compartir en Facebook' rel=\"noopener\"><span class='avia_hidden_link_text'>Compartir en Facebook<\/span><\/a><\/li><li class='av-share-link av-social-link-twitter' ><a target=\"_blank\" aria-label=\"Compartir en Twitter\" href='https:\/\/twitter.com\/share?text=Plenamente%20operativa%20se%20encuentra%20la%20primera%20sala%20de%20lactancia%20que%20el%20MOP%20habilita%20en%20el%20pa%C3%ADs&#038;url=https:\/\/radiorevelacionfm.cl\/?p=33399' aria-hidden='false' data-av_icon='\ue8f1' data-av_iconfont='entypo-fontello' title='' data-avia-related-tooltip='Compartir en Twitter' rel=\"noopener\"><span class='avia_hidden_link_text'>Compartir en Twitter<\/span><\/a><\/li><li class='av-share-link av-social-link-whatsapp' ><a target=\"_blank\" aria-label=\"Compartir en Whatsapp\" href='https:\/\/api.whatsapp.com\/send?text=https:\/\/radiorevelacionfm.cl\/?p=33399' aria-hidden='false' data-av_icon='\uf232' data-av_iconfont='entypo-fontello' title='' data-avia-related-tooltip='Compartir en Whatsapp' rel=\"noopener\"><span class='avia_hidden_link_text'>Compartir en Whatsapp<\/span><\/a><\/li><li class='av-share-link av-social-link-linkedin' ><a target=\"_blank\" aria-label=\"Compartir en LinkedIn\" href='https:\/\/linkedin.com\/shareArticle?mini=true&#038;title=Plenamente%20operativa%20se%20encuentra%20la%20primera%20sala%20de%20lactancia%20que%20el%20MOP%20habilita%20en%20el%20pa%C3%ADs&#038;url=https:\/\/radiorevelacionfm.cl\/?p=33399' aria-hidden='false' data-av_icon='\ue8fc' data-av_iconfont='entypo-fontello' title='' data-avia-related-tooltip='Compartir en LinkedIn' rel=\"noopener\"><span class='avia_hidden_link_text'>Compartir en LinkedIn<\/span><\/a><\/li><li class='av-share-link av-social-link-mail' ><a  aria-label=\"Compartir por correo\" href='mailto:?subject=Plenamente%20operativa%20se%20encuentra%20la%20primera%20sala%20de%20lactancia%20que%20el%20MOP%20habilita%20en%20el%20pa%C3%ADs&#038;body=https:\/\/radiorevelacionfm.cl\/?p=33399' aria-hidden='false' data-av_icon='\ue805' data-av_iconfont='entypo-fontello' title='' data-avia-related-tooltip='Compartir por correo'><span class='avia_hidden_link_text'>Compartir por correo<\/span><\/a><\/li><\/ul><\/div><\/div>\n<div  style='height:50px' class='hr hr-invisible   avia-builder-el-8  el_after_av_social_share  el_before_av_comments_list '><span class='hr-inner ' ><span class='hr-inner-style'><\/span><\/span><\/div>\n<div  class='av-buildercomment  av-blog-meta-html-info-disabled av-blog-meta-tag-disabled  '><\/div>\n","protected":false},"excerpt":{"rendered":"","protected":false},"author":1,"featured_media":33400,"comment_status":"open","ping_status":"open","sticky":false,"template":"","format":"standard","meta":{"footnotes":""},"categories":[38],"tags":[],"class_list":["post-33399","post","type-post","status-publish","format-standard","has-post-thumbnail","hentry","category-regional"],"jetpack_featured_media_url":"https:\/\/radiorevelacionfm.cl\/wp-content\/uploads\/2023\/07\/SL-4-1-1.jpg","_links":{"self":[{"href":"https:\/\/radiorevelacionfm.cl\/index.php?rest_route=\/wp\/v2\/posts\/33399","targetHints":{"allow":["GET"]}}],"collection":[{"href":"https:\/\/radiorevelacionfm.cl\/index.php?rest_route=\/wp\/v2\/posts"}],"about":[{"href":"https:\/\/radiorevelacionfm.cl\/index.php?rest_route=\/wp\/v2\/types\/post"}],"author":[{"embeddable":true,"href":"https:\/\/radiorevelacionfm.cl\/index.php?rest_route=\/wp\/v2\/users\/1"}],"replies":[{"embeddable":true,"href":"https:\/\/radiorevelacionfm.cl\/index.php?rest_route=%2Fwp%2Fv2%2Fcomments&post=33399"}],"version-history":[{"count":1,"href":"https:\/\/radiorevelacionfm.cl\/index.php?rest_route=\/wp\/v2\/posts\/33399\/revisions"}],"predecessor-version":[{"id":33401,"href":"https:\/\/radiorevelacionfm.cl\/index.php?rest_route=\/wp\/v2\/posts\/33399\/revisions\/33401"}],"wp:featuredmedia":[{"embeddable":true,"href":"https:\/\/radiorevelacionfm.cl\/index.php?rest_route=\/wp\/v2\/media\/33400"}],"wp:attachment":[{"href":"https:\/\/radiorevelacionfm.cl\/index.php?rest_route=%2Fwp%2Fv2%2Fmedia&parent=33399"}],"wp:term":[{"taxonomy":"category","embeddable":true,"href":"https:\/\/radiorevelacionfm.cl\/index.php?rest_route=%2Fwp%2Fv2%2Fcategories&post=33399"},{"taxonomy":"post_tag","embeddable":true,"href":"https:\/\/radiorevelacionfm.cl\/index.php?rest_route=%2Fwp%2Fv2%2Ftags&post=33399"}],"curies":[{"name":"wp","href":"https:\/\/api.w.org\/{rel}","templated":true}]}}