{"id":33396,"date":"2023-07-31T21:42:16","date_gmt":"2023-08-01T00:42:16","guid":{"rendered":"https:\/\/radiorevelacionfm.cl\/?p=33396"},"modified":"2023-07-31T21:42:16","modified_gmt":"2023-08-01T00:42:16","slug":"slep-aysen-finaliza-proceso-de-concurso-para-proveer-la-dotacion-de-planta-del-servicio","status":"publish","type":"post","link":"https:\/\/radiorevelacionfm.cl\/?p=33396","title":{"rendered":"SLEP Ays\u00e9n finaliza proceso de concurso para proveer la dotaci\u00f3n de planta del servicio"},"content":{"rendered":"<div class=\"flex_column av_one_full  flex_column_div av-zero-column-padding first  avia-builder-el-0  el_before_av_one_full  avia-builder-el-first  \" style='border-radius:0px; '><div  class='avia-image-container  av-styling-    avia-builder-el-1  avia-builder-el-no-sibling  avia-align-center '  itemprop=\"image\" itemscope=\"itemscope\" itemtype=\"https:\/\/schema.org\/ImageObject\"  ><div class='avia-image-container-inner'><div class='avia-image-overlay-wrap'><img decoding=\"async\" class='wp-image-33397 avia-img-lazy-loading-not-33397 avia_image' src=\"https:\/\/radiorevelacionfm.cl\/wp-content\/uploads\/2023\/07\/2-64-1-1.jpg\" alt='' title='2 (64) (1) (1)' height=\"600\" width=\"800\"  itemprop=\"thumbnailUrl\" srcset=\"https:\/\/radiorevelacionfm.cl\/wp-content\/uploads\/2023\/07\/2-64-1-1.jpg 800w, https:\/\/radiorevelacionfm.cl\/wp-content\/uploads\/2023\/07\/2-64-1-1-300x225.jpg 300w, https:\/\/radiorevelacionfm.cl\/wp-content\/uploads\/2023\/07\/2-64-1-1-768x576.jpg 768w, https:\/\/radiorevelacionfm.cl\/wp-content\/uploads\/2023\/07\/2-64-1-1-705x529.jpg 705w, https:\/\/radiorevelacionfm.cl\/wp-content\/uploads\/2023\/07\/2-64-1-1-450x338.jpg 450w, https:\/\/radiorevelacionfm.cl\/wp-content\/uploads\/2023\/07\/2-64-1-1-600x450.jpg 600w\" sizes=\"(max-width: 800px) 100vw, 800px\" \/><\/div><\/div><\/div><\/div><div class=\"flex_column av_one_full  flex_column_div av-zero-column-padding first  avia-builder-el-2  el_after_av_one_full  el_before_av_one_full  column-top-margin\" style='border-radius:0px; '><section class=\"av_textblock_section \"  itemscope=\"itemscope\" itemtype=\"https:\/\/schema.org\/BlogPosting\" itemprop=\"blogPost\" ><div class='avia_textblock  '   itemprop=\"text\" ><p style=\"text-align: center;\"><strong><span style=\"font-size: 18pt;\">SLEP Ays\u00e9n finaliza proceso de concurso para proveer la dotaci\u00f3n de planta del servicio <\/span><\/strong><\/p>\n<div id=\"gtx-trans\" style=\"position: absolute; left: -50px; top: 4.31534px;\">\n<div class=\"gtx-trans-icon\"><\/div>\n<\/div>\n<\/div><\/section><\/div><div class=\"flex_column av_one_full  flex_column_div av-zero-column-padding first  avia-builder-el-4  el_after_av_one_full  el_before_av_hr  column-top-margin\" style='border-radius:0px; '><section class=\"av_textblock_section \"  itemscope=\"itemscope\" itemtype=\"https:\/\/schema.org\/BlogPosting\" itemprop=\"blogPost\" ><div class='avia_textblock  '   itemprop=\"text\" ><p style=\"text-align: justify;\">Como un importante hito para el proceso de instalaci\u00f3n del Servicio Local de Educaci\u00f3n P\u00fablica de Ays\u00e9n calific\u00f3 el director ejecutivo Sebasti\u00e1n Gonz\u00e1lez el cierre del concurso interno para proveer la dotaci\u00f3n de planta del servicio, instancia donde participaron los funcionarios municipales de las actuales direcciones y departamentos de educaci\u00f3n de los municipios de toda la regi\u00f3n, proceso que se encuentra enmarcado en el traspaso del personal municipal seg\u00fan lo establece la ley.<\/p>\n<p style=\"text-align: justify;\">Al respecto, el jefe superior del SLEP Ays\u00e9n indic\u00f3 que \u201chemos finalizado con \u00e9xito un proceso que ha significado meses de trabajo, donde hemos querido llevar un concurso con mucha transparencia, de cara a la ciudadan\u00eda y que entregue las oportunidades para que los funcionarios que hoy se encuentran en los municipios puedan ser parte de este nuevo servicio para la regi\u00f3n\u201d.<\/p>\n<p style=\"text-align: justify;\">En esta l\u00ednea, el director ejecutivo se reuni\u00f3 de manera telem\u00e1tica con los nuevos funcionarios, quienes comenzar\u00e1n a prestar funciones en el servicio a partir del 1 de enero del 2024, momento en el cual el SLEP asumir\u00e1 la responsabilidad de administrar y liderar el servicio educativo p\u00fablico de los establecimientos educacionales y jardines infantiles v\u00eda transferencia de fondos de las comunas de Tortel, R\u00edo Ib\u00e1\u00f1ez, O\u2019Higgins, Lago Verde, Guaitecas, Coyhaique, Cochrane, Cisnes, Chile Chico y Ays\u00e9n. En la instancia, Gonz\u00e1lez felicit\u00f3 a los participantes del concurso y les entreg\u00f3 los principales lineamientos del trabajo a realizar, posterior al proceso de traspaso el 2024.<\/p>\n<p style=\"text-align: justify;\">\u201cSon 26 funcionarios que han quedado seleccionados en la planta del servicio local a trav\u00e9s de concurso. Es importante poder destacar su trayectoria y su experiencia en educaci\u00f3n, que sin duda ser\u00e1n fundamentales en el fortalecimiento de la educaci\u00f3n p\u00fablica en la regi\u00f3n de Ays\u00e9n\u201d, puntualiz\u00f3 el director ejecutivo.<\/p>\n<p style=\"text-align: justify;\">Durante los meses previos al proceso de concurso, los funcionarios municipales contaron con acompa\u00f1amiento y orientaci\u00f3n de manera continua por parte de la Divisi\u00f3n de implementaci\u00f3n de los servicios locales de la Direcci\u00f3n de Educaci\u00f3n P\u00fablica, con el objetivo de apoyar a los funcionarios de los DEM y DAEM de la regi\u00f3n para as\u00ed lograr un proceso de postulaci\u00f3n exitoso, que hoy se traduce que un 75 por ciento de los postulantes se adjudic\u00f3 un cargo en la planta del servicio de educaci\u00f3n p\u00fablica.<\/p>\n<p style=\"text-align: justify;\">Otro de los puntos a destacar seg\u00fan el director ejecutivo es que \u201cel SLEP Ays\u00e9n es el primer Servicio Local de Educaci\u00f3n P\u00fablica de todo el pa\u00eds que decide concursar el 100 por ciento de sus cargos de planta, dando as\u00ed mayores oportunidades a los funcionarios que hoy prestan servicio en los municipios\u201d.<\/p>\n<p style=\"text-align: justify;\">Junto al Servicio Local Ays\u00e9n, los organismos p\u00fablicos que entraron en funcionamiento a partir de 1 de marzo de 2022 son el Servicio Local Iquique, Licancabur, Maule Costa, Punilla Cordillera, y Magallanes. Estos SLEP recibir\u00e1n el traspaso del servicio educacional correspondiente a las comunas de sus territorios el 1 de enero del 2024.<\/p>\n<\/div><\/section><\/div><div  style='height:50px' class='hr hr-invisible   avia-builder-el-6  el_after_av_one_full  el_before_av_social_share '><span class='hr-inner ' ><span class='hr-inner-style'><\/span><\/span><\/div><\/p>\n<div  class='av-social-sharing-box  avia-builder-el-7  el_after_av_hr  el_before_av_hr  '><div class='av-share-box'><h5 class='av-share-link-description av-no-toc '>Compartir esta noticia<\/h5><ul class='av-share-box-list noLightbox'><li class='av-share-link av-social-link-facebook' ><a target=\"_blank\" aria-label=\"Compartir en Facebook\" href='https:\/\/www.facebook.com\/sharer.php?u=https:\/\/radiorevelacionfm.cl\/?p=33396&#038;t=SLEP%20Ays%C3%A9n%20finaliza%20proceso%20de%20concurso%20para%20proveer%20la%20dotaci%C3%B3n%20de%20planta%20del%20servicio' aria-hidden='false' data-av_icon='\ue8f3' data-av_iconfont='entypo-fontello' title='' data-avia-related-tooltip='Compartir en Facebook' rel=\"noopener\"><span class='avia_hidden_link_text'>Compartir en Facebook<\/span><\/a><\/li><li class='av-share-link av-social-link-twitter' ><a target=\"_blank\" aria-label=\"Compartir en Twitter\" href='https:\/\/twitter.com\/share?text=SLEP%20Ays%C3%A9n%20finaliza%20proceso%20de%20concurso%20para%20proveer%20la%20dotaci%C3%B3n%20de%20planta%20del%20servicio&#038;url=https:\/\/radiorevelacionfm.cl\/?p=33396' aria-hidden='false' data-av_icon='\ue8f1' data-av_iconfont='entypo-fontello' title='' data-avia-related-tooltip='Compartir en Twitter' rel=\"noopener\"><span class='avia_hidden_link_text'>Compartir en Twitter<\/span><\/a><\/li><li class='av-share-link av-social-link-whatsapp' ><a target=\"_blank\" aria-label=\"Compartir en Whatsapp\" href='https:\/\/api.whatsapp.com\/send?text=https:\/\/radiorevelacionfm.cl\/?p=33396' aria-hidden='false' data-av_icon='\uf232' data-av_iconfont='entypo-fontello' title='' data-avia-related-tooltip='Compartir en Whatsapp' rel=\"noopener\"><span class='avia_hidden_link_text'>Compartir en Whatsapp<\/span><\/a><\/li><li class='av-share-link av-social-link-linkedin' ><a target=\"_blank\" aria-label=\"Compartir en LinkedIn\" href='https:\/\/linkedin.com\/shareArticle?mini=true&#038;title=SLEP%20Ays%C3%A9n%20finaliza%20proceso%20de%20concurso%20para%20proveer%20la%20dotaci%C3%B3n%20de%20planta%20del%20servicio&#038;url=https:\/\/radiorevelacionfm.cl\/?p=33396' aria-hidden='false' data-av_icon='\ue8fc' data-av_iconfont='entypo-fontello' title='' data-avia-related-tooltip='Compartir en LinkedIn' rel=\"noopener\"><span class='avia_hidden_link_text'>Compartir en LinkedIn<\/span><\/a><\/li><li class='av-share-link av-social-link-mail' ><a  aria-label=\"Compartir por correo\" href='mailto:?subject=SLEP%20Ays%C3%A9n%20finaliza%20proceso%20de%20concurso%20para%20proveer%20la%20dotaci%C3%B3n%20de%20planta%20del%20servicio&#038;body=https:\/\/radiorevelacionfm.cl\/?p=33396' aria-hidden='false' data-av_icon='\ue805' data-av_iconfont='entypo-fontello' title='' data-avia-related-tooltip='Compartir por correo'><span class='avia_hidden_link_text'>Compartir por correo<\/span><\/a><\/li><\/ul><\/div><\/div>\n<div  style='height:50px' class='hr hr-invisible   avia-builder-el-8  el_after_av_social_share  el_before_av_comments_list '><span class='hr-inner ' ><span class='hr-inner-style'><\/span><\/span><\/div>\n<div  class='av-buildercomment  av-blog-meta-html-info-disabled av-blog-meta-tag-disabled  '><\/div>\n","protected":false},"excerpt":{"rendered":"","protected":false},"author":1,"featured_media":33397,"comment_status":"open","ping_status":"open","sticky":false,"template":"","format":"standard","meta":{"footnotes":""},"categories":[49],"tags":[],"class_list":["post-33396","post","type-post","status-publish","format-standard","has-post-thumbnail","hentry","category-educacion"],"jetpack_featured_media_url":"https:\/\/radiorevelacionfm.cl\/wp-content\/uploads\/2023\/07\/2-64-1-1.jpg","_links":{"self":[{"href":"https:\/\/radiorevelacionfm.cl\/index.php?rest_route=\/wp\/v2\/posts\/33396","targetHints":{"allow":["GET"]}}],"collection":[{"href":"https:\/\/radiorevelacionfm.cl\/index.php?rest_route=\/wp\/v2\/posts"}],"about":[{"href":"https:\/\/radiorevelacionfm.cl\/index.php?rest_route=\/wp\/v2\/types\/post"}],"author":[{"embeddable":true,"href":"https:\/\/radiorevelacionfm.cl\/index.php?rest_route=\/wp\/v2\/users\/1"}],"replies":[{"embeddable":true,"href":"https:\/\/radiorevelacionfm.cl\/index.php?rest_route=%2Fwp%2Fv2%2Fcomments&post=33396"}],"version-history":[{"count":1,"href":"https:\/\/radiorevelacionfm.cl\/index.php?rest_route=\/wp\/v2\/posts\/33396\/revisions"}],"predecessor-version":[{"id":33398,"href":"https:\/\/radiorevelacionfm.cl\/index.php?rest_route=\/wp\/v2\/posts\/33396\/revisions\/33398"}],"wp:featuredmedia":[{"embeddable":true,"href":"https:\/\/radiorevelacionfm.cl\/index.php?rest_route=\/wp\/v2\/media\/33397"}],"wp:attachment":[{"href":"https:\/\/radiorevelacionfm.cl\/index.php?rest_route=%2Fwp%2Fv2%2Fmedia&parent=33396"}],"wp:term":[{"taxonomy":"category","embeddable":true,"href":"https:\/\/radiorevelacionfm.cl\/index.php?rest_route=%2Fwp%2Fv2%2Fcategories&post=33396"},{"taxonomy":"post_tag","embeddable":true,"href":"https:\/\/radiorevelacionfm.cl\/index.php?rest_route=%2Fwp%2Fv2%2Ftags&post=33396"}],"curies":[{"name":"wp","href":"https:\/\/api.w.org\/{rel}","templated":true}]}}