{"id":33394,"date":"2023-07-30T21:33:16","date_gmt":"2023-07-31T00:33:16","guid":{"rendered":"https:\/\/radiorevelacionfm.cl\/?p=33394"},"modified":"2023-07-30T21:33:16","modified_gmt":"2023-07-31T00:33:16","slug":"central-los-maquis-pronunciamientos-de-servicios-publicos-presionan-por-termino-anticipado-de-la-evaluacion-ambiental","status":"publish","type":"post","link":"https:\/\/radiorevelacionfm.cl\/?p=33394","title":{"rendered":"Central Los Maquis: Pronunciamientos de servicios p\u00fablicos presionan por t\u00e9rmino anticipado de la evaluaci\u00f3n ambiental"},"content":{"rendered":"<div class=\"flex_column av_one_full  flex_column_div av-zero-column-padding first  avia-builder-el-0  el_before_av_one_full  avia-builder-el-first  \" style='border-radius:0px; '><div  class='avia-image-container  av-styling-    avia-builder-el-1  avia-builder-el-no-sibling  avia-align-center '  itemprop=\"image\" itemscope=\"itemscope\" itemtype=\"https:\/\/schema.org\/ImageObject\"  ><div class='avia-image-container-inner'><div class='avia-image-overlay-wrap'><img decoding=\"async\" class='wp-image-9516 avia-img-lazy-loading-not-9516 avia_image' src=\"https:\/\/radiorevelacionfm.cl\/wp-content\/uploads\/2021\/10\/central-los-maquis-0-1_optimized.jpg\" alt='' title='central-los-maquis-(0)-(1)_optimized' height=\"600\" width=\"751\"  itemprop=\"thumbnailUrl\" srcset=\"https:\/\/radiorevelacionfm.cl\/wp-content\/uploads\/2021\/10\/central-los-maquis-0-1_optimized.jpg 751w, https:\/\/radiorevelacionfm.cl\/wp-content\/uploads\/2021\/10\/central-los-maquis-0-1_optimized-300x240.jpg 300w, https:\/\/radiorevelacionfm.cl\/wp-content\/uploads\/2021\/10\/central-los-maquis-0-1_optimized-705x563.jpg 705w, https:\/\/radiorevelacionfm.cl\/wp-content\/uploads\/2021\/10\/central-los-maquis-0-1_optimized-600x479.jpg 600w\" sizes=\"(max-width: 751px) 100vw, 751px\" \/><\/div><\/div><\/div><\/div><div class=\"flex_column av_one_full  flex_column_div av-zero-column-padding first  avia-builder-el-2  el_after_av_one_full  el_before_av_one_full  column-top-margin\" style='border-radius:0px; '><section class=\"av_textblock_section \"  itemscope=\"itemscope\" itemtype=\"https:\/\/schema.org\/BlogPosting\" itemprop=\"blogPost\" ><div class='avia_textblock  '   itemprop=\"text\" ><p style=\"text-align: center;\"><span style=\"font-size: 18pt;\"><b><span lang=\"ES\">Central Los Maquis: Pronunciamientos<span class=\"v1gmail-Apple-converted-space\">\u00a0<\/span><\/span><\/b><b><span lang=\"X-NONE\">de servicios p\u00fablicos presionan por t\u00e9rmino anticipado de la evaluaci\u00f3n ambiental<\/span><\/b><\/span><\/p>\n<div id=\"gtx-trans\" style=\"position: absolute; left: -50px; top: 4.31534px;\">\n<div class=\"gtx-trans-icon\"><\/div>\n<\/div>\n<\/div><\/section><\/div><div class=\"flex_column av_one_full  flex_column_div av-zero-column-padding first  avia-builder-el-4  el_after_av_one_full  el_before_av_hr  column-top-margin\" style='border-radius:0px; '><section class=\"av_textblock_section \"  itemscope=\"itemscope\" itemtype=\"https:\/\/schema.org\/BlogPosting\" itemprop=\"blogPost\" ><div class='avia_textblock  '   itemprop=\"text\" ><p class=\"v1MsoNormal\" style=\"text-align: justify;\"><span lang=\"ES\">\u00ab<i>En virtud de los antecedentes presentados por el titular, este<span class=\"v1gmail-Apple-converted-space\">\u00a0<\/span><\/i><\/span><i><span lang=\"X-NONE\">\u00f3rgano del Estado con competencia ambiental estima que la DIA del proyecto carece de informaci\u00f3n esencial&#8230; la falta de la misma no es susceptible de ser subsanada mediante aclaraciones, rectificaciones o ampliaciones<\/span><\/i><span lang=\"X-NONE\">\u00ab.<\/span><\/p>\n<p class=\"v1MsoNormal\" style=\"text-align: justify;\"><span lang=\"X-NONE\">Con este p\u00e1rrafo inicia el<span class=\"v1gmail-Apple-converted-space\">\u00a0<\/span><\/span><span lang=\"ES\"><a href=\"https:\/\/seia.sea.gob.cl\/archivos\/2023\/07\/19\/of_430_desarrollo_social.pdf\" target=\"_blank\" rel=\"noopener noreferrer\"><span lang=\"X-NONE\">pronunciamiento<\/span><\/a><\/span><span lang=\"X-NONE\"><span class=\"v1gmail-Apple-converted-space\">\u00a0<\/span>de la<span class=\"v1gmail-Apple-converted-space\">\u00a0<\/span><b>seremi de Desarrollo Social y Familia (MIDESO)<\/b><span class=\"v1gmail-Apple-converted-space\">\u00a0<\/span>sobre la Declaraci\u00f3n de Impacto Ambiental (DIA) de la central hidroel\u00e9ctrica Los Maquis de Edelays\u00e9n, que desde el mediados de junio se encuentra<span class=\"v1gmail-Apple-converted-space\">\u00a0<\/span><\/span><span lang=\"ES\"><a href=\"https:\/\/seia.sea.gob.cl\/expediente\/expedientesEvaluacion.php?modo=ficha&amp;id_expediente=2159461351\" target=\"_blank\" rel=\"noopener noreferrer\"><span lang=\"X-NONE\">en an\u00e1lisis<\/span><\/a><\/span><span lang=\"X-NONE\"><span class=\"v1gmail-Apple-converted-space\">\u00a0<\/span>ante el Servicio de Evaluaci\u00f3n Ambiental (SEA).<\/span><\/p>\n<p class=\"v1MsoNormal\" style=\"text-align: justify;\"><span lang=\"X-NONE\">El 22 de junio el SEA solicit\u00f3 a 24 organismos p\u00fablicos su pronunciamiento sobre la DIA, plazo que concluy\u00f3 el 14 de julio.\u00a0<span class=\"v1gmail-Apple-converted-space\">\u00a0<\/span>De \u00e9stos, cuatro no cumplieron con lo solicitado: la Municipalidad de Chile Chico, la Superintendencia de Electricidad y Combustibles, y la seremis de Miner\u00eda y Vivienda.<\/span><\/p>\n<p class=\"v1MsoNormal\" style=\"text-align: justify;\"><span lang=\"X-NONE\">El oficio del MIDESO alude espec\u00edficamente a que la empresa no logr\u00f3 hacerse cargo de la normativa que le obliga a \u00ab<i>justificar la inexistencia de efectos adversos sobre reasentamientos de comunidades humanas o alteraci\u00f3n de los sistemas de vida y costumbre de grupos humanos<\/i>\u00ab. Esto, toda vez que Edelays\u00e9n \u00ab<i>no present\u00f3 los antecedentes t\u00e9cnicos<\/i>\u00bb en dicho sentido, no valorando \u00ab<i>el potencial impacto que podr\u00eda generar la acci\u00f3n de la demolici\u00f3n de la antigua casa de m\u00e1quinas<\/i>\u00bb (que fue eliminada durante la construcci\u00f3n del proyecto) siendo que en el propio proceso de Participaci\u00f3n Ciudadana Anticipada (PACA) desarrollado por la empresa se reconoce que \u00ab<i>la antigua central tiene un valor patrimonial para la comunidad, ya que fue construida por guadalinos y forma parte de la historia de la localidad<\/i>\u00ab.\u00a0<span class=\"v1gmail-Apple-converted-space\">\u00a0<\/span><\/span><\/p>\n<p class=\"v1MsoNormal\" style=\"text-align: justify;\"><span lang=\"X-NONE\">Tampoco consider\u00f3, constata MIDESO, a los vecinos aleda\u00f1os a la central en su \u00ab<i>mapa de propagaci\u00f3n sonora<\/i>\u00ab, siendo que \u00ab<i>es el grupo humano m\u00e1s pr\u00f3ximo a las obras, partes y acciones del proyecto<\/i>\u00ab.<\/span><\/p>\n<p class=\"v1MsoNormal\" style=\"text-align: justify;\"><span lang=\"X-NONE\">Asimismo, Edelays\u00e9n descart\u00f3 que la construcci\u00f3n y operaci\u00f3n de la central afectara a grupos humanos que acceden al sector y usan recursos naturales ah\u00ed existentes, pero sin detallar qui\u00e9nes realizan esta actividades; distancia del proyecto; frecuencia, cantidad, duraci\u00f3n o magnitud. Y sobre la aseveraci\u00f3n de la empresa que previo al proyecto la comunidad ten\u00eda \u00ab<i>un historial de conflictividad socioambiental que ha acompa\u00f1ado el desarrollo del proyecto anterior a su ingreso al SEIA<\/i>\u00ab, la seremi de Desarrollo Social y Familia critica que \u00ab<i>ni la DIA ni la caracterizaci\u00f3n del medio humano ni la PACA presentan un levantamiento de informaci\u00f3n primaria y\/o secundaria de tal conflicto en torno al proyecto y su origen, que permita descartar fundadamente que dicho fen\u00f3meno constituya una afectaci\u00f3n a la cohesi\u00f3n social del grupo humano generada por las obras, partes y acciones del proyecto<\/i>\u00ab.<\/span><\/p>\n<p class=\"v1MsoNormal\" style=\"text-align: justify;\"><span lang=\"X-NONE\">El pronunciamiento del MIDESO es cr\u00edtico, considerando que el<span class=\"v1gmail-Apple-converted-space\">\u00a0<\/span><\/span><span lang=\"ES\"><a href=\"https:\/\/www.bcn.cl\/leychile\/navegar?idNorma=1053563\" target=\"_blank\" rel=\"noopener noreferrer\"><span lang=\"X-NONE\">Reglamento del Sistema de Evaluaci\u00f3n de Impacto Ambiental<\/span><\/a><\/span><span lang=\"X-NONE\">, en su art\u00edculo 48 se\u00f1ala expresamente que \u00ab<i>si la declaraci\u00f3n carece de informaci\u00f3n relevante o esencial para su evaluaci\u00f3n que no pudiere ser subsanada mediante aclaraciones, rectificaciones o ampliaciones, o si el proyecto o actividad requiere de un Estudio de Impacto Ambiental, el director regional o el director ejecutivo, seg\u00fan corresponda, as\u00ed lo declarar\u00e1 mediante resoluci\u00f3n fundada, ordenando devolver los antecedentes al titular y poniendo t\u00e9rmino al procedimiento<\/i>\u00ab.<\/span><\/p>\n<p class=\"v1MsoNormal\" style=\"text-align: justify;\"><span lang=\"X-NONE\">En una l\u00ednea similar respecto de la falta de informaci\u00f3n se pronuncia el<span class=\"v1gmail-Apple-converted-space\">\u00a0<\/span><b>Consejo de Monumentos Nacionales<\/b>, al<span class=\"v1gmail-Apple-converted-space\">\u00a0<\/span><\/span><span lang=\"ES\"><a href=\"https:\/\/infofirma.sea.gob.cl\/DocumentosSEA\/MostrarDocumento?docId=2023\/07\/25\/699a-da16-42b8-be56-b9a5c7a9ff44\" target=\"_blank\" rel=\"noopener noreferrer\"><span lang=\"X-NONE\">se\u00f1alar<\/span><\/a><\/span><span lang=\"X-NONE\"><span class=\"v1gmail-Apple-converted-space\">\u00a0<\/span>que \u00ab<i>no es factible efectuar la adecuada evaluaci\u00f3n de los efectos, caracter\u00edsticas o circunstancias de un proyecto sobre los componentes descritos en la letra f) del art\u00edculo 11 de la Ley 19.300, cuando las obras del mismo ya se encuentran ejecutadas, por lo que tampoco es factible descartar la ocurrencia de intervenciones a monumentos nacionales<\/i>\u00ab. Esto, dice el servicio, \u00ab<i>es especialmente complejo cuando los antecedentes culturales del \u00e1rea dan cuenta de la susceptibilidad de existir yacimientos arqueol\u00f3gicos en el \u00e1rea<\/i>\u00ab.<\/span><\/p>\n<p class=\"v1MsoNormal\" style=\"text-align: justify;\"><span lang=\"X-NONE\">Y, desde la<span class=\"v1gmail-Apple-converted-space\">\u00a0<\/span><b>seremi del Medio Ambiente,<\/b><span class=\"v1gmail-Apple-converted-space\">\u00a0<\/span><\/span><span lang=\"ES\"><a href=\"https:\/\/seia.sea.gob.cl\/archivos\/2023\/07\/19\/of_237_SMedioAmbiente.pdf\" target=\"_blank\" rel=\"noopener noreferrer\"><span lang=\"X-NONE\">se exige<\/span><\/a><\/span><span lang=\"X-NONE\"><span class=\"v1gmail-Apple-converted-space\">\u00a0<\/span>un an\u00e1lisis completo, seg\u00fan la normativa vigente, sobre la relaci\u00f3n del proyecto con los \u00e1mbitos de adaptaci\u00f3n\/resiliencia y mitigaci\u00f3n del cambio clim\u00e1tico, incluso justificando la localizaci\u00f3n dada su \u00ab<i>exposici\u00f3n al riesgo clim\u00e1tico de la zona de emplazamiento<\/i>\u00bb que podr\u00edan afectar su operaci\u00f3n futura.\u00a0\u00a0<span class=\"v1gmail-Apple-converted-space\">\u00a0<\/span><\/span><\/p>\n<p class=\"v1MsoNormal\" style=\"text-align: justify;\"><span lang=\"X-NONE\">Esto es relevante toda vez que est\u00e1 constatado que dentro de las amenazas clim\u00e1ticas al sistema el\u00e9ctrico regional est\u00e1 la \u00ab<i>disminuci\u00f3n en la disponibilidad de recurso h\u00eddrico para generaci\u00f3n hidroel\u00e9ctrica a lo largo de todo el a\u00f1o<\/i>\u00ab, algo que no habr\u00eda sido lo suficientemente evaluado en la DIA y lo cual podr\u00eda haber sido fundamental al decidir entre \u00e9sta y otras alternativas, en un an\u00e1lisis integral de beneficios\/impactos.<\/span><\/p>\n<p class=\"v1MsoNormal\" style=\"text-align: justify;\"><span lang=\"X-NONE\">En este sentido, la empresa<span class=\"v1gmail-Apple-converted-space\">\u00a0<\/span><\/span><span lang=\"ES\"><a href=\"https:\/\/seia.sea.gob.cl\/archivos\/2023\/06\/16\/Anexo_3.17_Consideraciones_del_Cambio_Climatico_.pdf\" target=\"_blank\" rel=\"noopener noreferrer\"><span lang=\"X-NONE\">se\u00f1ala<\/span><\/a><\/span><span lang=\"X-NONE\"><span class=\"v1gmail-Apple-converted-space\">\u00a0<\/span>para \u00ab<i>establecer si el agua superficial que se utilizar\u00e1 est\u00e1 en un lugar propenso a eventos de sequ\u00eda o al aumento de estos eventos<\/i>\u00bb se revisaron \u00ab<i>la declaratoria de la Direcci\u00f3n General de Aguas (escasez h\u00eddrica) o del Ministerio de Agricultura (d\u00e9ficit h\u00eddrico) y no se encontr\u00f3 decretos vigentes que declaren la zona de emplazamiento del proyecto con escasez h\u00eddrica<\/i>\u00ab.\u00a0<span class=\"v1gmail-Apple-converted-space\">\u00a0<\/span>Lo que omite, en un proyecto con un horizonte de vida \u00fatil de 30 a\u00f1os, que desde el 7 de marzo y el 7 de septiembre de 2022 la zona s\u00ed fue declarada en escasez h\u00eddrica por<span class=\"v1gmail-Apple-converted-space\">\u00a0<\/span><\/span><span lang=\"ES\"><a href=\"https:\/\/dga.mop.gob.cl\/administracionrecursoshidricos\/decretosZonasEscasez\/Documents\/DTR_45_2022.pdf\" target=\"_blank\" rel=\"noopener noreferrer\"><span lang=\"X-NONE\">Decreto 45 del Ministerio de Obras P\u00fablicas<\/span><\/a><\/span><span lang=\"X-NONE\">, apuntando todas las modelaciones a que estos escenarios se<span class=\"v1gmail-Apple-converted-space\">\u00a0<\/span><\/span><span lang=\"ES\"><a href=\"https:\/\/mma.gob.cl\/cambio-climatico-chile-sumara-14-anos-consecutivos-de-sequia-y-proyectan-aumento-en-olas-de-calor\/\" target=\"_blank\" rel=\"noopener noreferrer\"><span lang=\"X-NONE\">repetir\u00e1n cada vez m\u00e1s en el futuro<\/span><\/a><\/span><span lang=\"X-NONE\">.<\/span><\/p>\n<p class=\"v1MsoNormal\" style=\"text-align: justify;\"><b><span lang=\"X-NONE\">Inexistentes compromisos voluntarios<\/span><\/b><\/p>\n<p class=\"v1MsoNormal\" style=\"text-align: justify;\"><span lang=\"X-NONE\">Un aspecto espec\u00edfico que abordaron varios servicios se refiri\u00f3 a que la empresa, al contrario de lo que afirm\u00f3 y acord\u00f3 con algunos participantes de la PACA, se\u00f1al\u00f3 en la DIA que \u00ab<\/span><i><span lang=\"ES\">e<\/span><\/i><i><span lang=\"X-NONE\">l titular del proyecto no contempla realizar compromisos ambientales voluntarios no exigidos por la legislaci\u00f3n vigente<\/span><\/i><span lang=\"X-NONE\">\u00ab.<\/span><\/p>\n<p class=\"v1MsoNormal\" style=\"text-align: justify;\"><span lang=\"X-NONE\">Es as\u00ed que<span class=\"v1gmail-Apple-converted-space\">\u00a0<\/span><b>Sernatur<\/b><span class=\"v1gmail-Apple-converted-space\">\u00a0<\/span><\/span><span lang=\"ES\"><a href=\"https:\/\/seia.sea.gob.cl\/archivos\/2023\/07\/17\/of_70_sernatur.pdf\" target=\"_blank\" rel=\"noopener noreferrer\"><span lang=\"X-NONE\">solicita<\/span><\/a><\/span><span lang=\"X-NONE\"><span class=\"v1gmail-Apple-converted-space\">\u00a0<\/span>que \u00ab<i>se realicen algunas acciones o compromisos ambientales voluntarios<\/i>\u00bb relacionados con relevar los atractivos tur\u00edsticos.\u00a0<span class=\"v1gmail-Apple-converted-space\">\u00a0<\/span>Lo mismo el<span class=\"v1gmail-Apple-converted-space\">\u00a0<\/span><b>Servicio Agr\u00edcola y Ganadero (<\/b>al igual que la<span class=\"v1gmail-Apple-converted-space\">\u00a0<\/span><b>\u00a0\u00a0seremi de Agricultura),<span class=\"v1gmail-Apple-converted-space\">\u00a0<\/span><\/b>el cual incluso<span class=\"v1gmail-Apple-converted-space\">\u00a0<\/span><\/span><span lang=\"ES\"><a href=\"https:\/\/seia.sea.gob.cl\/archivos\/2023\/07\/17\/404_sag.pdf\" target=\"_blank\" rel=\"noopener noreferrer\"><span lang=\"X-NONE\">apunta<\/span><\/a><\/span><span lang=\"X-NONE\"><span class=\"v1gmail-Apple-converted-space\">\u00a0<\/span>a lo inoficioso que fue la PACA considerando que los acuerdos a los que se lleg\u00f3 no fueron incluidos en la declaraci\u00f3n, como es el caso del soterramiento esc\u00e9nico mediante cortina vegetal de la tuber\u00eda y la c\u00e1mara de carga, y reducir el talud en cortes del cerro y cubrir con tierra vegetal para incorporar especies nativas.\u00a0<span class=\"v1gmail-Apple-converted-space\">\u00a0<\/span>\u00ab<i>Estas obras acordadas no fueron comprometidas ni detalladas en el Cap\u00edtulo 7 de Compromisos Ambientales Voluntarios, por lo que se requiere su inclusi\u00f3n a objeto de ser incluidas en la RCA (Resoluci\u00f3n de Calificaci\u00f3n Ambiental)<\/i>\u00ab.\u00a0<span class=\"v1gmail-Apple-converted-space\">\u00a0<\/span><\/span><\/p>\n<p class=\"v1MsoNormal\" style=\"text-align: justify;\"><span lang=\"X-NONE\">La<span class=\"v1gmail-Apple-converted-space\">\u00a0<\/span><b>Direcci\u00f3n General de Aguas<\/b>, en tanto,<span class=\"v1gmail-Apple-converted-space\">\u00a0<\/span><\/span><span lang=\"ES\"><a href=\"https:\/\/seia.sea.gob.cl\/archivos\/2023\/07\/19\/of_242_DGA.pdf\" target=\"_blank\" rel=\"noopener noreferrer\"><span lang=\"X-NONE\">consigna<\/span><\/a><\/span><span lang=\"X-NONE\"><span class=\"v1gmail-Apple-converted-space\">\u00a0<\/span>que \u00ab<i>se sugiere a la proponente adquirir como compromiso voluntario el monitoreo con frecuencia semestral, 100 m aguas arriba de la captaci\u00f3n, 100 m debajo de la obra de captaci\u00f3n y 100 metros aguas abajo de la restituci\u00f3n, de los siguientes par\u00e1metros de calidad de aguas, ox\u00edgeno disuelto, conductividad el\u00e9ctrica, pH, temperatura<\/i>\u00ab.<\/span><\/p>\n<p class=\"v1MsoNormal\" style=\"text-align: justify;\"><span lang=\"X-NONE\">En coherencia con todo lo anterior, la Corporaci\u00f3n Privada para el Desarrollo de Ays\u00e9n y la Agrupaci\u00f3n Ays\u00e9n Reserva de Vida, con apoyo de ONG FIMA, solicitaron este viernes al SEA el t\u00e9rmino anticipado de la evaluaci\u00f3n del proyecto por \u00ab<i>por carecer la Declaraci\u00f3n de Impacto Ambiental de informaci\u00f3n relevante o esencial en torno a la producci\u00f3n de los efectos, caracter\u00edsticas o circunstancias del art\u00edculo 11 de la ley 19.300&#8243;.\u00a0<span class=\"v1gmail-Apple-converted-space\">\u00a0<\/span><\/i><\/span><\/p>\n<p class=\"v1MsoNormal\" style=\"text-align: justify;\"><span lang=\"X-NONE\">Y agregan que tambi\u00e9n\u00bb<i>por presentar los efectos, caracter\u00edsticas y circunstancias del art. 11 de la Ley N\u00ba19.300&#8243;<span class=\"v1gmail-Apple-converted-space\">\u00a0<\/span><\/i>por lo cual requieren que el proyecto ingrese a evaluaci\u00f3n mediante un Estudio de Impacto Ambiental.<\/span><\/p>\n<p class=\"v1MsoNormal\" style=\"text-align: justify;\"><span lang=\"X-NONE\">El plazo m\u00e1ximo para decretar tal medida se cumplir\u00eda durante la presente semana.<\/span><\/p>\n<\/div><\/section><\/div><div  style='height:50px' class='hr hr-invisible   avia-builder-el-6  el_after_av_one_full  el_before_av_social_share '><span class='hr-inner ' ><span class='hr-inner-style'><\/span><\/span><\/div><\/p>\n<div  class='av-social-sharing-box  avia-builder-el-7  el_after_av_hr  el_before_av_hr  '><div class='av-share-box'><h5 class='av-share-link-description av-no-toc '>Compartir esta noticia<\/h5><ul class='av-share-box-list noLightbox'><li class='av-share-link av-social-link-facebook' ><a target=\"_blank\" aria-label=\"Compartir en Facebook\" href='https:\/\/www.facebook.com\/sharer.php?u=https:\/\/radiorevelacionfm.cl\/?p=33394&#038;t=Central%20Los%20Maquis%3A%20Pronunciamientos%20de%20servicios%20p%C3%BAblicos%20presionan%20por%20t%C3%A9rmino%20anticipado%20de%20la%20evaluaci%C3%B3n%20ambiental' aria-hidden='false' data-av_icon='\ue8f3' data-av_iconfont='entypo-fontello' title='' data-avia-related-tooltip='Compartir en Facebook' rel=\"noopener\"><span class='avia_hidden_link_text'>Compartir en Facebook<\/span><\/a><\/li><li class='av-share-link av-social-link-twitter' ><a target=\"_blank\" aria-label=\"Compartir en Twitter\" href='https:\/\/twitter.com\/share?text=Central%20Los%20Maquis%3A%20Pronunciamientos%20de%20servicios%20p%C3%BAblicos%20presionan%20por%20t%C3%A9rmino%20anticipado%20de%20la%20evaluaci%C3%B3n%20ambiental&#038;url=https:\/\/radiorevelacionfm.cl\/?p=33394' aria-hidden='false' data-av_icon='\ue8f1' data-av_iconfont='entypo-fontello' title='' data-avia-related-tooltip='Compartir en Twitter' rel=\"noopener\"><span class='avia_hidden_link_text'>Compartir en Twitter<\/span><\/a><\/li><li class='av-share-link av-social-link-whatsapp' ><a target=\"_blank\" aria-label=\"Compartir en Whatsapp\" href='https:\/\/api.whatsapp.com\/send?text=https:\/\/radiorevelacionfm.cl\/?p=33394' aria-hidden='false' data-av_icon='\uf232' data-av_iconfont='entypo-fontello' title='' data-avia-related-tooltip='Compartir en Whatsapp' rel=\"noopener\"><span class='avia_hidden_link_text'>Compartir en Whatsapp<\/span><\/a><\/li><li class='av-share-link av-social-link-linkedin' ><a target=\"_blank\" aria-label=\"Compartir en LinkedIn\" href='https:\/\/linkedin.com\/shareArticle?mini=true&#038;title=Central%20Los%20Maquis%3A%20Pronunciamientos%20de%20servicios%20p%C3%BAblicos%20presionan%20por%20t%C3%A9rmino%20anticipado%20de%20la%20evaluaci%C3%B3n%20ambiental&#038;url=https:\/\/radiorevelacionfm.cl\/?p=33394' aria-hidden='false' data-av_icon='\ue8fc' data-av_iconfont='entypo-fontello' title='' data-avia-related-tooltip='Compartir en LinkedIn' rel=\"noopener\"><span class='avia_hidden_link_text'>Compartir en LinkedIn<\/span><\/a><\/li><li class='av-share-link av-social-link-mail' ><a  aria-label=\"Compartir por correo\" href='mailto:?subject=Central%20Los%20Maquis%3A%20Pronunciamientos%20de%20servicios%20p%C3%BAblicos%20presionan%20por%20t%C3%A9rmino%20anticipado%20de%20la%20evaluaci%C3%B3n%20ambiental&#038;body=https:\/\/radiorevelacionfm.cl\/?p=33394' aria-hidden='false' data-av_icon='\ue805' data-av_iconfont='entypo-fontello' title='' data-avia-related-tooltip='Compartir por correo'><span class='avia_hidden_link_text'>Compartir por correo<\/span><\/a><\/li><\/ul><\/div><\/div>\n<div  style='height:50px' class='hr hr-invisible   avia-builder-el-8  el_after_av_social_share  el_before_av_comments_list '><span class='hr-inner ' ><span class='hr-inner-style'><\/span><\/span><\/div>\n<div  class='av-buildercomment  av-blog-meta-html-info-disabled av-blog-meta-tag-disabled  '><\/div>\n","protected":false},"excerpt":{"rendered":"","protected":false},"author":1,"featured_media":9516,"comment_status":"open","ping_status":"open","sticky":false,"template":"","format":"standard","meta":{"footnotes":""},"categories":[39],"tags":[],"class_list":["post-33394","post","type-post","status-publish","format-standard","has-post-thumbnail","hentry","category-medio-ambiente"],"jetpack_featured_media_url":"https:\/\/radiorevelacionfm.cl\/wp-content\/uploads\/2021\/10\/central-los-maquis-0-1_optimized.jpg","_links":{"self":[{"href":"https:\/\/radiorevelacionfm.cl\/index.php?rest_route=\/wp\/v2\/posts\/33394","targetHints":{"allow":["GET"]}}],"collection":[{"href":"https:\/\/radiorevelacionfm.cl\/index.php?rest_route=\/wp\/v2\/posts"}],"about":[{"href":"https:\/\/radiorevelacionfm.cl\/index.php?rest_route=\/wp\/v2\/types\/post"}],"author":[{"embeddable":true,"href":"https:\/\/radiorevelacionfm.cl\/index.php?rest_route=\/wp\/v2\/users\/1"}],"replies":[{"embeddable":true,"href":"https:\/\/radiorevelacionfm.cl\/index.php?rest_route=%2Fwp%2Fv2%2Fcomments&post=33394"}],"version-history":[{"count":1,"href":"https:\/\/radiorevelacionfm.cl\/index.php?rest_route=\/wp\/v2\/posts\/33394\/revisions"}],"predecessor-version":[{"id":33395,"href":"https:\/\/radiorevelacionfm.cl\/index.php?rest_route=\/wp\/v2\/posts\/33394\/revisions\/33395"}],"wp:featuredmedia":[{"embeddable":true,"href":"https:\/\/radiorevelacionfm.cl\/index.php?rest_route=\/wp\/v2\/media\/9516"}],"wp:attachment":[{"href":"https:\/\/radiorevelacionfm.cl\/index.php?rest_route=%2Fwp%2Fv2%2Fmedia&parent=33394"}],"wp:term":[{"taxonomy":"category","embeddable":true,"href":"https:\/\/radiorevelacionfm.cl\/index.php?rest_route=%2Fwp%2Fv2%2Fcategories&post=33394"},{"taxonomy":"post_tag","embeddable":true,"href":"https:\/\/radiorevelacionfm.cl\/index.php?rest_route=%2Fwp%2Fv2%2Ftags&post=33394"}],"curies":[{"name":"wp","href":"https:\/\/api.w.org\/{rel}","templated":true}]}}