{"id":33392,"date":"2023-07-31T11:47:57","date_gmt":"2023-07-31T14:47:57","guid":{"rendered":"https:\/\/radiorevelacionfm.cl\/?p=33392"},"modified":"2023-07-31T11:47:57","modified_gmt":"2023-07-31T14:47:57","slug":"sandoval-y-zonas-contiguas-en-la-region-no-estamos-enfrentando-el-proceso-de-manera-institucional","status":"publish","type":"post","link":"https:\/\/radiorevelacionfm.cl\/?p=33392","title":{"rendered":"Sandoval y zonas contiguas: \u201cEn la regi\u00f3n no estamos enfrentando el proceso de manera institucional\u201d"},"content":{"rendered":"<div class=\"flex_column av_one_full  flex_column_div av-zero-column-padding first  avia-builder-el-0  el_before_av_one_full  avia-builder-el-first  \" style='border-radius:0px; '><div  class='avia-image-container  av-styling-    avia-builder-el-1  avia-builder-el-no-sibling  avia-align-center '  itemprop=\"image\" itemscope=\"itemscope\" itemtype=\"https:\/\/schema.org\/ImageObject\"  ><div class='avia-image-container-inner'><div class='avia-image-overlay-wrap'><img decoding=\"async\" class='wp-image-31811 avia-img-lazy-loading-not-31811 avia_image' src=\"https:\/\/radiorevelacionfm.cl\/wp-content\/uploads\/2023\/06\/sandoval-2-1-1.jpg\" alt='' title='sandoval (2) (1) (1)' height=\"600\" width=\"1204\"  itemprop=\"thumbnailUrl\" srcset=\"https:\/\/radiorevelacionfm.cl\/wp-content\/uploads\/2023\/06\/sandoval-2-1-1.jpg 1204w, https:\/\/radiorevelacionfm.cl\/wp-content\/uploads\/2023\/06\/sandoval-2-1-1-300x150.jpg 300w, https:\/\/radiorevelacionfm.cl\/wp-content\/uploads\/2023\/06\/sandoval-2-1-1-1030x513.jpg 1030w, https:\/\/radiorevelacionfm.cl\/wp-content\/uploads\/2023\/06\/sandoval-2-1-1-768x383.jpg 768w, https:\/\/radiorevelacionfm.cl\/wp-content\/uploads\/2023\/06\/sandoval-2-1-1-705x351.jpg 705w, https:\/\/radiorevelacionfm.cl\/wp-content\/uploads\/2023\/06\/sandoval-2-1-1-450x224.jpg 450w, https:\/\/radiorevelacionfm.cl\/wp-content\/uploads\/2023\/06\/sandoval-2-1-1-600x299.jpg 600w\" sizes=\"(max-width: 1204px) 100vw, 1204px\" \/><\/div><\/div><\/div><\/div><div class=\"flex_column av_one_full  flex_column_div av-zero-column-padding first  avia-builder-el-2  el_after_av_one_full  el_before_av_one_full  column-top-margin\" style='border-radius:0px; '><section class=\"av_textblock_section \"  itemscope=\"itemscope\" itemtype=\"https:\/\/schema.org\/BlogPosting\" itemprop=\"blogPost\" ><div class='avia_textblock  '   itemprop=\"text\" ><p style=\"text-align: center;\"><strong><span style=\"font-size: 18pt;\">Sandoval y zonas contiguas: \u201cEn la regi\u00f3n no estamos enfrentando el proceso de manera institucional\u201d<\/span><\/strong><\/p>\n<div id=\"gtx-trans\" style=\"position: absolute; left: -50px; top: 4.31534px;\">\n<div class=\"gtx-trans-icon\"><\/div>\n<\/div>\n<\/div><\/section><\/div><div class=\"flex_column av_one_full  flex_column_div av-zero-column-padding first  avia-builder-el-4  el_after_av_one_full  el_before_av_hr  column-top-margin\" style='border-radius:0px; '><section class=\"av_textblock_section \"  itemscope=\"itemscope\" itemtype=\"https:\/\/schema.org\/BlogPosting\" itemprop=\"blogPost\" ><div class='avia_textblock  '   itemprop=\"text\" ><p style=\"text-align: justify;\"><em>Parlamentario se\u00f1al\u00f3 que se necesita que las autoridades regionales se \u201cempoderen sobre este tema\u201d y est\u00e9n atentas al trabajo articulado que est\u00e1n realizando en Los Lagos.<\/em><\/p>\n<p style=\"text-align: justify;\">Un llamado a las autoridades regionales, particularmente a la Gobernadora Regional Andrea Mac\u00edas, para que se asuma y se enfrente de manera institucionalizada y articulada el desaf\u00edo e impacto que tiene para Ays\u00e9n el tema de las zonas contiguas, realiz\u00f3 en los \u00faltimos d\u00edas el senador David Sandoval.<\/p>\n<p style=\"text-align: justify;\">Y esto, especialmente considerando las reuniones que se han sostenido en los \u00faltimos d\u00edas en la regi\u00f3n de Los Lagos, donde se ha abordado este tema y en las que ha participado el propio Subsecretario de Pesca, Julio Salas, junto a autoridades regionales, entre ellas el Gobernador Patricio Vallesp\u00edn, adem\u00e1s de dirigentes de la pesca artesanal y representantes pol\u00edticos de la zona. \u201cSe han realizado reuniones, para concordar una posici\u00f3n com\u00fan\u201d, indic\u00f3 el parlamentario.<\/p>\n<p style=\"text-align: justify;\">Sandoval record\u00f3 que \u201chubo una consulta sobre las zonas contiguas, aprobada por dos a\u00f1os, donde posteriormente se present\u00f3 un recurso que paraliz\u00f3 y gener\u00f3 un conflicto no menor\u201d, pero enfatiz\u00f3 que m\u00e1s all\u00e1 de toda circunstancia \u201chay que resolver hacia d\u00f3nde ir\u00e1 el tratamiento de este tema y la regi\u00f3n se articule en los desaf\u00edos que hay que enfrentar\u201d.<\/p>\n<p style=\"text-align: justify;\">Para el parlamentario \u201cno estamos enfrentando el proceso de manera institucional\u201d, recalcando que aqu\u00ed no se trata de ponerle candado a la regi\u00f3n de Ays\u00e9n, sino que por el contrario, se trata de hacer las cosas bien, resguardando las actividades, recursos y las condiciones laborales, ambientales, etc. \u201cPero para eso se requiere que las autoridades se empoderen sobre este tema. Patricio Vallesp\u00edn, gobernador de Los Lagos ha tomado esa bandera y yo espero y hago un llamado a la Gobernadora de Ays\u00e9n, a que haga el mismo esfuerzo, pues necesitamos articular este tema\u201d, subray\u00f3.<\/p>\n<p style=\"text-align: justify;\">\u201cHay que separar los intereses, leg\u00edtimos sin duda, de aquellos \u00e1mbitos que nos puedan perjudicar\u201d, agreg\u00f3, enfatizando que si bien se puede llegar a acuerdos, estos deben ser inteligentes. \u201cNo vaya a ser cosa que estas reuniones que se han convocado por parte del propio Subsecretario, allan\u00e1ndose incluso a una ley corta, y por la ausencia de una articulaci\u00f3n en la propia regi\u00f3n, terminemos perdiendo situaciones que a la larga nos va a perjudicar\u201d, manifest\u00f3 con preocupaci\u00f3n.<\/p>\n<p style=\"text-align: justify;\">Por lo mismo, Sandoval hizo un llamado a estar atentos a lo que sucede en la regi\u00f3n vecina, sugiriendo a las autoridades, tanto al delegado presidencial como particularmente a la gobernadora regional, a que se articulen para llevar adelante las conversaciones. \u201cPuede acontecer, como uno escucha a la gente de Los Lagos y al propio Subsecretario, que nos quieran pasar algunas decisiones y materia que van a provocar m\u00e1s conflictos, lo que no queremos\u201d, indic\u00f3.<\/p>\n<p style=\"text-align: justify;\">Finalmente, el legislador insisti\u00f3 en que \u201cno le queremos poner candado a Ays\u00e9n, pero queremos desarrollar nuestras capacidades\u201d, para lo que se necesita articular el mundo de la pesca a nivel regional.<\/p>\n<\/div><\/section><\/div><div  style='height:50px' class='hr hr-invisible   avia-builder-el-6  el_after_av_one_full  el_before_av_social_share '><span class='hr-inner ' ><span class='hr-inner-style'><\/span><\/span><\/div><\/p>\n<div  class='av-social-sharing-box  avia-builder-el-7  el_after_av_hr  el_before_av_hr  '><div class='av-share-box'><h5 class='av-share-link-description av-no-toc '>Compartir esta noticia<\/h5><ul class='av-share-box-list noLightbox'><li class='av-share-link av-social-link-facebook' ><a target=\"_blank\" aria-label=\"Compartir en Facebook\" href='https:\/\/www.facebook.com\/sharer.php?u=https:\/\/radiorevelacionfm.cl\/?p=33392&#038;t=Sandoval%20y%20zonas%20contiguas%3A%20%E2%80%9CEn%20la%20regi%C3%B3n%20no%20estamos%20enfrentando%20el%20proceso%20de%20manera%20institucional%E2%80%9D' aria-hidden='false' data-av_icon='\ue8f3' data-av_iconfont='entypo-fontello' title='' data-avia-related-tooltip='Compartir en Facebook' rel=\"noopener\"><span class='avia_hidden_link_text'>Compartir en Facebook<\/span><\/a><\/li><li class='av-share-link av-social-link-twitter' ><a target=\"_blank\" aria-label=\"Compartir en Twitter\" href='https:\/\/twitter.com\/share?text=Sandoval%20y%20zonas%20contiguas%3A%20%E2%80%9CEn%20la%20regi%C3%B3n%20no%20estamos%20enfrentando%20el%20proceso%20de%20manera%20institucional%E2%80%9D&#038;url=https:\/\/radiorevelacionfm.cl\/?p=33392' aria-hidden='false' data-av_icon='\ue8f1' data-av_iconfont='entypo-fontello' title='' data-avia-related-tooltip='Compartir en Twitter' rel=\"noopener\"><span class='avia_hidden_link_text'>Compartir en Twitter<\/span><\/a><\/li><li class='av-share-link av-social-link-whatsapp' ><a target=\"_blank\" aria-label=\"Compartir en Whatsapp\" href='https:\/\/api.whatsapp.com\/send?text=https:\/\/radiorevelacionfm.cl\/?p=33392' aria-hidden='false' data-av_icon='\uf232' data-av_iconfont='entypo-fontello' title='' data-avia-related-tooltip='Compartir en Whatsapp' rel=\"noopener\"><span class='avia_hidden_link_text'>Compartir en Whatsapp<\/span><\/a><\/li><li class='av-share-link av-social-link-linkedin' ><a target=\"_blank\" aria-label=\"Compartir en LinkedIn\" href='https:\/\/linkedin.com\/shareArticle?mini=true&#038;title=Sandoval%20y%20zonas%20contiguas%3A%20%E2%80%9CEn%20la%20regi%C3%B3n%20no%20estamos%20enfrentando%20el%20proceso%20de%20manera%20institucional%E2%80%9D&#038;url=https:\/\/radiorevelacionfm.cl\/?p=33392' aria-hidden='false' data-av_icon='\ue8fc' data-av_iconfont='entypo-fontello' title='' data-avia-related-tooltip='Compartir en LinkedIn' rel=\"noopener\"><span class='avia_hidden_link_text'>Compartir en LinkedIn<\/span><\/a><\/li><li class='av-share-link av-social-link-mail' ><a  aria-label=\"Compartir por correo\" href='mailto:?subject=Sandoval%20y%20zonas%20contiguas%3A%20%E2%80%9CEn%20la%20regi%C3%B3n%20no%20estamos%20enfrentando%20el%20proceso%20de%20manera%20institucional%E2%80%9D&#038;body=https:\/\/radiorevelacionfm.cl\/?p=33392' aria-hidden='false' data-av_icon='\ue805' data-av_iconfont='entypo-fontello' title='' data-avia-related-tooltip='Compartir por correo'><span class='avia_hidden_link_text'>Compartir por correo<\/span><\/a><\/li><\/ul><\/div><\/div>\n<div  style='height:50px' class='hr hr-invisible   avia-builder-el-8  el_after_av_social_share  el_before_av_comments_list '><span class='hr-inner ' ><span class='hr-inner-style'><\/span><\/span><\/div>\n<div  class='av-buildercomment  av-blog-meta-html-info-disabled av-blog-meta-tag-disabled  '><\/div>\n","protected":false},"excerpt":{"rendered":"","protected":false},"author":1,"featured_media":31811,"comment_status":"open","ping_status":"open","sticky":false,"template":"","format":"standard","meta":{"footnotes":""},"categories":[35],"tags":[],"class_list":["post-33392","post","type-post","status-publish","format-standard","has-post-thumbnail","hentry","category-politica"],"jetpack_featured_media_url":"https:\/\/radiorevelacionfm.cl\/wp-content\/uploads\/2023\/06\/sandoval-2-1-1.jpg","_links":{"self":[{"href":"https:\/\/radiorevelacionfm.cl\/index.php?rest_route=\/wp\/v2\/posts\/33392","targetHints":{"allow":["GET"]}}],"collection":[{"href":"https:\/\/radiorevelacionfm.cl\/index.php?rest_route=\/wp\/v2\/posts"}],"about":[{"href":"https:\/\/radiorevelacionfm.cl\/index.php?rest_route=\/wp\/v2\/types\/post"}],"author":[{"embeddable":true,"href":"https:\/\/radiorevelacionfm.cl\/index.php?rest_route=\/wp\/v2\/users\/1"}],"replies":[{"embeddable":true,"href":"https:\/\/radiorevelacionfm.cl\/index.php?rest_route=%2Fwp%2Fv2%2Fcomments&post=33392"}],"version-history":[{"count":1,"href":"https:\/\/radiorevelacionfm.cl\/index.php?rest_route=\/wp\/v2\/posts\/33392\/revisions"}],"predecessor-version":[{"id":33393,"href":"https:\/\/radiorevelacionfm.cl\/index.php?rest_route=\/wp\/v2\/posts\/33392\/revisions\/33393"}],"wp:featuredmedia":[{"embeddable":true,"href":"https:\/\/radiorevelacionfm.cl\/index.php?rest_route=\/wp\/v2\/media\/31811"}],"wp:attachment":[{"href":"https:\/\/radiorevelacionfm.cl\/index.php?rest_route=%2Fwp%2Fv2%2Fmedia&parent=33392"}],"wp:term":[{"taxonomy":"category","embeddable":true,"href":"https:\/\/radiorevelacionfm.cl\/index.php?rest_route=%2Fwp%2Fv2%2Fcategories&post=33392"},{"taxonomy":"post_tag","embeddable":true,"href":"https:\/\/radiorevelacionfm.cl\/index.php?rest_route=%2Fwp%2Fv2%2Ftags&post=33392"}],"curies":[{"name":"wp","href":"https:\/\/api.w.org\/{rel}","templated":true}]}}