{"id":33384,"date":"2023-07-29T16:37:52","date_gmt":"2023-07-29T19:37:52","guid":{"rendered":"https:\/\/radiorevelacionfm.cl\/?p=33384"},"modified":"2023-07-29T16:37:52","modified_gmt":"2023-07-29T19:37:52","slug":"vecinos-y-diputado-calisto-resaltan-anuncio-de-obras-de-pavimentacion-del-camino-a-lago-atravesado","status":"publish","type":"post","link":"https:\/\/radiorevelacionfm.cl\/?p=33384","title":{"rendered":"Vecinos y diputado Calisto resaltan anuncio de obras de pavimentaci\u00f3n del camino a Lago Atravesado"},"content":{"rendered":"<div class=\"flex_column av_one_full  flex_column_div av-zero-column-padding first  avia-builder-el-0  el_before_av_one_full  avia-builder-el-first  \" style='border-radius:0px; '><div  class='avia-image-container  av-styling-    avia-builder-el-1  avia-builder-el-no-sibling  avia-align-center '  itemprop=\"image\" itemscope=\"itemscope\" itemtype=\"https:\/\/schema.org\/ImageObject\"  ><div class='avia-image-container-inner'><div class='avia-image-overlay-wrap'><img decoding=\"async\" class='wp-image-33385 avia-img-lazy-loading-not-33385 avia_image' src=\"https:\/\/radiorevelacionfm.cl\/wp-content\/uploads\/2023\/07\/FOTO-REU-MINISTRA-1-1.jpeg\" alt='' title='FOTO REU MINISTRA (1) (1)' height=\"600\" width=\"1067\"  itemprop=\"thumbnailUrl\" srcset=\"https:\/\/radiorevelacionfm.cl\/wp-content\/uploads\/2023\/07\/FOTO-REU-MINISTRA-1-1.jpeg 1067w, https:\/\/radiorevelacionfm.cl\/wp-content\/uploads\/2023\/07\/FOTO-REU-MINISTRA-1-1-300x169.jpeg 300w, https:\/\/radiorevelacionfm.cl\/wp-content\/uploads\/2023\/07\/FOTO-REU-MINISTRA-1-1-1030x579.jpeg 1030w, https:\/\/radiorevelacionfm.cl\/wp-content\/uploads\/2023\/07\/FOTO-REU-MINISTRA-1-1-768x432.jpeg 768w, https:\/\/radiorevelacionfm.cl\/wp-content\/uploads\/2023\/07\/FOTO-REU-MINISTRA-1-1-705x396.jpeg 705w, https:\/\/radiorevelacionfm.cl\/wp-content\/uploads\/2023\/07\/FOTO-REU-MINISTRA-1-1-450x253.jpeg 450w, https:\/\/radiorevelacionfm.cl\/wp-content\/uploads\/2023\/07\/FOTO-REU-MINISTRA-1-1-600x337.jpeg 600w\" sizes=\"(max-width: 1067px) 100vw, 1067px\" \/><\/div><\/div><\/div><\/div><div class=\"flex_column av_one_full  flex_column_div av-zero-column-padding first  avia-builder-el-2  el_after_av_one_full  el_before_av_one_full  column-top-margin\" style='border-radius:0px; '><section class=\"av_textblock_section \"  itemscope=\"itemscope\" itemtype=\"https:\/\/schema.org\/BlogPosting\" itemprop=\"blogPost\" ><div class='avia_textblock  '   itemprop=\"text\" ><p style=\"text-align: center;\"><strong><span style=\"font-size: 18pt;\">Vecinos y diputado Calisto resaltan anuncio de obras de pavimentaci\u00f3n del camino a Lago Atravesado<\/span><\/strong><\/p>\n<div id=\"gtx-trans\" style=\"position: absolute; left: -50px; top: 4.31534px;\">\n<div class=\"gtx-trans-icon\"><\/div>\n<\/div>\n<\/div><\/section><\/div><div class=\"flex_column av_one_full  flex_column_div av-zero-column-padding first  avia-builder-el-4  el_after_av_one_full  el_before_av_hr  column-top-margin\" style='border-radius:0px; '><section class=\"av_textblock_section \"  itemscope=\"itemscope\" itemtype=\"https:\/\/schema.org\/BlogPosting\" itemprop=\"blogPost\" ><div class='avia_textblock  '   itemprop=\"text\" ><p style=\"font-weight: 400; text-align: justify;\">Como una gran noticia calific\u00f3 el diputado Miguel \u00c1ngel Calisto, el Consejero Felipe Klein y los dirigentes vecinales de El Claro y Lago Atravesado la confirmaci\u00f3n por parte de la Ministra de Obras P\u00fablicas, Jessica L\u00f3pez, de la licitaci\u00f3n del proyecto y el inicio de las obras de los 10 kil\u00f3metros del camino que une estas localidades con Coyhaique, una iniciativa que vienen impulsando hace varios a\u00f1os y que ha tenido una serie de dificultades para concretarse.<\/p>\n<p style=\"font-weight: 400; text-align: justify;\">Seg\u00fan el diputado Miguel \u00c1ngel Calisto, \u201cagradecemos la disposici\u00f3n de la Ministra para recibirnos con dirigentes campesinos, que tienen distintas preocupaciones y complejidades por los caminos. Principalmente le agradecemos por la prioridad y celeridad que se la ha dado al camino a Lago Atravesado, un proyecto que partimos el a\u00f1o 2015 junto a los dirigentes, como don Oscar Cadag\u00e1n, que ha sido un gran gestor de esta iniciativa\u201d.<\/p>\n<p style=\"font-weight: 400; text-align: justify;\">\u201cYa tenemos las buenas noticias, por lo que esperamos que a fines de a\u00f1o empiecen las obras de este importante camino, que ha esperado tanto, pero que hoy la Ministra confirm\u00f3\u201d, indic\u00f3.<\/p>\n<p style=\"font-weight: 400; text-align: justify;\">El Consejero Regional, Felipe Klein, se\u00f1al\u00f3 que \u201cesto claramente es una gran noticias, porque se trata de un proyecto muy requerido por estas localidades que sin duda les mejorar\u00e1 la calidad de vida. Llevan mucho tiempo esperando y se ha tenido que sortear muchas dificultades, pero ahora finalmente tenemos la confirmaci\u00f3n que las obras comenzar\u00e1n a fin de a\u00f1o\u201d.<\/p>\n<p style=\"font-weight: 400; text-align: justify;\">El presidente de la Junta de Vecinos de Lago Atravesado, Melchor Cadag\u00e1n, indic\u00f3 que \u201cle damos las gracias a la Ministra, creo que es una muy buena noticia, porque llevamos muchos a\u00f1os esperando el pavimento. La alegr\u00eda que tenemos es muy grande porque se va a concretar una obra que llevamos muchos a\u00f1os peleando\u201d.<\/p>\n<p style=\"font-weight: 400; text-align: justify;\">Por su parte, Hern\u00e1n Mera, presidente de la Junta de Vecinos de El Claro, afirm\u00f3 que \u201cen nombre de la localidad de El Claro, le agradecemos la presencia a la Ministra en esta reuni\u00f3n, y estamos felices con esta confirmaci\u00f3n de este proyecto, y esperamos que se concreten los plazos\u201d.<\/p>\n<p style=\"font-weight: 400; text-align: justify;\"><strong>La reacci\u00f3n de la Ministra<\/strong><\/p>\n<p style=\"font-weight: 400; text-align: justify;\">Junto con agradecer al diputado Calisto por la reuni\u00f3n, la Ministra de Obras P\u00fablicas se\u00f1al\u00f3 que \u201cpudimos hablar de este proyecto que ya est\u00e1 aprobado y vamos a empezar a ejecutar. Me toc\u00f3 la alegr\u00eda de liderar este ministerio en el minuto en que esta licitaci\u00f3n finalmente vamos a poder adjudicarla, despu\u00e9s de un largo periodo de complicaciones, podremos iniciar las obras de pavimentaci\u00f3n de una parte de la ruta que lleva a Lago Atravesado\u201d.<\/p>\n<p style=\"text-align: justify;\"><span style=\"font-weight: 400;\">Finalmente, la titular de Obras P\u00fablicas afirm\u00f3 que \u201cesta regi\u00f3n tiene un desaf\u00edo de conectividad monumental en la parte vial, y hemos estado poni\u00e9ndole mucho ingenio para ver c\u00f3mo podemos hacer que la labor del Ministerio sea m\u00e1s productiva, m\u00e1s efectiva, que podamos dar m\u00e1s cobertura. Sabemos lo que significa para esta regi\u00f3n, que es tan grande, el desaf\u00edo de la pavimentaci\u00f3n\u201d, se\u00f1al\u00f3 la Ministra\u201d.<\/span><\/p>\n<\/div><\/section><\/div><div  style='height:50px' class='hr hr-invisible   avia-builder-el-6  el_after_av_one_full  el_before_av_social_share '><span class='hr-inner ' ><span class='hr-inner-style'><\/span><\/span><\/div><\/p>\n<div  class='av-social-sharing-box  avia-builder-el-7  el_after_av_hr  el_before_av_hr  '><div class='av-share-box'><h5 class='av-share-link-description av-no-toc '>Compartir esta noticia<\/h5><ul class='av-share-box-list noLightbox'><li class='av-share-link av-social-link-facebook' ><a target=\"_blank\" aria-label=\"Compartir en Facebook\" href='https:\/\/www.facebook.com\/sharer.php?u=https:\/\/radiorevelacionfm.cl\/?p=33384&#038;t=Vecinos%20y%20diputado%20Calisto%20resaltan%20anuncio%20de%20obras%20de%20pavimentaci%C3%B3n%20del%20camino%20a%20Lago%20Atravesado' aria-hidden='false' data-av_icon='\ue8f3' data-av_iconfont='entypo-fontello' title='' data-avia-related-tooltip='Compartir en Facebook' rel=\"noopener\"><span class='avia_hidden_link_text'>Compartir en Facebook<\/span><\/a><\/li><li class='av-share-link av-social-link-twitter' ><a target=\"_blank\" aria-label=\"Compartir en Twitter\" href='https:\/\/twitter.com\/share?text=Vecinos%20y%20diputado%20Calisto%20resaltan%20anuncio%20de%20obras%20de%20pavimentaci%C3%B3n%20del%20camino%20a%20Lago%20Atravesado&#038;url=https:\/\/radiorevelacionfm.cl\/?p=33384' aria-hidden='false' data-av_icon='\ue8f1' data-av_iconfont='entypo-fontello' title='' data-avia-related-tooltip='Compartir en Twitter' rel=\"noopener\"><span class='avia_hidden_link_text'>Compartir en Twitter<\/span><\/a><\/li><li class='av-share-link av-social-link-whatsapp' ><a target=\"_blank\" aria-label=\"Compartir en Whatsapp\" href='https:\/\/api.whatsapp.com\/send?text=https:\/\/radiorevelacionfm.cl\/?p=33384' aria-hidden='false' data-av_icon='\uf232' data-av_iconfont='entypo-fontello' title='' data-avia-related-tooltip='Compartir en Whatsapp' rel=\"noopener\"><span class='avia_hidden_link_text'>Compartir en Whatsapp<\/span><\/a><\/li><li class='av-share-link av-social-link-linkedin' ><a target=\"_blank\" aria-label=\"Compartir en LinkedIn\" href='https:\/\/linkedin.com\/shareArticle?mini=true&#038;title=Vecinos%20y%20diputado%20Calisto%20resaltan%20anuncio%20de%20obras%20de%20pavimentaci%C3%B3n%20del%20camino%20a%20Lago%20Atravesado&#038;url=https:\/\/radiorevelacionfm.cl\/?p=33384' aria-hidden='false' data-av_icon='\ue8fc' data-av_iconfont='entypo-fontello' title='' data-avia-related-tooltip='Compartir en LinkedIn' rel=\"noopener\"><span class='avia_hidden_link_text'>Compartir en LinkedIn<\/span><\/a><\/li><li class='av-share-link av-social-link-mail' ><a  aria-label=\"Compartir por correo\" href='mailto:?subject=Vecinos%20y%20diputado%20Calisto%20resaltan%20anuncio%20de%20obras%20de%20pavimentaci%C3%B3n%20del%20camino%20a%20Lago%20Atravesado&#038;body=https:\/\/radiorevelacionfm.cl\/?p=33384' aria-hidden='false' data-av_icon='\ue805' data-av_iconfont='entypo-fontello' title='' data-avia-related-tooltip='Compartir por correo'><span class='avia_hidden_link_text'>Compartir por correo<\/span><\/a><\/li><\/ul><\/div><\/div>\n<div  style='height:50px' class='hr hr-invisible   avia-builder-el-8  el_after_av_social_share  el_before_av_comments_list '><span class='hr-inner ' ><span class='hr-inner-style'><\/span><\/span><\/div>\n<div  class='av-buildercomment  av-blog-meta-html-info-disabled av-blog-meta-tag-disabled  '><\/div>\n","protected":false},"excerpt":{"rendered":"","protected":false},"author":1,"featured_media":33385,"comment_status":"open","ping_status":"open","sticky":false,"template":"","format":"standard","meta":{"footnotes":""},"categories":[35],"tags":[],"class_list":["post-33384","post","type-post","status-publish","format-standard","has-post-thumbnail","hentry","category-politica"],"jetpack_featured_media_url":"https:\/\/radiorevelacionfm.cl\/wp-content\/uploads\/2023\/07\/FOTO-REU-MINISTRA-1-1.jpeg","_links":{"self":[{"href":"https:\/\/radiorevelacionfm.cl\/index.php?rest_route=\/wp\/v2\/posts\/33384","targetHints":{"allow":["GET"]}}],"collection":[{"href":"https:\/\/radiorevelacionfm.cl\/index.php?rest_route=\/wp\/v2\/posts"}],"about":[{"href":"https:\/\/radiorevelacionfm.cl\/index.php?rest_route=\/wp\/v2\/types\/post"}],"author":[{"embeddable":true,"href":"https:\/\/radiorevelacionfm.cl\/index.php?rest_route=\/wp\/v2\/users\/1"}],"replies":[{"embeddable":true,"href":"https:\/\/radiorevelacionfm.cl\/index.php?rest_route=%2Fwp%2Fv2%2Fcomments&post=33384"}],"version-history":[{"count":1,"href":"https:\/\/radiorevelacionfm.cl\/index.php?rest_route=\/wp\/v2\/posts\/33384\/revisions"}],"predecessor-version":[{"id":33386,"href":"https:\/\/radiorevelacionfm.cl\/index.php?rest_route=\/wp\/v2\/posts\/33384\/revisions\/33386"}],"wp:featuredmedia":[{"embeddable":true,"href":"https:\/\/radiorevelacionfm.cl\/index.php?rest_route=\/wp\/v2\/media\/33385"}],"wp:attachment":[{"href":"https:\/\/radiorevelacionfm.cl\/index.php?rest_route=%2Fwp%2Fv2%2Fmedia&parent=33384"}],"wp:term":[{"taxonomy":"category","embeddable":true,"href":"https:\/\/radiorevelacionfm.cl\/index.php?rest_route=%2Fwp%2Fv2%2Fcategories&post=33384"},{"taxonomy":"post_tag","embeddable":true,"href":"https:\/\/radiorevelacionfm.cl\/index.php?rest_route=%2Fwp%2Fv2%2Ftags&post=33384"}],"curies":[{"name":"wp","href":"https:\/\/api.w.org\/{rel}","templated":true}]}}