{"id":33362,"date":"2023-07-29T13:15:27","date_gmt":"2023-07-29T16:15:27","guid":{"rendered":"https:\/\/radiorevelacionfm.cl\/?p=33362"},"modified":"2023-07-29T13:15:53","modified_gmt":"2023-07-29T16:15:53","slug":"junta-de-vecinos-divisadero-de-coyhaique-participan-en-dialogo-ciudadano","status":"publish","type":"post","link":"https:\/\/radiorevelacionfm.cl\/?p=33362","title":{"rendered":"Junta de Vecinos Divisadero de Coyhaique participa en Di\u00e1logo Ciudadano"},"content":{"rendered":"<div class=\"flex_column av_one_full  flex_column_div av-zero-column-padding first  avia-builder-el-0  el_before_av_one_full  avia-builder-el-first  \" style='border-radius:0px; '><div  class='avia-image-container  av-styling-    avia-builder-el-1  avia-builder-el-no-sibling  avia-align-center '  itemprop=\"image\" itemscope=\"itemscope\" itemtype=\"https:\/\/schema.org\/ImageObject\"  ><div class='avia-image-container-inner'><div class='avia-image-overlay-wrap'><img decoding=\"async\" class='wp-image-33363 avia-img-lazy-loading-not-33363 avia_image' src=\"https:\/\/radiorevelacionfm.cl\/wp-content\/uploads\/2023\/07\/pensiones4-1-1.jpeg\" alt='' title='pensiones4 (1) (1)' height=\"600\" width=\"1067\"  itemprop=\"thumbnailUrl\" srcset=\"https:\/\/radiorevelacionfm.cl\/wp-content\/uploads\/2023\/07\/pensiones4-1-1.jpeg 1067w, https:\/\/radiorevelacionfm.cl\/wp-content\/uploads\/2023\/07\/pensiones4-1-1-300x169.jpeg 300w, https:\/\/radiorevelacionfm.cl\/wp-content\/uploads\/2023\/07\/pensiones4-1-1-1030x579.jpeg 1030w, https:\/\/radiorevelacionfm.cl\/wp-content\/uploads\/2023\/07\/pensiones4-1-1-768x432.jpeg 768w, https:\/\/radiorevelacionfm.cl\/wp-content\/uploads\/2023\/07\/pensiones4-1-1-705x396.jpeg 705w, https:\/\/radiorevelacionfm.cl\/wp-content\/uploads\/2023\/07\/pensiones4-1-1-450x253.jpeg 450w, https:\/\/radiorevelacionfm.cl\/wp-content\/uploads\/2023\/07\/pensiones4-1-1-600x337.jpeg 600w\" sizes=\"(max-width: 1067px) 100vw, 1067px\" \/><\/div><\/div><\/div><\/div>\n<div class=\"flex_column av_one_full  flex_column_div av-zero-column-padding first  avia-builder-el-2  el_after_av_one_full  el_before_av_one_full  column-top-margin\" style='border-radius:0px; '><section class=\"av_textblock_section \"  itemscope=\"itemscope\" itemtype=\"https:\/\/schema.org\/BlogPosting\" itemprop=\"blogPost\" ><div class='avia_textblock  '   itemprop=\"text\" ><p style=\"text-align: center;\"><strong><span style=\"font-size: 18pt;\">Junta de Vecinos Divisadero de Coyhaique participa en Di\u00e1logo Ciudadano<\/span><\/strong><\/p>\n<div id=\"gtx-trans\" style=\"position: absolute; left: -50px; top: 4.31534px;\">\n<div class=\"gtx-trans-icon\"><\/div>\n<\/div>\n<\/div><\/section><\/div><div class=\"flex_column av_one_full  flex_column_div av-zero-column-padding first  avia-builder-el-4  el_after_av_one_full  el_before_av_hr  column-top-margin\" style='border-radius:0px; '><section class=\"av_textblock_section \"  itemscope=\"itemscope\" itemtype=\"https:\/\/schema.org\/BlogPosting\" itemprop=\"blogPost\" ><div class='avia_textblock  '   itemprop=\"text\" ><p style=\"text-align: justify;\">La Divisi\u00f3n de Organizaciones Sociales (DOS), dependiente de la SEREMI de Gobierno regi\u00f3n de Ays\u00e9n, realiz\u00f3 un Di\u00e1logo acerca de la Ley de Responsabilidad Parental y pago Efectivo de Pensi\u00f3n de Alimentos, sus alcances y los mecanismos para hacerla efectiva.<\/p>\n<p style=\"text-align: justify;\">Alan Espinoza, Seremi (S) de Gobierno se\u00f1al\u00f3: \u201cA trav\u00e9s de esta actividad, que realiz\u00f3 la Divisi\u00f3n de Organizaciones Sociales (DOS) en conjunto con Seremi de la Mujer y Equidad de G\u00e9nero y Seremi de Justicia, queremos destacar el di\u00e1logo permanente con la sociedad civil, con las organizaciones. El mandato del Presidente Gabriel Boric es que lleguemos a todas las organizaciones sociales con la informaci\u00f3n de leyes y beneficios que estamos impulsando como Gobierno, por eso era tan importante llegar con los alcances de esta ley a las vecinas de la Junta de Vecinos Divisadero de Coyhaique, para que conocieran esta normativa que beneficia de manera directa a ni\u00f1os, ni\u00f1as y adolescentes de la regi\u00f3n y de todo el pa\u00eds\u201d.<\/p>\n<p style=\"text-align: justify;\">Este Di\u00e1logo se\u00a0 realiz\u00f3 en la sede de la Junta de Vecinos Divisadero, con la coordinaci\u00f3n de su presidenta, Edith Alarc\u00f3n, en conjunto con la Seremi de la Mujer y la Equidad de G\u00e9nero de Ays\u00e9n y cont\u00f3 con la exposici\u00f3n del tema a cargo del abogado de la Seremi de Justicia y Derechos Humanos Ays\u00e9n.<\/p>\n<p style=\"text-align: justify;\">Eva Torres, integrante de la Junta de Vecinos Divisadero, indic\u00f3: \u201cme gust\u00f3 mucho esta charla, me gustar\u00eda que se repitiera para que m\u00e1s gente se enterara de lo que va a pasar con esta ley\u201d.<\/p>\n<p style=\"text-align: justify;\">La Divisi\u00f3n de Organizaciones Sociales (DOS), seguir\u00e1 trabajando con las organizaciones y agrupaciones en los territorios, realizando Di\u00e1logos Ciudadanos y Escuelas de Formaci\u00f3n. Cabe se\u00f1alar, que esta ley fue gestada en diversos di\u00e1logos con la comunidad en conjunto con aquellas mujeres que se han llevado el peso econ\u00f3mico de la mantenci\u00f3n de sus hijos e hijas.<\/p>\n<\/div><\/section><\/div><\/p>\n<div  style='height:50px' class='hr hr-invisible   avia-builder-el-6  el_after_av_one_full  el_before_av_social_share '><span class='hr-inner ' ><span class='hr-inner-style'><\/span><\/span><\/div>\n<div  class='av-social-sharing-box  avia-builder-el-7  el_after_av_hr  el_before_av_hr  '><div class='av-share-box'><h5 class='av-share-link-description av-no-toc '>Compartir esta noticia<\/h5><ul class='av-share-box-list noLightbox'><li class='av-share-link av-social-link-facebook' ><a target=\"_blank\" aria-label=\"Compartir en Facebook\" href='https:\/\/www.facebook.com\/sharer.php?u=https:\/\/radiorevelacionfm.cl\/?p=33362&#038;t=Junta%20de%20Vecinos%20Divisadero%20de%20Coyhaique%20participa%20en%20Di%C3%A1logo%20Ciudadano' aria-hidden='false' data-av_icon='\ue8f3' data-av_iconfont='entypo-fontello' title='' data-avia-related-tooltip='Compartir en Facebook' rel=\"noopener\"><span class='avia_hidden_link_text'>Compartir en Facebook<\/span><\/a><\/li><li class='av-share-link av-social-link-twitter' ><a target=\"_blank\" aria-label=\"Compartir en Twitter\" href='https:\/\/twitter.com\/share?text=Junta%20de%20Vecinos%20Divisadero%20de%20Coyhaique%20participa%20en%20Di%C3%A1logo%20Ciudadano&#038;url=https:\/\/radiorevelacionfm.cl\/?p=33362' aria-hidden='false' data-av_icon='\ue8f1' data-av_iconfont='entypo-fontello' title='' data-avia-related-tooltip='Compartir en Twitter' rel=\"noopener\"><span class='avia_hidden_link_text'>Compartir en Twitter<\/span><\/a><\/li><li class='av-share-link av-social-link-whatsapp' ><a target=\"_blank\" aria-label=\"Compartir en Whatsapp\" href='https:\/\/api.whatsapp.com\/send?text=https:\/\/radiorevelacionfm.cl\/?p=33362' aria-hidden='false' data-av_icon='\uf232' data-av_iconfont='entypo-fontello' title='' data-avia-related-tooltip='Compartir en Whatsapp' rel=\"noopener\"><span class='avia_hidden_link_text'>Compartir en Whatsapp<\/span><\/a><\/li><li class='av-share-link av-social-link-linkedin' ><a target=\"_blank\" aria-label=\"Compartir en LinkedIn\" href='https:\/\/linkedin.com\/shareArticle?mini=true&#038;title=Junta%20de%20Vecinos%20Divisadero%20de%20Coyhaique%20participa%20en%20Di%C3%A1logo%20Ciudadano&#038;url=https:\/\/radiorevelacionfm.cl\/?p=33362' aria-hidden='false' data-av_icon='\ue8fc' data-av_iconfont='entypo-fontello' title='' data-avia-related-tooltip='Compartir en LinkedIn' rel=\"noopener\"><span class='avia_hidden_link_text'>Compartir en LinkedIn<\/span><\/a><\/li><li class='av-share-link av-social-link-mail' ><a  aria-label=\"Compartir por correo\" href='mailto:?subject=Junta%20de%20Vecinos%20Divisadero%20de%20Coyhaique%20participa%20en%20Di%C3%A1logo%20Ciudadano&#038;body=https:\/\/radiorevelacionfm.cl\/?p=33362' aria-hidden='false' data-av_icon='\ue805' data-av_iconfont='entypo-fontello' title='' data-avia-related-tooltip='Compartir por correo'><span class='avia_hidden_link_text'>Compartir por correo<\/span><\/a><\/li><\/ul><\/div><\/div>\n<div  style='height:50px' class='hr hr-invisible   avia-builder-el-8  el_after_av_social_share  el_before_av_comments_list '><span class='hr-inner ' ><span class='hr-inner-style'><\/span><\/span><\/div>\n<div  class='av-buildercomment  av-blog-meta-html-info-disabled av-blog-meta-tag-disabled  '><\/div>\n","protected":false},"excerpt":{"rendered":"","protected":false},"author":1,"featured_media":33363,"comment_status":"open","ping_status":"open","sticky":false,"template":"","format":"standard","meta":{"footnotes":""},"categories":[38],"tags":[],"class_list":["post-33362","post","type-post","status-publish","format-standard","has-post-thumbnail","hentry","category-regional"],"jetpack_featured_media_url":"https:\/\/radiorevelacionfm.cl\/wp-content\/uploads\/2023\/07\/pensiones4-1-1.jpeg","_links":{"self":[{"href":"https:\/\/radiorevelacionfm.cl\/index.php?rest_route=\/wp\/v2\/posts\/33362","targetHints":{"allow":["GET"]}}],"collection":[{"href":"https:\/\/radiorevelacionfm.cl\/index.php?rest_route=\/wp\/v2\/posts"}],"about":[{"href":"https:\/\/radiorevelacionfm.cl\/index.php?rest_route=\/wp\/v2\/types\/post"}],"author":[{"embeddable":true,"href":"https:\/\/radiorevelacionfm.cl\/index.php?rest_route=\/wp\/v2\/users\/1"}],"replies":[{"embeddable":true,"href":"https:\/\/radiorevelacionfm.cl\/index.php?rest_route=%2Fwp%2Fv2%2Fcomments&post=33362"}],"version-history":[{"count":2,"href":"https:\/\/radiorevelacionfm.cl\/index.php?rest_route=\/wp\/v2\/posts\/33362\/revisions"}],"predecessor-version":[{"id":33387,"href":"https:\/\/radiorevelacionfm.cl\/index.php?rest_route=\/wp\/v2\/posts\/33362\/revisions\/33387"}],"wp:featuredmedia":[{"embeddable":true,"href":"https:\/\/radiorevelacionfm.cl\/index.php?rest_route=\/wp\/v2\/media\/33363"}],"wp:attachment":[{"href":"https:\/\/radiorevelacionfm.cl\/index.php?rest_route=%2Fwp%2Fv2%2Fmedia&parent=33362"}],"wp:term":[{"taxonomy":"category","embeddable":true,"href":"https:\/\/radiorevelacionfm.cl\/index.php?rest_route=%2Fwp%2Fv2%2Fcategories&post=33362"},{"taxonomy":"post_tag","embeddable":true,"href":"https:\/\/radiorevelacionfm.cl\/index.php?rest_route=%2Fwp%2Fv2%2Ftags&post=33362"}],"curies":[{"name":"wp","href":"https:\/\/api.w.org\/{rel}","templated":true}]}}