{"id":33359,"date":"2023-07-28T21:38:44","date_gmt":"2023-07-29T00:38:44","guid":{"rendered":"https:\/\/radiorevelacionfm.cl\/?p=33359"},"modified":"2023-07-28T21:38:45","modified_gmt":"2023-07-29T00:38:45","slug":"autoridades-llaman-a-la-prevencion-ante-nuevo-sistema-frontal-en-aysen","status":"publish","type":"post","link":"https:\/\/radiorevelacionfm.cl\/?p=33359","title":{"rendered":"Autoridades llaman a la prevenci\u00f3n ante nuevo sistema frontal en Ays\u00e9n"},"content":{"rendered":"<div class=\"flex_column av_one_full  flex_column_div av-zero-column-padding first  avia-builder-el-0  el_before_av_one_full  avia-builder-el-first  \" style='border-radius:0px; '><div  class='avia-image-container  av-styling-    avia-builder-el-1  avia-builder-el-no-sibling  avia-align-center '  itemprop=\"image\" itemscope=\"itemscope\" itemtype=\"https:\/\/schema.org\/ImageObject\"  ><div class='avia-image-container-inner'><div class='avia-image-overlay-wrap'><img decoding=\"async\" class='wp-image-33360 avia-img-lazy-loading-not-33360 avia_image' src=\"https:\/\/radiorevelacionfm.cl\/wp-content\/uploads\/2023\/07\/img_20230728_091104-1_optimized-1.jpg\" alt='' title='img_20230728_091104-(1)_optimized (1)' height=\"600\" width=\"1333\"  itemprop=\"thumbnailUrl\" srcset=\"https:\/\/radiorevelacionfm.cl\/wp-content\/uploads\/2023\/07\/img_20230728_091104-1_optimized-1.jpg 1333w, https:\/\/radiorevelacionfm.cl\/wp-content\/uploads\/2023\/07\/img_20230728_091104-1_optimized-1-300x135.jpg 300w, https:\/\/radiorevelacionfm.cl\/wp-content\/uploads\/2023\/07\/img_20230728_091104-1_optimized-1-1030x464.jpg 1030w, https:\/\/radiorevelacionfm.cl\/wp-content\/uploads\/2023\/07\/img_20230728_091104-1_optimized-1-768x346.jpg 768w, https:\/\/radiorevelacionfm.cl\/wp-content\/uploads\/2023\/07\/img_20230728_091104-1_optimized-1-705x317.jpg 705w, https:\/\/radiorevelacionfm.cl\/wp-content\/uploads\/2023\/07\/img_20230728_091104-1_optimized-1-450x203.jpg 450w, https:\/\/radiorevelacionfm.cl\/wp-content\/uploads\/2023\/07\/img_20230728_091104-1_optimized-1-600x270.jpg 600w\" sizes=\"(max-width: 1333px) 100vw, 1333px\" \/><\/div><\/div><\/div><\/div><div class=\"flex_column av_one_full  flex_column_div av-zero-column-padding first  avia-builder-el-2  el_after_av_one_full  el_before_av_one_full  column-top-margin\" style='border-radius:0px; '><section class=\"av_textblock_section \"  itemscope=\"itemscope\" itemtype=\"https:\/\/schema.org\/BlogPosting\" itemprop=\"blogPost\" ><div class='avia_textblock  '   itemprop=\"text\" ><p style=\"text-align: center;\"><strong><span style=\"font-size: 18pt;\">Autoridades llaman a la prevenci\u00f3n ante nuevo sistema frontal en Ays\u00e9n<\/span><\/strong><\/p>\n<div id=\"gtx-trans\" style=\"position: absolute; left: -50px; top: 4.31534px;\">\n<div class=\"gtx-trans-icon\"><\/div>\n<\/div>\n<\/div><\/section><\/div><div class=\"flex_column av_one_full  flex_column_div av-zero-column-padding first  avia-builder-el-4  el_after_av_one_full  el_before_av_hr  column-top-margin\" style='border-radius:0px; '><section class=\"av_textblock_section \"  itemscope=\"itemscope\" itemtype=\"https:\/\/schema.org\/BlogPosting\" itemprop=\"blogPost\" ><div class='avia_textblock  '   itemprop=\"text\" ><p style=\"font-weight: 400; text-align: justify;\">Un claro llamado a prevenir y evitar riesgos innecesarios hicieron autoridades de Gobierno, ante el sistema frontal que desde este viernes y hasta el pr\u00f3ximo lunes cruza el sur del pa\u00eds, con viento, lluvia y nieve en el caso de la Regi\u00f3n de Ays\u00e9n.<\/p>\n<p style=\"font-weight: 400; text-align: justify;\">El subsecretario del Interior, Manuel Monsalve, encabez\u00f3 este viernes una Mesa T\u00e9cnica con el Servicio Nacional de Prevenci\u00f3n y Respuesta ante Desastres (Senapred) y equipos directivos y t\u00e9cnicos desde las regiones de Los R\u00edos a Ays\u00e9n para analizar las medidas preventivas.<\/p>\n<p style=\"font-weight: 400; text-align: justify;\">En la regi\u00f3n de Ays\u00e9n, el Delegado Presidencial Regional, Rodrigo Araya, determin\u00f3 Alerta Verde Temprana Preventiva, que implica medidas como activaci\u00f3n de los Planes Comunales de Emergencia, monitoreo permanente en puntos cr\u00edticos, detecci\u00f3n de zonas de riesgo y activaci\u00f3n de los sistemas de prevenci\u00f3n y respuesta ante cualquier situaci\u00f3n de emergencia.<\/p>\n<p style=\"font-weight: 400; text-align: justify;\">\u201cLa precauci\u00f3n es tremendamente importante. Es importante que la gente act\u00fae con precauci\u00f3n, transitar con luz de d\u00eda y, si va a pasar por puntos altos, llevar cadenas, adoptando todos los resguardos para llegar a destino sin problemas\u201d, recalc\u00f3 Rodrigo Araya.<\/p>\n<p style=\"font-weight: 400; text-align: justify;\">El director regional de Senapred, Sidi Bravo, record\u00f3 que uno de los principales riesgos son los deslizamientos en laderas, adem\u00e1s de posibles crecidas de r\u00edos.<\/p>\n<p style=\"font-weight: 400; text-align: justify;\">\u201cVa a llover sobre la nieve ca\u00edda y, por lo tanto, podr\u00edamos tener remociones en masa o aumento de caudales. Por tal raz\u00f3n, pedimos a la comunidad que tome las medidas de resguardo en los desplazamientos, que trate de hacerlo con luz d\u00eda, evitar hacerlo de noche, estar previsto de elementos de seguridad para la conducci\u00f3n como cadenas, neum\u00e1ticos con clavos y pala.\u00a0El mundo campesino, sacar animales de orillas de r\u00edos o esteros, para evitar que alguna crecida s\u00fabita afecte a sus animales\u201d, enfatiz\u00f3.<\/p>\n<p style=\"font-weight: 400; text-align: justify;\">Asimismo record\u00f3 que \u201cla Resoluci\u00f3n Exenta N\u00b0 142 del Ministerio de Transportes y Telecomunicaciones, autoriza el cierre preventivo de la Ruta 7, desde las 18:00 hasta las 10:00 horas, en los sectores Queulat, cuesta de Cerro Castillo, Barrancoso hacia el sur y Tortel-Yungay, para veh\u00edculos de carga. Si fuese necesario, el Ministerio de Obras P\u00fablicas determinar\u00e1 el cierre de la ruta para todo tipo de veh\u00edculos\u201d, concluy\u00f3.<\/p>\n<p style=\"font-weight: 400; text-align: justify;\">En la Mesa T\u00e9cnica regional encabezada por el Delegado Presidencial Regional y director de Senapred participan tambi\u00e9n los equipos del Ministerio de Obras P\u00fablicas, Vialidad, Seremi de Salud, Sernageom\u00edn, Superintendencia de Electricidad y Combustibles, Gobierno Regional y Carabineros de Chile, entre otros, que mantienen comunicaci\u00f3n permanente ante cualquier eventualidad.<\/p>\n<\/div><\/section><\/div><div  style='height:50px' class='hr hr-invisible   avia-builder-el-6  el_after_av_one_full  el_before_av_social_share '><span class='hr-inner ' ><span class='hr-inner-style'><\/span><\/span><\/div><\/p>\n<div  class='av-social-sharing-box  avia-builder-el-7  el_after_av_hr  el_before_av_hr  '><div class='av-share-box'><h5 class='av-share-link-description av-no-toc '>Compartir esta noticia<\/h5><ul class='av-share-box-list noLightbox'><li class='av-share-link av-social-link-facebook' ><a target=\"_blank\" aria-label=\"Compartir en Facebook\" href='https:\/\/www.facebook.com\/sharer.php?u=https:\/\/radiorevelacionfm.cl\/?p=33359&#038;t=Autoridades%20llaman%20a%20la%20prevenci%C3%B3n%20ante%20nuevo%20sistema%20frontal%20en%20Ays%C3%A9n' aria-hidden='false' data-av_icon='\ue8f3' data-av_iconfont='entypo-fontello' title='' data-avia-related-tooltip='Compartir en Facebook' rel=\"noopener\"><span class='avia_hidden_link_text'>Compartir en Facebook<\/span><\/a><\/li><li class='av-share-link av-social-link-twitter' ><a target=\"_blank\" aria-label=\"Compartir en Twitter\" href='https:\/\/twitter.com\/share?text=Autoridades%20llaman%20a%20la%20prevenci%C3%B3n%20ante%20nuevo%20sistema%20frontal%20en%20Ays%C3%A9n&#038;url=https:\/\/radiorevelacionfm.cl\/?p=33359' aria-hidden='false' data-av_icon='\ue8f1' data-av_iconfont='entypo-fontello' title='' data-avia-related-tooltip='Compartir en Twitter' rel=\"noopener\"><span class='avia_hidden_link_text'>Compartir en Twitter<\/span><\/a><\/li><li class='av-share-link av-social-link-whatsapp' ><a target=\"_blank\" aria-label=\"Compartir en Whatsapp\" href='https:\/\/api.whatsapp.com\/send?text=https:\/\/radiorevelacionfm.cl\/?p=33359' aria-hidden='false' data-av_icon='\uf232' data-av_iconfont='entypo-fontello' title='' data-avia-related-tooltip='Compartir en Whatsapp' rel=\"noopener\"><span class='avia_hidden_link_text'>Compartir en Whatsapp<\/span><\/a><\/li><li class='av-share-link av-social-link-linkedin' ><a target=\"_blank\" aria-label=\"Compartir en LinkedIn\" href='https:\/\/linkedin.com\/shareArticle?mini=true&#038;title=Autoridades%20llaman%20a%20la%20prevenci%C3%B3n%20ante%20nuevo%20sistema%20frontal%20en%20Ays%C3%A9n&#038;url=https:\/\/radiorevelacionfm.cl\/?p=33359' aria-hidden='false' data-av_icon='\ue8fc' data-av_iconfont='entypo-fontello' title='' data-avia-related-tooltip='Compartir en LinkedIn' rel=\"noopener\"><span class='avia_hidden_link_text'>Compartir en LinkedIn<\/span><\/a><\/li><li class='av-share-link av-social-link-mail' ><a  aria-label=\"Compartir por correo\" href='mailto:?subject=Autoridades%20llaman%20a%20la%20prevenci%C3%B3n%20ante%20nuevo%20sistema%20frontal%20en%20Ays%C3%A9n&#038;body=https:\/\/radiorevelacionfm.cl\/?p=33359' aria-hidden='false' data-av_icon='\ue805' data-av_iconfont='entypo-fontello' title='' data-avia-related-tooltip='Compartir por correo'><span class='avia_hidden_link_text'>Compartir por correo<\/span><\/a><\/li><\/ul><\/div><\/div>\n<div  style='height:50px' class='hr hr-invisible   avia-builder-el-8  el_after_av_social_share  el_before_av_comments_list '><span class='hr-inner ' ><span class='hr-inner-style'><\/span><\/span><\/div>\n<div  class='av-buildercomment  av-blog-meta-html-info-disabled av-blog-meta-tag-disabled  '><\/div>\n","protected":false},"excerpt":{"rendered":"","protected":false},"author":1,"featured_media":33360,"comment_status":"open","ping_status":"open","sticky":false,"template":"","format":"standard","meta":{"footnotes":""},"categories":[38],"tags":[],"class_list":["post-33359","post","type-post","status-publish","format-standard","has-post-thumbnail","hentry","category-regional"],"jetpack_featured_media_url":"https:\/\/radiorevelacionfm.cl\/wp-content\/uploads\/2023\/07\/img_20230728_091104-1_optimized-1.jpg","_links":{"self":[{"href":"https:\/\/radiorevelacionfm.cl\/index.php?rest_route=\/wp\/v2\/posts\/33359","targetHints":{"allow":["GET"]}}],"collection":[{"href":"https:\/\/radiorevelacionfm.cl\/index.php?rest_route=\/wp\/v2\/posts"}],"about":[{"href":"https:\/\/radiorevelacionfm.cl\/index.php?rest_route=\/wp\/v2\/types\/post"}],"author":[{"embeddable":true,"href":"https:\/\/radiorevelacionfm.cl\/index.php?rest_route=\/wp\/v2\/users\/1"}],"replies":[{"embeddable":true,"href":"https:\/\/radiorevelacionfm.cl\/index.php?rest_route=%2Fwp%2Fv2%2Fcomments&post=33359"}],"version-history":[{"count":1,"href":"https:\/\/radiorevelacionfm.cl\/index.php?rest_route=\/wp\/v2\/posts\/33359\/revisions"}],"predecessor-version":[{"id":33361,"href":"https:\/\/radiorevelacionfm.cl\/index.php?rest_route=\/wp\/v2\/posts\/33359\/revisions\/33361"}],"wp:featuredmedia":[{"embeddable":true,"href":"https:\/\/radiorevelacionfm.cl\/index.php?rest_route=\/wp\/v2\/media\/33360"}],"wp:attachment":[{"href":"https:\/\/radiorevelacionfm.cl\/index.php?rest_route=%2Fwp%2Fv2%2Fmedia&parent=33359"}],"wp:term":[{"taxonomy":"category","embeddable":true,"href":"https:\/\/radiorevelacionfm.cl\/index.php?rest_route=%2Fwp%2Fv2%2Fcategories&post=33359"},{"taxonomy":"post_tag","embeddable":true,"href":"https:\/\/radiorevelacionfm.cl\/index.php?rest_route=%2Fwp%2Fv2%2Ftags&post=33359"}],"curies":[{"name":"wp","href":"https:\/\/api.w.org\/{rel}","templated":true}]}}