{"id":33354,"date":"2023-07-31T11:23:28","date_gmt":"2023-07-31T14:23:28","guid":{"rendered":"https:\/\/radiorevelacionfm.cl\/?p=33354"},"modified":"2023-07-31T11:23:28","modified_gmt":"2023-07-31T14:23:28","slug":"convenio-de-colaboracion-entre-sernameg-y-municipio-de-ohiggins-permitira-desarrollar-programas-en-la-zona-austral","status":"publish","type":"post","link":"https:\/\/radiorevelacionfm.cl\/?p=33354","title":{"rendered":"Convenio de colaboraci\u00f3n entre SernamEG y municipio de O&#8217;Higgins permitir\u00e1 desarrollar programas en la zona austral"},"content":{"rendered":"<div class=\"flex_column av_one_full  flex_column_div av-zero-column-padding first  avia-builder-el-0  el_before_av_one_full  avia-builder-el-first  \" style='border-radius:0px; '><div  class='avia-image-container  av-styling-    avia-builder-el-1  avia-builder-el-no-sibling  avia-align-center '  itemprop=\"image\" itemscope=\"itemscope\" itemtype=\"https:\/\/schema.org\/ImageObject\"  ><div class='avia-image-container-inner'><div class='avia-image-overlay-wrap'><img decoding=\"async\" class='wp-image-33356 avia-img-lazy-loading-not-33356 avia_image' src=\"https:\/\/radiorevelacionfm.cl\/wp-content\/uploads\/2023\/07\/Convenio-SernamEG-Muni-OHiggins-1-1-1.jpeg\" alt='' title='Convenio SernamEG Muni OHiggins (1) (1) (1)' height=\"600\" width=\"943\"  itemprop=\"thumbnailUrl\" srcset=\"https:\/\/radiorevelacionfm.cl\/wp-content\/uploads\/2023\/07\/Convenio-SernamEG-Muni-OHiggins-1-1-1.jpeg 943w, https:\/\/radiorevelacionfm.cl\/wp-content\/uploads\/2023\/07\/Convenio-SernamEG-Muni-OHiggins-1-1-1-300x191.jpeg 300w, https:\/\/radiorevelacionfm.cl\/wp-content\/uploads\/2023\/07\/Convenio-SernamEG-Muni-OHiggins-1-1-1-768x489.jpeg 768w, https:\/\/radiorevelacionfm.cl\/wp-content\/uploads\/2023\/07\/Convenio-SernamEG-Muni-OHiggins-1-1-1-705x449.jpeg 705w, https:\/\/radiorevelacionfm.cl\/wp-content\/uploads\/2023\/07\/Convenio-SernamEG-Muni-OHiggins-1-1-1-450x286.jpeg 450w, https:\/\/radiorevelacionfm.cl\/wp-content\/uploads\/2023\/07\/Convenio-SernamEG-Muni-OHiggins-1-1-1-600x382.jpeg 600w\" sizes=\"(max-width: 943px) 100vw, 943px\" \/><\/div><\/div><\/div><\/div><div class=\"flex_column av_one_full  flex_column_div av-zero-column-padding first  avia-builder-el-2  el_after_av_one_full  el_before_av_one_full  column-top-margin\" style='border-radius:0px; '><section class=\"av_textblock_section \"  itemscope=\"itemscope\" itemtype=\"https:\/\/schema.org\/BlogPosting\" itemprop=\"blogPost\" ><div class='avia_textblock  '   itemprop=\"text\" ><p style=\"text-align: center;\"><strong><span style=\"font-size: 18pt;\">Convenio de colaboraci\u00f3n entre SernamEG y municipio de O&#8217;Higgins permitir\u00e1 desarrollar programas en la zona austral<\/span><\/strong><\/p>\n<div id=\"gtx-trans\" style=\"position: absolute; left: -50px; top: 4.31534px;\">\n<div class=\"gtx-trans-icon\"><\/div>\n<\/div>\n<\/div><\/section><\/div><div class=\"flex_column av_one_full  flex_column_div av-zero-column-padding first  avia-builder-el-4  el_after_av_one_full  el_before_av_hr  column-top-margin\" style='border-radius:0px; '><section class=\"av_textblock_section \"  itemscope=\"itemscope\" itemtype=\"https:\/\/schema.org\/BlogPosting\" itemprop=\"blogPost\" ><div class='avia_textblock  '   itemprop=\"text\" ><p style=\"font-weight: 400; text-align: justify;\">Tras dos meses de un proceso de acercamiento, iniciado por la Oficina de Informaci\u00f3n, Reclamos y Sugerencias de la direcci\u00f3n regional del Servicio Nacional de la Mujer y la Equidad de G\u00e9nero con la Municipalidad de O&#8217; Higgins, a trav\u00e9s de su programa Mujer y Equidad de G\u00e9nero; culmina con la firma de un convenio de colaboraci\u00f3n.<\/p>\n<p style=\"font-weight: 400; text-align: justify;\">Respecto a la trascendencia de los actores locales en el territorio, la Directora Regional (S) de SernamEG, Marta Godoy Carvajal, explic\u00f3 que \u201cparte de nuestro trabajo es reforzar las coordinaciones con todos los organismos p\u00fablicos, con el objeto de acercar la oferta del estado en materia de g\u00e9nero a la diversidad de mujeres en los distintos territorios, por ello destacamos esta alianza con la Municipalidad de O&#8217;Higgins; ya que permite instalar capacidades en esta materia en los equipos municipales. De esta forma, nos facilita acercar la oferta de nuestros programas al extremo sur de la regi\u00f3n de Ays\u00e9n, en especial a las mujeres y juventudes. Nos interesa tambi\u00e9n contribuir a los procesos de descentralizaci\u00f3n, pues esta no solo se vive desde Santiago hacia regiones, sino tambi\u00e9n en los propios territorios; desde sus cabeceras regionales hacia las comunas m\u00e1s alejadas\u201d.<\/p>\n<p style=\"font-weight: 400; text-align: justify;\">\u201cEl a\u00f1o pasado, comenz\u00f3 a funcionar el programa municipal Mujer y G\u00e9nero, porque como Municipio nos sentimos llamados a avanzar en estas materias. De all\u00ed el inter\u00e9s en materializar a trav\u00e9s de este convenio, un trabajo conjunto que se mantenga en el tiempo. Junto al concejo municipal creemos que SernamEG es la instituci\u00f3n que nos puede aportar en varios temas; sobre todo, en la violencia contra la mujer\u201d, puntualiz\u00f3, el Alcalde de O&#8217;Higgins, Jos\u00e9\u00a0Fica G\u00f3mez.<\/p>\n<p style=\"font-weight: 400; text-align: justify;\">Entre los principales compromisos asumidos, en el convenio de colaboraci\u00f3n entre el Servicio Nacional de la Mujer y la Equidad de G\u00e9nero y la Municipalidad de O&#8217;Higgins, el programa Mujer y G\u00e9nero de la entidad edilicia recibir\u00e1 orientaci\u00f3n y asesor\u00eda t\u00e9cnica en materia de G\u00e9nero de parte de SernamEG; con la finalidad de insumar herramientas pr\u00e1cticas y metodol\u00f3gicas para la incorporaci\u00f3n del enfoque de g\u00e9nero en los instrumentos de gesti\u00f3n local.<\/p>\n<p style=\"font-weight: 400; text-align: justify;\">Finalmente, ambas partes velar\u00e1n por establecer una comunicaci\u00f3n fluida y eficaz, para efectos de atenci\u00f3n y orientaci\u00f3n oportuna a personas de la comuna de O\u2019Higgins; que requieran de orientaci\u00f3n en materia de G\u00e9nero u otra atingente al quehacer de SernamEG.<\/p>\n<\/div><\/section><\/div><div  style='height:50px' class='hr hr-invisible   avia-builder-el-6  el_after_av_one_full  el_before_av_social_share '><span class='hr-inner ' ><span class='hr-inner-style'><\/span><\/span><\/div><\/p>\n<div  class='av-social-sharing-box  avia-builder-el-7  el_after_av_hr  el_before_av_hr  '><div class='av-share-box'><h5 class='av-share-link-description av-no-toc '>Compartir esta noticia<\/h5><ul class='av-share-box-list noLightbox'><li class='av-share-link av-social-link-facebook' ><a target=\"_blank\" aria-label=\"Compartir en Facebook\" href='https:\/\/www.facebook.com\/sharer.php?u=https:\/\/radiorevelacionfm.cl\/?p=33354&#038;t=Convenio%20de%20colaboraci%C3%B3n%20entre%20SernamEG%20y%20municipio%20de%20O%E2%80%99Higgins%20permitir%C3%A1%20desarrollar%20programas%20en%20la%20zona%20austral' aria-hidden='false' data-av_icon='\ue8f3' data-av_iconfont='entypo-fontello' title='' data-avia-related-tooltip='Compartir en Facebook' rel=\"noopener\"><span class='avia_hidden_link_text'>Compartir en Facebook<\/span><\/a><\/li><li class='av-share-link av-social-link-twitter' ><a target=\"_blank\" aria-label=\"Compartir en Twitter\" href='https:\/\/twitter.com\/share?text=Convenio%20de%20colaboraci%C3%B3n%20entre%20SernamEG%20y%20municipio%20de%20O%E2%80%99Higgins%20permitir%C3%A1%20desarrollar%20programas%20en%20la%20zona%20austral&#038;url=https:\/\/radiorevelacionfm.cl\/?p=33354' aria-hidden='false' data-av_icon='\ue8f1' data-av_iconfont='entypo-fontello' title='' data-avia-related-tooltip='Compartir en Twitter' rel=\"noopener\"><span class='avia_hidden_link_text'>Compartir en Twitter<\/span><\/a><\/li><li class='av-share-link av-social-link-whatsapp' ><a target=\"_blank\" aria-label=\"Compartir en Whatsapp\" href='https:\/\/api.whatsapp.com\/send?text=https:\/\/radiorevelacionfm.cl\/?p=33354' aria-hidden='false' data-av_icon='\uf232' data-av_iconfont='entypo-fontello' title='' data-avia-related-tooltip='Compartir en Whatsapp' rel=\"noopener\"><span class='avia_hidden_link_text'>Compartir en Whatsapp<\/span><\/a><\/li><li class='av-share-link av-social-link-linkedin' ><a target=\"_blank\" aria-label=\"Compartir en LinkedIn\" href='https:\/\/linkedin.com\/shareArticle?mini=true&#038;title=Convenio%20de%20colaboraci%C3%B3n%20entre%20SernamEG%20y%20municipio%20de%20O%E2%80%99Higgins%20permitir%C3%A1%20desarrollar%20programas%20en%20la%20zona%20austral&#038;url=https:\/\/radiorevelacionfm.cl\/?p=33354' aria-hidden='false' data-av_icon='\ue8fc' data-av_iconfont='entypo-fontello' title='' data-avia-related-tooltip='Compartir en LinkedIn' rel=\"noopener\"><span class='avia_hidden_link_text'>Compartir en LinkedIn<\/span><\/a><\/li><li class='av-share-link av-social-link-mail' ><a  aria-label=\"Compartir por correo\" href='mailto:?subject=Convenio%20de%20colaboraci%C3%B3n%20entre%20SernamEG%20y%20municipio%20de%20O%E2%80%99Higgins%20permitir%C3%A1%20desarrollar%20programas%20en%20la%20zona%20austral&#038;body=https:\/\/radiorevelacionfm.cl\/?p=33354' aria-hidden='false' data-av_icon='\ue805' data-av_iconfont='entypo-fontello' title='' data-avia-related-tooltip='Compartir por correo'><span class='avia_hidden_link_text'>Compartir por correo<\/span><\/a><\/li><\/ul><\/div><\/div>\n<div  style='height:50px' class='hr hr-invisible   avia-builder-el-8  el_after_av_social_share  el_before_av_comments_list '><span class='hr-inner ' ><span class='hr-inner-style'><\/span><\/span><\/div>\n<div  class='av-buildercomment  av-blog-meta-html-info-disabled av-blog-meta-tag-disabled  '><\/div>\n","protected":false},"excerpt":{"rendered":"","protected":false},"author":1,"featured_media":33356,"comment_status":"open","ping_status":"open","sticky":false,"template":"","format":"standard","meta":{"footnotes":""},"categories":[38],"tags":[],"class_list":["post-33354","post","type-post","status-publish","format-standard","has-post-thumbnail","hentry","category-regional"],"jetpack_featured_media_url":"https:\/\/radiorevelacionfm.cl\/wp-content\/uploads\/2023\/07\/Convenio-SernamEG-Muni-OHiggins-1-1-1.jpeg","_links":{"self":[{"href":"https:\/\/radiorevelacionfm.cl\/index.php?rest_route=\/wp\/v2\/posts\/33354","targetHints":{"allow":["GET"]}}],"collection":[{"href":"https:\/\/radiorevelacionfm.cl\/index.php?rest_route=\/wp\/v2\/posts"}],"about":[{"href":"https:\/\/radiorevelacionfm.cl\/index.php?rest_route=\/wp\/v2\/types\/post"}],"author":[{"embeddable":true,"href":"https:\/\/radiorevelacionfm.cl\/index.php?rest_route=\/wp\/v2\/users\/1"}],"replies":[{"embeddable":true,"href":"https:\/\/radiorevelacionfm.cl\/index.php?rest_route=%2Fwp%2Fv2%2Fcomments&post=33354"}],"version-history":[{"count":1,"href":"https:\/\/radiorevelacionfm.cl\/index.php?rest_route=\/wp\/v2\/posts\/33354\/revisions"}],"predecessor-version":[{"id":33357,"href":"https:\/\/radiorevelacionfm.cl\/index.php?rest_route=\/wp\/v2\/posts\/33354\/revisions\/33357"}],"wp:featuredmedia":[{"embeddable":true,"href":"https:\/\/radiorevelacionfm.cl\/index.php?rest_route=\/wp\/v2\/media\/33356"}],"wp:attachment":[{"href":"https:\/\/radiorevelacionfm.cl\/index.php?rest_route=%2Fwp%2Fv2%2Fmedia&parent=33354"}],"wp:term":[{"taxonomy":"category","embeddable":true,"href":"https:\/\/radiorevelacionfm.cl\/index.php?rest_route=%2Fwp%2Fv2%2Fcategories&post=33354"},{"taxonomy":"post_tag","embeddable":true,"href":"https:\/\/radiorevelacionfm.cl\/index.php?rest_route=%2Fwp%2Fv2%2Ftags&post=33354"}],"curies":[{"name":"wp","href":"https:\/\/api.w.org\/{rel}","templated":true}]}}