{"id":33351,"date":"2023-07-28T16:03:00","date_gmt":"2023-07-28T19:03:00","guid":{"rendered":"https:\/\/radiorevelacionfm.cl\/?p=33351"},"modified":"2023-07-28T16:03:00","modified_gmt":"2023-07-28T19:03:00","slug":"mop-asumira-inversion-de-pavimentacion-de-la-ruta-7-tras-firma-de-convenio-con-el-gobierno-regional-de-aysen","status":"publish","type":"post","link":"https:\/\/radiorevelacionfm.cl\/?p=33351","title":{"rendered":"MOP asumir\u00e1 inversi\u00f3n de pavimentaci\u00f3n de la ruta 7 tras firma de convenio con el Gobierno Regional de Ays\u00e9n"},"content":{"rendered":"<div class=\"flex_column av_one_full  flex_column_div av-zero-column-padding first  avia-builder-el-0  el_before_av_one_full  avia-builder-el-first  \" style='border-radius:0px; '><div  class='avia-image-container  av-styling-    avia-builder-el-1  avia-builder-el-no-sibling  avia-align-center '  itemprop=\"image\" itemscope=\"itemscope\" itemtype=\"https:\/\/schema.org\/ImageObject\"  ><div class='avia-image-container-inner'><div class='avia-image-overlay-wrap'><img decoding=\"async\" class='wp-image-33352 avia-img-lazy-loading-not-33352 avia_image' src=\"https:\/\/radiorevelacionfm.cl\/wp-content\/uploads\/2023\/07\/MURTA-26-1-1.jpg\" alt='' title='MURTA-26 (1) (1)' height=\"600\" width=\"990\"  itemprop=\"thumbnailUrl\" srcset=\"https:\/\/radiorevelacionfm.cl\/wp-content\/uploads\/2023\/07\/MURTA-26-1-1.jpg 990w, https:\/\/radiorevelacionfm.cl\/wp-content\/uploads\/2023\/07\/MURTA-26-1-1-300x182.jpg 300w, https:\/\/radiorevelacionfm.cl\/wp-content\/uploads\/2023\/07\/MURTA-26-1-1-768x465.jpg 768w, https:\/\/radiorevelacionfm.cl\/wp-content\/uploads\/2023\/07\/MURTA-26-1-1-705x427.jpg 705w, https:\/\/radiorevelacionfm.cl\/wp-content\/uploads\/2023\/07\/MURTA-26-1-1-450x273.jpg 450w, https:\/\/radiorevelacionfm.cl\/wp-content\/uploads\/2023\/07\/MURTA-26-1-1-600x364.jpg 600w\" sizes=\"(max-width: 990px) 100vw, 990px\" \/><\/div><\/div><\/div><\/div><div class=\"flex_column av_one_full  flex_column_div av-zero-column-padding first  avia-builder-el-2  el_after_av_one_full  el_before_av_one_full  column-top-margin\" style='border-radius:0px; '><section class=\"av_textblock_section \"  itemscope=\"itemscope\" itemtype=\"https:\/\/schema.org\/BlogPosting\" itemprop=\"blogPost\" ><div class='avia_textblock  '   itemprop=\"text\" ><p style=\"text-align: center;\"><strong><span style=\"font-size: 18pt;\">MOP asumir\u00e1 inversi\u00f3n de pavimentaci\u00f3n de la ruta 7 tras firma de convenio con el Gobierno Regional de Ays\u00e9n<\/span><\/strong><\/p>\n<div id=\"gtx-trans\" style=\"position: absolute; left: -50px; top: 4.31534px;\">\n<div class=\"gtx-trans-icon\"><\/div>\n<\/div>\n<\/div><\/section><\/div><div class=\"flex_column av_one_full  flex_column_div av-zero-column-padding first  avia-builder-el-4  el_after_av_one_full  el_before_av_hr  column-top-margin\" style='border-radius:0px; '><section class=\"av_textblock_section \"  itemscope=\"itemscope\" itemtype=\"https:\/\/schema.org\/BlogPosting\" itemprop=\"blogPost\" ><div class='avia_textblock  '   itemprop=\"text\" ><p style=\"text-align: justify;\">La ministra de Obras P\u00fablicas, Jessica L\u00f3pez, y la gobernadora regional de Ays\u00e9n, Andrea Mac\u00edas, firmaron el convenio de programaci\u00f3n mediante el cual el MOP se compromete a asumir la inversi\u00f3n necesaria para la pavimentaci\u00f3n de la Ruta 7.<\/p>\n<p style=\"text-align: justify;\">Este convenio de programaci\u00f3n se enmarca dentro de los anuncios que realiz\u00f3 el Presidente Gabriel Boric en enero pasado, donde comprometi\u00f3 que se elaborar\u00eda un nuevo convenio de programaci\u00f3n que materializara el Plan de Conectividad e Integraci\u00f3n Regi\u00f3n de Ays\u00e9n y la Provincia de Palena, permitiendo que el Gobierno Regional pueda destinar los recursos a otras prioridades regionales.<\/p>\n<p style=\"text-align: justify;\">De los 13 convenios de programaci\u00f3n que el Ministerio de Obras P\u00fablicas tiene vigentes con los gobiernos regionales, el convenio con la Regi\u00f3n de Ays\u00e9n es el m\u00e1s alto del pa\u00eds en t\u00e9rminos financieros, alcanzando los 294 mil millones aproximadamente, de los cuales el MOP aporta un 73% de financiamiento y el GORE Ays\u00e9n un 27%.<\/p>\n<p style=\"text-align: justify;\">La ministra de Obras P\u00fablicas explic\u00f3 que \u201chay un conjunto importante de obras que vamos a desarrollar. Este es un compromiso y por eso lo firmamos, y tiene por objeto mejorar significativamente la conectividad de esta regi\u00f3n; conectividad que es el tema principal de los habitantes de esta zona\u201d.<\/p>\n<p style=\"text-align: justify;\">La gobernadora regional de Ays\u00e9n, Andrea Mac\u00edas, destac\u00f3 que \u201cquiero relevar la disposici\u00f3n que hemos encontrado en esta administraci\u00f3n, donde hoy con la firma de este Convenio de Programaci\u00f3n, el Estado de Chile hace justicia con nosotros. Tocamos puertas anteriormente, no nos fue muy bien y hoy es el Estado chileno, a trav\u00e9s del Ministerio de Obras P\u00fablicas, que asume el compromiso m\u00e1s importante en materia de presupuesto, el 73% de este convenio, que nos va a permitir mejorar las condiciones de conectividad y, con esto, la Regi\u00f3n de Ays\u00e9n podr\u00e1 tener un avance importante en materia de desarrollo\u201d.<\/p>\n<p style=\"text-align: justify;\">Por otra parte, el delegado presidencial de la Regi\u00f3n de Ays\u00e9n, Rodrigo Araya, indic\u00f3 que \u00abpara nuestro Presidente la descentralizaci\u00f3n se debe manifestar en acciones reales. Nada m\u00e1s real que estar en Murta con la ministra y la gobernadora firmando este convenio para avanzar en la pavimentaci\u00f3n de la ruta austral. Esto es descentralizaci\u00f3n y acceso a derechos sociales, porque la conectividad permite acceder a la salud, a la educaci\u00f3n y una mejor vida de las familias\u00bb.<\/p>\n<p style=\"text-align: justify;\">La firma del convenio se realiz\u00f3 en la localidad de Bah\u00eda Murta y a ella asistieron autoridades y vecinos. Marta Rivera, habitante del sector, destac\u00f3 la importancia de la firma de este convenio: \u201cPara nosotros es muy importante este convenio de programaci\u00f3n porque nos permite avanzar en un anhelo de conectividad que va a mejorar la calidad de vida, nos permite tener un mejor desarrollo en una zona tan hermosa y con tantas potencialidades que se pierden porque cuesta llegar, porque cuesta salir, porque los costos son muy altos y, por \u00faltimo, porque la gente que vive ac\u00e1 tiene derecho a vivir mejor. Tenemos claro que esto es un tiempo largo, porque esto parte ahora y dura varios a\u00f1os, pero s\u00ed a\u00f1o a a\u00f1o vamos a ir avanzando\u201d.<\/p>\n<p style=\"text-align: justify;\">El alcalde de R\u00edo Ib\u00e1\u00f1ez y presidente de la Asociaci\u00f3n de Alcaldes de la Regi\u00f3n de Ays\u00e9n, Marcelo Santana, destac\u00f3 que \u201cesto es un hito s\u00faper trascendente, no solo para nuestra comuna de R\u00edo Ib\u00e1\u00f1ez, sino que para toda la regi\u00f3n de Ays\u00e9n. Este convenio de programaci\u00f3n entre el MOP y el Gore va a permitir la continuidad de los proyectos de pavimentaci\u00f3n de la Ruta 7, lo que a nosotros como ayseninos nos genera un profundo anhelo y sue\u00f1o de poder aumentar la velocidad de pavimentaci\u00f3n, sobre todo, hacia el sur de la regi\u00f3n. Ahora a esperar que a fines de a\u00f1o las obras comiencen a verse, que es lo que finalmente genera confianza en la gente y en nuestros vecinos\u201d.<\/p>\n<\/div><\/section><\/div><div  style='height:50px' class='hr hr-invisible   avia-builder-el-6  el_after_av_one_full  el_before_av_social_share '><span class='hr-inner ' ><span class='hr-inner-style'><\/span><\/span><\/div><\/p>\n<div  class='av-social-sharing-box  avia-builder-el-7  el_after_av_hr  el_before_av_hr  '><div class='av-share-box'><h5 class='av-share-link-description av-no-toc '>Compartir esta noticia<\/h5><ul class='av-share-box-list noLightbox'><li class='av-share-link av-social-link-facebook' ><a target=\"_blank\" aria-label=\"Compartir en Facebook\" href='https:\/\/www.facebook.com\/sharer.php?u=https:\/\/radiorevelacionfm.cl\/?p=33351&#038;t=MOP%20asumir%C3%A1%20inversi%C3%B3n%20de%20pavimentaci%C3%B3n%20de%20la%20ruta%207%20tras%20firma%20de%20convenio%20con%20el%20Gobierno%20Regional%20de%20Ays%C3%A9n' aria-hidden='false' data-av_icon='\ue8f3' data-av_iconfont='entypo-fontello' title='' data-avia-related-tooltip='Compartir en Facebook' rel=\"noopener\"><span class='avia_hidden_link_text'>Compartir en Facebook<\/span><\/a><\/li><li class='av-share-link av-social-link-twitter' ><a target=\"_blank\" aria-label=\"Compartir en Twitter\" href='https:\/\/twitter.com\/share?text=MOP%20asumir%C3%A1%20inversi%C3%B3n%20de%20pavimentaci%C3%B3n%20de%20la%20ruta%207%20tras%20firma%20de%20convenio%20con%20el%20Gobierno%20Regional%20de%20Ays%C3%A9n&#038;url=https:\/\/radiorevelacionfm.cl\/?p=33351' aria-hidden='false' data-av_icon='\ue8f1' data-av_iconfont='entypo-fontello' title='' data-avia-related-tooltip='Compartir en Twitter' rel=\"noopener\"><span class='avia_hidden_link_text'>Compartir en Twitter<\/span><\/a><\/li><li class='av-share-link av-social-link-whatsapp' ><a target=\"_blank\" aria-label=\"Compartir en Whatsapp\" href='https:\/\/api.whatsapp.com\/send?text=https:\/\/radiorevelacionfm.cl\/?p=33351' aria-hidden='false' data-av_icon='\uf232' data-av_iconfont='entypo-fontello' title='' data-avia-related-tooltip='Compartir en Whatsapp' rel=\"noopener\"><span class='avia_hidden_link_text'>Compartir en Whatsapp<\/span><\/a><\/li><li class='av-share-link av-social-link-linkedin' ><a target=\"_blank\" aria-label=\"Compartir en LinkedIn\" href='https:\/\/linkedin.com\/shareArticle?mini=true&#038;title=MOP%20asumir%C3%A1%20inversi%C3%B3n%20de%20pavimentaci%C3%B3n%20de%20la%20ruta%207%20tras%20firma%20de%20convenio%20con%20el%20Gobierno%20Regional%20de%20Ays%C3%A9n&#038;url=https:\/\/radiorevelacionfm.cl\/?p=33351' aria-hidden='false' data-av_icon='\ue8fc' data-av_iconfont='entypo-fontello' title='' data-avia-related-tooltip='Compartir en LinkedIn' rel=\"noopener\"><span class='avia_hidden_link_text'>Compartir en LinkedIn<\/span><\/a><\/li><li class='av-share-link av-social-link-mail' ><a  aria-label=\"Compartir por correo\" href='mailto:?subject=MOP%20asumir%C3%A1%20inversi%C3%B3n%20de%20pavimentaci%C3%B3n%20de%20la%20ruta%207%20tras%20firma%20de%20convenio%20con%20el%20Gobierno%20Regional%20de%20Ays%C3%A9n&#038;body=https:\/\/radiorevelacionfm.cl\/?p=33351' aria-hidden='false' data-av_icon='\ue805' data-av_iconfont='entypo-fontello' title='' data-avia-related-tooltip='Compartir por correo'><span class='avia_hidden_link_text'>Compartir por correo<\/span><\/a><\/li><\/ul><\/div><\/div>\n<div  style='height:50px' class='hr hr-invisible   avia-builder-el-8  el_after_av_social_share  el_before_av_comments_list '><span class='hr-inner ' ><span class='hr-inner-style'><\/span><\/span><\/div>\n<div  class='av-buildercomment  av-blog-meta-html-info-disabled av-blog-meta-tag-disabled  '><\/div>\n","protected":false},"excerpt":{"rendered":"","protected":false},"author":1,"featured_media":33352,"comment_status":"open","ping_status":"open","sticky":false,"template":"","format":"standard","meta":{"footnotes":""},"categories":[38],"tags":[],"class_list":["post-33351","post","type-post","status-publish","format-standard","has-post-thumbnail","hentry","category-regional"],"jetpack_featured_media_url":"https:\/\/radiorevelacionfm.cl\/wp-content\/uploads\/2023\/07\/MURTA-26-1-1.jpg","_links":{"self":[{"href":"https:\/\/radiorevelacionfm.cl\/index.php?rest_route=\/wp\/v2\/posts\/33351","targetHints":{"allow":["GET"]}}],"collection":[{"href":"https:\/\/radiorevelacionfm.cl\/index.php?rest_route=\/wp\/v2\/posts"}],"about":[{"href":"https:\/\/radiorevelacionfm.cl\/index.php?rest_route=\/wp\/v2\/types\/post"}],"author":[{"embeddable":true,"href":"https:\/\/radiorevelacionfm.cl\/index.php?rest_route=\/wp\/v2\/users\/1"}],"replies":[{"embeddable":true,"href":"https:\/\/radiorevelacionfm.cl\/index.php?rest_route=%2Fwp%2Fv2%2Fcomments&post=33351"}],"version-history":[{"count":1,"href":"https:\/\/radiorevelacionfm.cl\/index.php?rest_route=\/wp\/v2\/posts\/33351\/revisions"}],"predecessor-version":[{"id":33353,"href":"https:\/\/radiorevelacionfm.cl\/index.php?rest_route=\/wp\/v2\/posts\/33351\/revisions\/33353"}],"wp:featuredmedia":[{"embeddable":true,"href":"https:\/\/radiorevelacionfm.cl\/index.php?rest_route=\/wp\/v2\/media\/33352"}],"wp:attachment":[{"href":"https:\/\/radiorevelacionfm.cl\/index.php?rest_route=%2Fwp%2Fv2%2Fmedia&parent=33351"}],"wp:term":[{"taxonomy":"category","embeddable":true,"href":"https:\/\/radiorevelacionfm.cl\/index.php?rest_route=%2Fwp%2Fv2%2Fcategories&post=33351"},{"taxonomy":"post_tag","embeddable":true,"href":"https:\/\/radiorevelacionfm.cl\/index.php?rest_route=%2Fwp%2Fv2%2Ftags&post=33351"}],"curies":[{"name":"wp","href":"https:\/\/api.w.org\/{rel}","templated":true}]}}