{"id":33349,"date":"2023-07-29T12:35:00","date_gmt":"2023-07-29T15:35:00","guid":{"rendered":"https:\/\/radiorevelacionfm.cl\/?p=33349"},"modified":"2023-07-29T12:35:00","modified_gmt":"2023-07-29T15:35:00","slug":"abren-el-primer-grupo-de-convocatorias-para-fondos-cultura-2024-con-enfasis-en-labores-de-cuidados-territorios-y-genero","status":"publish","type":"post","link":"https:\/\/radiorevelacionfm.cl\/?p=33349","title":{"rendered":"Abren el primer grupo de convocatorias para Fondos Cultura 2024, con \u00e9nfasis en labores de cuidados, territorios y g\u00e9nero"},"content":{"rendered":"<div class=\"flex_column av_one_full  flex_column_div av-zero-column-padding first  avia-builder-el-0  el_before_av_one_full  avia-builder-el-first  \" style='border-radius:0px; '><div  class='avia-image-container  av-styling-    avia-builder-el-1  avia-builder-el-no-sibling  avia-align-center '  itemprop=\"image\" itemscope=\"itemscope\" itemtype=\"https:\/\/schema.org\/ImageObject\"  ><div class='avia-image-container-inner'><div class='avia-image-overlay-wrap'><img decoding=\"async\" class='wp-image-22863 avia-img-lazy-loading-not-22863 avia_image' src=\"https:\/\/radiorevelacionfm.cl\/wp-content\/uploads\/2022\/10\/Ministerio-de-las-Culturas-cre-1-1.jpg\" alt='' title='Ministerio de las Culturas cre (1) (1)' height=\"600\" width=\"900\"  itemprop=\"thumbnailUrl\" srcset=\"https:\/\/radiorevelacionfm.cl\/wp-content\/uploads\/2022\/10\/Ministerio-de-las-Culturas-cre-1-1.jpg 900w, https:\/\/radiorevelacionfm.cl\/wp-content\/uploads\/2022\/10\/Ministerio-de-las-Culturas-cre-1-1-300x200.jpg 300w, https:\/\/radiorevelacionfm.cl\/wp-content\/uploads\/2022\/10\/Ministerio-de-las-Culturas-cre-1-1-768x512.jpg 768w, https:\/\/radiorevelacionfm.cl\/wp-content\/uploads\/2022\/10\/Ministerio-de-las-Culturas-cre-1-1-705x470.jpg 705w, https:\/\/radiorevelacionfm.cl\/wp-content\/uploads\/2022\/10\/Ministerio-de-las-Culturas-cre-1-1-600x400.jpg 600w\" sizes=\"(max-width: 900px) 100vw, 900px\" \/><\/div><\/div><\/div><\/div><div class=\"flex_column av_one_full  flex_column_div av-zero-column-padding first  avia-builder-el-2  el_after_av_one_full  el_before_av_one_full  column-top-margin\" style='border-radius:0px; '><section class=\"av_textblock_section \"  itemscope=\"itemscope\" itemtype=\"https:\/\/schema.org\/BlogPosting\" itemprop=\"blogPost\" ><div class='avia_textblock  '   itemprop=\"text\" ><p style=\"text-align: center;\"><strong><span style=\"font-size: 18pt;\">Abren el primer grupo de convocatorias para Fondos Cultura 2024, con \u00e9nfasis en labores de cuidados, territorios y g\u00e9nero<\/span><\/strong><\/p>\n<div id=\"gtx-trans\" style=\"position: absolute; left: -50px; top: 4.31534px;\">\n<div class=\"gtx-trans-icon\"><\/div>\n<\/div>\n<\/div><\/section><\/div><div class=\"flex_column av_one_full  flex_column_div av-zero-column-padding first  avia-builder-el-4  el_after_av_one_full  el_before_av_hr  column-top-margin\" style='border-radius:0px; '><section class=\"av_textblock_section \"  itemscope=\"itemscope\" itemtype=\"https:\/\/schema.org\/BlogPosting\" itemprop=\"blogPost\" ><div class='avia_textblock  '   itemprop=\"text\" ><p style=\"text-align: justify;\">A partir de hoy, y hasta la primera semana de septiembre, estar\u00e1 disponible el primer grupo de convocatorias de los Fondos Cultura 2024. Esta primera apertura pone a disposici\u00f3n de la ciudadan\u00eda 16 l\u00edneas de postulaci\u00f3n, las que cubren las \u00e1reas de formaci\u00f3n- investigaci\u00f3n, desarrollo de ferias, festivales, muestras y proyectos correspondientes al \u00e1mbito del libro y la lectura, m\u00fasica, audiovisual, artes esc\u00e9nicas, artes\u00a0de la visualidad, arquitectura, artesan\u00eda y dise\u00f1o.<\/p>\n<p style=\"text-align: justify;\">Este primer grupo de la convocatoria 2024 considera criterios claves establecidos en tres ejes transversales, centrados en\u00a0<b>territorio, labores de cuidado y g\u00e9nero<\/b>. Los fondos consideran cuotas de selecci\u00f3n por regi\u00f3n para asegurar el desarrollo de iniciativas altamente valoradas en los territorios o por macrozona. El eje de labores de cuidado establece las condiciones necesarias para una participaci\u00f3n igualitaria entre las personas que postulen a la l\u00ednea de Becas Chile Crea, quienes podr\u00e1n incluir los gastos de las labores de cuidados de derecho de hijas, hijos y ni\u00f1as y ni\u00f1os bajo tutela, desde la primera infancia hasta la \u00faltima etapa de educaci\u00f3n b\u00e1sica (hasta 8\u00b0 b\u00e1sico).<\/p>\n<p style=\"text-align: justify;\">Respecto del enfoque de g\u00e9nero de esta convocatoria, se mantienen las cuotas y se incluyen en la nueva modalidad de Talleres de Creaci\u00f3n Literaria, del Fondo del Libro<b>.\u00a0<\/b>Adicionalmente, se mantiene la equidad de g\u00e9nero en la composici\u00f3n de los comit\u00e9s de especialistas.<\/p>\n<p style=\"text-align: justify;\">Este a\u00f1o, a diferencia de llamados anteriores, se programaron dos periodos diferenciados de postulaci\u00f3n, con el objetivo de facilitar este proceso y descomprimir los plazos asociados.\u00a0<b>La segunda etapa de postulaci\u00f3n, para el resto de las l\u00edneas, se abrir\u00e1 la segunda quincena de agosto.<\/b><\/p>\n<p style=\"text-align: justify;\">Las fechas y l\u00edneas de \u00e9sta y todas las convocatorias del ministerio est\u00e1n disponibles en el Calendario de Convocatorias\u00a0<a href=\"https:\/\/www.fondosdecultura.cl\/calendario\/\" target=\"_blank\" rel=\"noopener\" data-saferedirecturl=\"https:\/\/www.google.com\/url?q=https:\/\/www.fondosdecultura.cl\/calendario\/&amp;source=gmail&amp;ust=1690656759547000&amp;usg=AOvVaw1NeN0AmQ5TJXdGBWOYSom9\">\u00a0(fondosdecultura.cl)<\/a>. El objetivo de esta herramienta es poner a disposici\u00f3n de los agentes culturales un marco de organizaci\u00f3n, ya que\u00a0entrega rangos de fecha de apertura, cierre y entrega de resultados de convocatorias y fondos que se ir\u00e1n abriendo durante el a\u00f1o<b>.<\/b><b>\u00a0<\/b><\/p>\n<p style=\"text-align: justify;\"><b>Novedades y detalles por fondos<\/b><\/p>\n<p style=\"text-align: justify;\">El\u00a0<b>Fondo de la M\u00fasica 2024<\/b>\u00a0considera en esta primera convocatoria tres l\u00edneas: Beca Chile Crea, Actividades Formativas, y M\u00fasica en Vivo.\u00a0La principal novedad est\u00e1 en los criterios de selecci\u00f3n para las modalidades M\u00fasica en Vivo (Presencial o Virtual), que a diferencia de la convocatoria 2023 busca adjudicar un proyecto elegible en cada una de las regiones que componen la zona Sur, Centro y Norte. Igualmente, para equilibrar la demanda, se aument\u00f3 el monto total disponible para la modalidad de M\u00fasica en Vivo Zona Sur, de $100.000.000. a $120.000.000.<\/p>\n<p style=\"text-align: justify;\">El\u00a0<b>Fondo de las Artes Esc\u00e9nicas<\/b>\u00a0tiene disponible tres l\u00edneas:\u00a0Becas Chile Crea, Programas Formativos, y Festivales y Encuentros. En la\u00a0l\u00ednea de<b>\u00a0<\/b>Programas Formativos por primera vez se asegura la selecci\u00f3n de al menos 1 proyecto elegible en cada una de las 16 regiones del pa\u00eds, criterio que se extender\u00e1 tambi\u00e9n en la modalidad de Especializaci\u00f3n y Perfeccionamiento, perteneciente a la l\u00ednea<b>\u00a0<\/b>Becas Chile Crea. La modalidad de Festivales y Encuentros Nacionales asegurar\u00e1 por primera vez la selecci\u00f3n de al menos 1 proyecto elegible en las zonas norte, centro, centro sur, sur, austral y Metropolitana, con el objetivo de resguardar presupuesto a m\u00e1s regiones que s\u00f3lo la Metropolitana, como era en la convocatoria anterior.<\/p>\n<p style=\"text-align: justify;\">La modalidad de Festivales de Trayectoria, que se abrir\u00e1 en una pr\u00f3xima convocatoria, tendr\u00e1 cambios en su funcionamiento. Este cambio, trabajado en conjunto con el Consejo Nacional de Artes Esc\u00e9nicas, permitir\u00e1 que aquellos festivales que resulten beneficiados reciban financiamiento durante 2 a\u00f1os consecutivos, reconociendo esta forma su permanente aporte a la visibilizaci\u00f3n de las artes esc\u00e9nicas y a la participaci\u00f3n cultural de la ciudadan\u00eda. Los plazos de postulaci\u00f3n para Festivales de Trayectoria ser\u00e1n informados oportunamente.<\/p>\n<p style=\"text-align: justify;\">El\u00a0<b>Fondo Audiovisual\u00a0<\/b>abrir\u00e1 cuatro l\u00edneas: Becas Chile Crea, Investigaci\u00f3n, Formaci\u00f3n Grupal, y Distribuci\u00f3n de Cine y Videojuegos. En la L\u00ednea de Formaci\u00f3n grupal se gener\u00f3 una cuota de selecci\u00f3n destinada a proyectos que tengan por objetivo capacitar t\u00e9cnicamente y de forma presencial a beneficiarios de regiones extremas, entre las que se considerar\u00e1n Arica y Parinacota, Tarapac\u00e1, Ays\u00e9n y Magallanes. En la l\u00ednea de Investigaci\u00f3n se estableci\u00f3 una cuota de selecci\u00f3n destinada a financiar al menos un proyecto que aborde investigaciones en torno al ecosistema audiovisual nacional y de las audiencias y p\u00fablicos del audiovisual en Chile.<\/p>\n<p style=\"text-align: justify;\">El\u00a0<b>Fondo del Libro y la Lectura<\/b>\u00a0considera en esta primera convocatoria tres l\u00edneas: Becas Chile Crea, modalidad\u00a0Festivales y Ferias del libro Regionales (L\u00ednea Apoyo a la Industria), y Fomento a la Creaci\u00f3n. En \u00e9sta \u00faltima versi\u00f3n se contempla\u00a0la creaci\u00f3n de la modalidad de Talleres de Creaci\u00f3n Literaria, que financiar\u00e1 la implementaci\u00f3n de talleres de escritura creativa para fomentar la profesionalizaci\u00f3n de la escritura, y que contar\u00e1 con el criterio de selecci\u00f3n de al menos un proyecto por regi\u00f3n. Tambi\u00e9n se contempla al menos el 50% de los recursos disponibles en la modalidad para responsables del g\u00e9nero femenino, tanto en Regi\u00f3n Metropolitana como en otras regiones.<\/p>\n<p style=\"text-align: justify;\">El\u00a0<b>Fondart Nacional 2024<\/b>\u00a0abri\u00f3 dos l\u00edneas: Investigaci\u00f3n y Becas Chile Crea. En esta \u00faltima, aumenta la descentralizaci\u00f3n en los criterios de selecci\u00f3n de 50 a 60% de personas residentes en regiones distintas a la Metropolitana. Los \u00e1mbitos de postulaci\u00f3n para patrimonio, gesti\u00f3n cultural y pueblos originarios ya no forman parte de este Fondo, evitando as\u00ed duplicar la atenci\u00f3n de estos \u00e1mbitos considerando que existen otros servicios que los atienden. Adem\u00e1s, tambi\u00e9n se encuentra disponible el tercer llamado de la l\u00ednea de Circulaci\u00f3n nacional e Internacional del Fondart 2023.<\/p>\n<p style=\"text-align: justify;\">El\u00a0<b>Fondart Regional 2024,\u00a0<\/b>por su parte, est\u00e1 disponible la l\u00ednea de Organizaci\u00f3n de Festivales, Ferias y Mercados.<\/p>\n<p style=\"text-align: justify;\">Otra de las novedades para esta versi\u00f3n, es que las Becas Chile Crea, en todas las l\u00edneas, podr\u00e1n considerar financiamiento de estudios que comiencen en enero de 2024, a diferencia de las versiones anteriores, que contemplaba apoyo para estudios que iniciaran solo a partir de marzo.<\/p>\n<p style=\"text-align: justify;\">Encuentra toda la informaci\u00f3n de esta convocatoria y de todas las que se encuentran disponibles en\u00a0<a href=\"http:\/\/fondosdecultura.cl\/\" target=\"_blank\" rel=\"noopener\" data-saferedirecturl=\"https:\/\/www.google.com\/url?q=http:\/\/fondosdecultura.cl&amp;source=gmail&amp;ust=1690656759547000&amp;usg=AOvVaw0jE6kywKqywX92P6W3B24E\">fondosdecultura.cl<\/a><\/p>\n<\/div><\/section><\/div><div  style='height:50px' class='hr hr-invisible   avia-builder-el-6  el_after_av_one_full  el_before_av_social_share '><span class='hr-inner ' ><span class='hr-inner-style'><\/span><\/span><\/div><\/p>\n<div  class='av-social-sharing-box  avia-builder-el-7  el_after_av_hr  el_before_av_hr  '><div class='av-share-box'><h5 class='av-share-link-description av-no-toc '>Compartir esta noticia<\/h5><ul class='av-share-box-list noLightbox'><li class='av-share-link av-social-link-facebook' ><a target=\"_blank\" aria-label=\"Compartir en Facebook\" href='https:\/\/www.facebook.com\/sharer.php?u=https:\/\/radiorevelacionfm.cl\/?p=33349&#038;t=Abren%20el%20primer%20grupo%20de%20convocatorias%20para%20Fondos%20Cultura%202024%2C%20con%20%C3%A9nfasis%20en%20labores%20de%20cuidados%2C%20territorios%20y%20g%C3%A9nero' aria-hidden='false' data-av_icon='\ue8f3' data-av_iconfont='entypo-fontello' title='' data-avia-related-tooltip='Compartir en Facebook' rel=\"noopener\"><span class='avia_hidden_link_text'>Compartir en Facebook<\/span><\/a><\/li><li class='av-share-link av-social-link-twitter' ><a target=\"_blank\" aria-label=\"Compartir en Twitter\" href='https:\/\/twitter.com\/share?text=Abren%20el%20primer%20grupo%20de%20convocatorias%20para%20Fondos%20Cultura%202024%2C%20con%20%C3%A9nfasis%20en%20labores%20de%20cuidados%2C%20territorios%20y%20g%C3%A9nero&#038;url=https:\/\/radiorevelacionfm.cl\/?p=33349' aria-hidden='false' data-av_icon='\ue8f1' data-av_iconfont='entypo-fontello' title='' data-avia-related-tooltip='Compartir en Twitter' rel=\"noopener\"><span class='avia_hidden_link_text'>Compartir en Twitter<\/span><\/a><\/li><li class='av-share-link av-social-link-whatsapp' ><a target=\"_blank\" aria-label=\"Compartir en Whatsapp\" href='https:\/\/api.whatsapp.com\/send?text=https:\/\/radiorevelacionfm.cl\/?p=33349' aria-hidden='false' data-av_icon='\uf232' data-av_iconfont='entypo-fontello' title='' data-avia-related-tooltip='Compartir en Whatsapp' rel=\"noopener\"><span class='avia_hidden_link_text'>Compartir en Whatsapp<\/span><\/a><\/li><li class='av-share-link av-social-link-linkedin' ><a target=\"_blank\" aria-label=\"Compartir en LinkedIn\" href='https:\/\/linkedin.com\/shareArticle?mini=true&#038;title=Abren%20el%20primer%20grupo%20de%20convocatorias%20para%20Fondos%20Cultura%202024%2C%20con%20%C3%A9nfasis%20en%20labores%20de%20cuidados%2C%20territorios%20y%20g%C3%A9nero&#038;url=https:\/\/radiorevelacionfm.cl\/?p=33349' aria-hidden='false' data-av_icon='\ue8fc' data-av_iconfont='entypo-fontello' title='' data-avia-related-tooltip='Compartir en LinkedIn' rel=\"noopener\"><span class='avia_hidden_link_text'>Compartir en LinkedIn<\/span><\/a><\/li><li class='av-share-link av-social-link-mail' ><a  aria-label=\"Compartir por correo\" href='mailto:?subject=Abren%20el%20primer%20grupo%20de%20convocatorias%20para%20Fondos%20Cultura%202024%2C%20con%20%C3%A9nfasis%20en%20labores%20de%20cuidados%2C%20territorios%20y%20g%C3%A9nero&#038;body=https:\/\/radiorevelacionfm.cl\/?p=33349' aria-hidden='false' data-av_icon='\ue805' data-av_iconfont='entypo-fontello' title='' data-avia-related-tooltip='Compartir por correo'><span class='avia_hidden_link_text'>Compartir por correo<\/span><\/a><\/li><\/ul><\/div><\/div>\n<div  style='height:50px' class='hr hr-invisible   avia-builder-el-8  el_after_av_social_share  el_before_av_comments_list '><span class='hr-inner ' ><span class='hr-inner-style'><\/span><\/span><\/div>\n<div  class='av-buildercomment  av-blog-meta-html-info-disabled av-blog-meta-tag-disabled  '><\/div>\n","protected":false},"excerpt":{"rendered":"","protected":false},"author":1,"featured_media":22863,"comment_status":"open","ping_status":"open","sticky":false,"template":"","format":"standard","meta":{"footnotes":""},"categories":[52],"tags":[],"class_list":["post-33349","post","type-post","status-publish","format-standard","has-post-thumbnail","hentry","category-cultura"],"jetpack_featured_media_url":"https:\/\/radiorevelacionfm.cl\/wp-content\/uploads\/2022\/10\/Ministerio-de-las-Culturas-cre-1-1.jpg","_links":{"self":[{"href":"https:\/\/radiorevelacionfm.cl\/index.php?rest_route=\/wp\/v2\/posts\/33349","targetHints":{"allow":["GET"]}}],"collection":[{"href":"https:\/\/radiorevelacionfm.cl\/index.php?rest_route=\/wp\/v2\/posts"}],"about":[{"href":"https:\/\/radiorevelacionfm.cl\/index.php?rest_route=\/wp\/v2\/types\/post"}],"author":[{"embeddable":true,"href":"https:\/\/radiorevelacionfm.cl\/index.php?rest_route=\/wp\/v2\/users\/1"}],"replies":[{"embeddable":true,"href":"https:\/\/radiorevelacionfm.cl\/index.php?rest_route=%2Fwp%2Fv2%2Fcomments&post=33349"}],"version-history":[{"count":1,"href":"https:\/\/radiorevelacionfm.cl\/index.php?rest_route=\/wp\/v2\/posts\/33349\/revisions"}],"predecessor-version":[{"id":33350,"href":"https:\/\/radiorevelacionfm.cl\/index.php?rest_route=\/wp\/v2\/posts\/33349\/revisions\/33350"}],"wp:featuredmedia":[{"embeddable":true,"href":"https:\/\/radiorevelacionfm.cl\/index.php?rest_route=\/wp\/v2\/media\/22863"}],"wp:attachment":[{"href":"https:\/\/radiorevelacionfm.cl\/index.php?rest_route=%2Fwp%2Fv2%2Fmedia&parent=33349"}],"wp:term":[{"taxonomy":"category","embeddable":true,"href":"https:\/\/radiorevelacionfm.cl\/index.php?rest_route=%2Fwp%2Fv2%2Fcategories&post=33349"},{"taxonomy":"post_tag","embeddable":true,"href":"https:\/\/radiorevelacionfm.cl\/index.php?rest_route=%2Fwp%2Fv2%2Ftags&post=33349"}],"curies":[{"name":"wp","href":"https:\/\/api.w.org\/{rel}","templated":true}]}}