{"id":33344,"date":"2023-07-29T12:30:50","date_gmt":"2023-07-29T15:30:50","guid":{"rendered":"https:\/\/radiorevelacionfm.cl\/?p=33344"},"modified":"2023-07-29T12:30:50","modified_gmt":"2023-07-29T15:30:50","slug":"guaitecas-refuerzan-traslado-de-estudiantes-a-sus-establecimientos-con-recursos-del-subsidio-al-transporte-escolar-rural","status":"publish","type":"post","link":"https:\/\/radiorevelacionfm.cl\/?p=33344","title":{"rendered":"Guaitecas: Refuerzan traslado de estudiantes a sus establecimientos con recursos del subsidio al transporte escolar rural"},"content":{"rendered":"<div class=\"flex_column av_one_full  flex_column_div av-zero-column-padding first  avia-builder-el-0  el_before_av_one_full  avia-builder-el-first  \" style='border-radius:0px; '><div  class='avia-image-container  av-styling-    avia-builder-el-1  avia-builder-el-no-sibling  avia-align-center '  itemprop=\"image\" itemscope=\"itemscope\" itemtype=\"https:\/\/schema.org\/ImageObject\"  ><div class='avia-image-container-inner'><div class='avia-image-overlay-wrap'><img decoding=\"async\" class='wp-image-33345 avia-img-lazy-loading-not-33345 avia_image' src=\"https:\/\/radiorevelacionfm.cl\/wp-content\/uploads\/2023\/07\/img-20230727-wa0015-1_optimized.jpg\" alt='' title='img-20230727-wa0015-(1)_optimized' height=\"600\" width=\"1301\"  itemprop=\"thumbnailUrl\" srcset=\"https:\/\/radiorevelacionfm.cl\/wp-content\/uploads\/2023\/07\/img-20230727-wa0015-1_optimized.jpg 1301w, https:\/\/radiorevelacionfm.cl\/wp-content\/uploads\/2023\/07\/img-20230727-wa0015-1_optimized-300x138.jpg 300w, https:\/\/radiorevelacionfm.cl\/wp-content\/uploads\/2023\/07\/img-20230727-wa0015-1_optimized-1030x475.jpg 1030w, https:\/\/radiorevelacionfm.cl\/wp-content\/uploads\/2023\/07\/img-20230727-wa0015-1_optimized-768x354.jpg 768w, https:\/\/radiorevelacionfm.cl\/wp-content\/uploads\/2023\/07\/img-20230727-wa0015-1_optimized-705x325.jpg 705w, https:\/\/radiorevelacionfm.cl\/wp-content\/uploads\/2023\/07\/img-20230727-wa0015-1_optimized-450x208.jpg 450w, https:\/\/radiorevelacionfm.cl\/wp-content\/uploads\/2023\/07\/img-20230727-wa0015-1_optimized-600x277.jpg 600w\" sizes=\"(max-width: 1301px) 100vw, 1301px\" \/><\/div><\/div><\/div><\/div><div class=\"flex_column av_one_full  flex_column_div av-zero-column-padding first  avia-builder-el-2  el_after_av_one_full  el_before_av_one_full  column-top-margin\" style='border-radius:0px; '><section class=\"av_textblock_section \"  itemscope=\"itemscope\" itemtype=\"https:\/\/schema.org\/BlogPosting\" itemprop=\"blogPost\" ><div class='avia_textblock  '   itemprop=\"text\" ><p style=\"text-align: center;\"><strong><span style=\"font-size: 18pt;\">Guaitecas: Refuerzan traslado de estudiantes a sus establecimientos con recursos del subsidio al transporte escolar rural<\/span><\/strong><\/p>\n<div id=\"gtx-trans\" style=\"position: absolute; left: -50px; top: 4.31534px;\">\n<div class=\"gtx-trans-icon\"><\/div>\n<\/div>\n<\/div><\/section><\/div><div class=\"flex_column av_one_full  flex_column_div av-zero-column-padding first  avia-builder-el-4  el_after_av_one_full  el_before_av_hr  column-top-margin\" style='border-radius:0px; '><section class=\"av_textblock_section \"  itemscope=\"itemscope\" itemtype=\"https:\/\/schema.org\/BlogPosting\" itemprop=\"blogPost\" ><div class='avia_textblock  '   itemprop=\"text\" ><p style=\"text-align: justify;\">El Departamento de Educaci\u00f3n de la Municipalidad de Guaitecas se adjudic\u00f3 seis millones de pesos en un fondo para subsidiar el transporte escolar en zonas rurales y con los cuales se financiar\u00e1n parte de las operaciones que significa trasladar a los estudiantes de la comuna a sus establecimientos educacionales.<\/p>\n<p style=\"text-align: justify;\">As\u00ed lo dio a conocer Marcos Saavedra, director del Departamento de Educaci\u00f3n del municipio de Guaitecas, quien explic\u00f3 que los recursos se destinar\u00e1n durante este segundo semestre a la operatividad de los servicios exigentes.<\/p>\n<p style=\"text-align: justify;\">\u201cEl subsidio al transporte escolar es un fondo concursable al cual se postula a\u00f1o a a\u00f1o. El a\u00f1o pasado tuvimos buenos resultados y este a\u00f1o, desde el Departamento de Educaci\u00f3n postulamos y nos adjudicamos el monto m\u00e1ximo que se otorga para este tipo de subsidios, que son seis millones de pesos, que vienen a fortalecer la operatividad del servicio de transporte escolar. Son seis millones de pesos que est\u00e1n destinados a la adquisici\u00f3n de combustible para el funcionamiento diario, la adquisici\u00f3n de repuestos y mantenci\u00f3n de los veh\u00edculos\u201d, dijo Saavedra.<\/p>\n<p style=\"text-align: justify;\">Con relaci\u00f3n a algunas dificultades que hubo al terminar el primer semestre con el transporte escolar desde Repollal a Melinka, Marcos Saavedra explic\u00f3 que producto de las reiteradas fallas del furg\u00f3n que hac\u00eda el recorrido, se resolvi\u00f3 darlo de baja.<\/p>\n<p style=\"text-align: justify;\">\u201cFrente a las reiteradas fallas que ha presenta el furg\u00f3n estimamos sacarlo de circulaci\u00f3n, pues es un veh\u00edculo que tiene m\u00e1s de diez a\u00f1os de servicio y los gastos en los que hemos incurrido para su mantenci\u00f3n han sido bastante significativos\u201d, dijo el directivo del Departamento de Educaci\u00f3n de la Municipalidad de Guaitecas.<\/p>\n<p style=\"text-align: justify;\">De esta forma, a\u00f1adi\u00f3 Saavedra, el traslado desde Repollal a Melinka durante las ma\u00f1anas se est\u00e1 cubriendo con un servicio que dispuso el particular que hace el recorrido entre ambas comunidades, servicio que tambi\u00e9n es subsidiado, pero por el Ministerio de Transportes y el regreso se est\u00e1 cubriendo con servicios dispuestos por el sistema p\u00fablico de educaci\u00f3n de la comuna.<\/p>\n<p style=\"text-align: justify;\">\u201cLo que se plantea para los estudiantes que viven en Repollal y deben venir al Liceo Melinka es que en las ma\u00f1anas hagan uso del servicio subvencionado por el Ministerio de Transportes, que les permite llegar a buena hora al establecimiento y durante la tarde, para el regreso a sus casas, lo hagan con un servicio que se dispuso desde el municipio y que en parte se paga con estos recursos\u201d, dijo Marcos Saavedra, quien a\u00f1adi\u00f3 que para ambos servicios los estudiantes son acompa\u00f1ados por una asistente de la educaci\u00f3n para colaborar en su seguridad y cuidado.<\/p>\n<p style=\"text-align: justify;\">Por \u00faltimo, el director del Departamento de Educaci\u00f3n agradeci\u00f3 a la empresa que en las ma\u00f1anas traslada a los estudiantes desde Repollal a Melinka, y adecu\u00f3 su itinerario para que lleguen a tiempo a clases.<\/p>\n<\/div><\/section><\/div><div  style='height:50px' class='hr hr-invisible   avia-builder-el-6  el_after_av_one_full  el_before_av_social_share '><span class='hr-inner ' ><span class='hr-inner-style'><\/span><\/span><\/div><\/p>\n<div  class='av-social-sharing-box  avia-builder-el-7  el_after_av_hr  el_before_av_hr  '><div class='av-share-box'><h5 class='av-share-link-description av-no-toc '>Compartir esta noticia<\/h5><ul class='av-share-box-list noLightbox'><li class='av-share-link av-social-link-facebook' ><a target=\"_blank\" aria-label=\"Compartir en Facebook\" href='https:\/\/www.facebook.com\/sharer.php?u=https:\/\/radiorevelacionfm.cl\/?p=33344&#038;t=Guaitecas%3A%20Refuerzan%20traslado%20de%20estudiantes%20a%20sus%20establecimientos%20con%20recursos%20del%20subsidio%20al%20transporte%20escolar%20rural' aria-hidden='false' data-av_icon='\ue8f3' data-av_iconfont='entypo-fontello' title='' data-avia-related-tooltip='Compartir en Facebook' rel=\"noopener\"><span class='avia_hidden_link_text'>Compartir en Facebook<\/span><\/a><\/li><li class='av-share-link av-social-link-twitter' ><a target=\"_blank\" aria-label=\"Compartir en Twitter\" href='https:\/\/twitter.com\/share?text=Guaitecas%3A%20Refuerzan%20traslado%20de%20estudiantes%20a%20sus%20establecimientos%20con%20recursos%20del%20subsidio%20al%20transporte%20escolar%20rural&#038;url=https:\/\/radiorevelacionfm.cl\/?p=33344' aria-hidden='false' data-av_icon='\ue8f1' data-av_iconfont='entypo-fontello' title='' data-avia-related-tooltip='Compartir en Twitter' rel=\"noopener\"><span class='avia_hidden_link_text'>Compartir en Twitter<\/span><\/a><\/li><li class='av-share-link av-social-link-whatsapp' ><a target=\"_blank\" aria-label=\"Compartir en Whatsapp\" href='https:\/\/api.whatsapp.com\/send?text=https:\/\/radiorevelacionfm.cl\/?p=33344' aria-hidden='false' data-av_icon='\uf232' data-av_iconfont='entypo-fontello' title='' data-avia-related-tooltip='Compartir en Whatsapp' rel=\"noopener\"><span class='avia_hidden_link_text'>Compartir en Whatsapp<\/span><\/a><\/li><li class='av-share-link av-social-link-linkedin' ><a target=\"_blank\" aria-label=\"Compartir en LinkedIn\" href='https:\/\/linkedin.com\/shareArticle?mini=true&#038;title=Guaitecas%3A%20Refuerzan%20traslado%20de%20estudiantes%20a%20sus%20establecimientos%20con%20recursos%20del%20subsidio%20al%20transporte%20escolar%20rural&#038;url=https:\/\/radiorevelacionfm.cl\/?p=33344' aria-hidden='false' data-av_icon='\ue8fc' data-av_iconfont='entypo-fontello' title='' data-avia-related-tooltip='Compartir en LinkedIn' rel=\"noopener\"><span class='avia_hidden_link_text'>Compartir en LinkedIn<\/span><\/a><\/li><li class='av-share-link av-social-link-mail' ><a  aria-label=\"Compartir por correo\" href='mailto:?subject=Guaitecas%3A%20Refuerzan%20traslado%20de%20estudiantes%20a%20sus%20establecimientos%20con%20recursos%20del%20subsidio%20al%20transporte%20escolar%20rural&#038;body=https:\/\/radiorevelacionfm.cl\/?p=33344' aria-hidden='false' data-av_icon='\ue805' data-av_iconfont='entypo-fontello' title='' data-avia-related-tooltip='Compartir por correo'><span class='avia_hidden_link_text'>Compartir por correo<\/span><\/a><\/li><\/ul><\/div><\/div>\n<div  style='height:50px' class='hr hr-invisible   avia-builder-el-8  el_after_av_social_share  el_before_av_comments_list '><span class='hr-inner ' ><span class='hr-inner-style'><\/span><\/span><\/div>\n<div  class='av-buildercomment  av-blog-meta-html-info-disabled av-blog-meta-tag-disabled  '><\/div>\n","protected":false},"excerpt":{"rendered":"","protected":false},"author":1,"featured_media":33345,"comment_status":"open","ping_status":"open","sticky":false,"template":"","format":"standard","meta":{"footnotes":""},"categories":[38],"tags":[],"class_list":["post-33344","post","type-post","status-publish","format-standard","has-post-thumbnail","hentry","category-regional"],"jetpack_featured_media_url":"https:\/\/radiorevelacionfm.cl\/wp-content\/uploads\/2023\/07\/img-20230727-wa0015-1_optimized.jpg","_links":{"self":[{"href":"https:\/\/radiorevelacionfm.cl\/index.php?rest_route=\/wp\/v2\/posts\/33344","targetHints":{"allow":["GET"]}}],"collection":[{"href":"https:\/\/radiorevelacionfm.cl\/index.php?rest_route=\/wp\/v2\/posts"}],"about":[{"href":"https:\/\/radiorevelacionfm.cl\/index.php?rest_route=\/wp\/v2\/types\/post"}],"author":[{"embeddable":true,"href":"https:\/\/radiorevelacionfm.cl\/index.php?rest_route=\/wp\/v2\/users\/1"}],"replies":[{"embeddable":true,"href":"https:\/\/radiorevelacionfm.cl\/index.php?rest_route=%2Fwp%2Fv2%2Fcomments&post=33344"}],"version-history":[{"count":1,"href":"https:\/\/radiorevelacionfm.cl\/index.php?rest_route=\/wp\/v2\/posts\/33344\/revisions"}],"predecessor-version":[{"id":33346,"href":"https:\/\/radiorevelacionfm.cl\/index.php?rest_route=\/wp\/v2\/posts\/33344\/revisions\/33346"}],"wp:featuredmedia":[{"embeddable":true,"href":"https:\/\/radiorevelacionfm.cl\/index.php?rest_route=\/wp\/v2\/media\/33345"}],"wp:attachment":[{"href":"https:\/\/radiorevelacionfm.cl\/index.php?rest_route=%2Fwp%2Fv2%2Fmedia&parent=33344"}],"wp:term":[{"taxonomy":"category","embeddable":true,"href":"https:\/\/radiorevelacionfm.cl\/index.php?rest_route=%2Fwp%2Fv2%2Fcategories&post=33344"},{"taxonomy":"post_tag","embeddable":true,"href":"https:\/\/radiorevelacionfm.cl\/index.php?rest_route=%2Fwp%2Fv2%2Ftags&post=33344"}],"curies":[{"name":"wp","href":"https:\/\/api.w.org\/{rel}","templated":true}]}}