{"id":33341,"date":"2023-07-28T13:36:11","date_gmt":"2023-07-28T16:36:11","guid":{"rendered":"https:\/\/radiorevelacionfm.cl\/?p=33341"},"modified":"2023-07-28T13:36:11","modified_gmt":"2023-07-28T16:36:11","slug":"puerto-chacabuco-recibira-un-44-mas-de-recaladas-de-cruceros-durante-la-temporada-2023-2024","status":"publish","type":"post","link":"https:\/\/radiorevelacionfm.cl\/?p=33341","title":{"rendered":"Puerto Chacabuco recibir\u00e1 un 44% m\u00e1s de recaladas de cruceros durante la Temporada 2023-2024"},"content":{"rendered":"<div class=\"flex_column av_one_full  flex_column_div av-zero-column-padding first  avia-builder-el-0  el_before_av_one_full  avia-builder-el-first  \" style='border-radius:0px; '><div  class='avia-image-container  av-styling-    avia-builder-el-1  avia-builder-el-no-sibling  avia-align-center '  itemprop=\"image\" itemscope=\"itemscope\" itemtype=\"https:\/\/schema.org\/ImageObject\"  ><div class='avia-image-container-inner'><div class='avia-image-overlay-wrap'><img decoding=\"async\" class='wp-image-33342 avia-img-lazy-loading-not-33342 avia_image' src=\"https:\/\/radiorevelacionfm.cl\/wp-content\/uploads\/2023\/07\/seven-seas-mariner-temporada-2022-2023-1_optimized-1.jpeg\" alt='' title='seven-seas-mariner-temporada-2022-2023-(1)_optimized (1)' height=\"600\" width=\"800\"  itemprop=\"thumbnailUrl\" srcset=\"https:\/\/radiorevelacionfm.cl\/wp-content\/uploads\/2023\/07\/seven-seas-mariner-temporada-2022-2023-1_optimized-1.jpeg 800w, https:\/\/radiorevelacionfm.cl\/wp-content\/uploads\/2023\/07\/seven-seas-mariner-temporada-2022-2023-1_optimized-1-300x225.jpeg 300w, https:\/\/radiorevelacionfm.cl\/wp-content\/uploads\/2023\/07\/seven-seas-mariner-temporada-2022-2023-1_optimized-1-768x576.jpeg 768w, https:\/\/radiorevelacionfm.cl\/wp-content\/uploads\/2023\/07\/seven-seas-mariner-temporada-2022-2023-1_optimized-1-705x529.jpeg 705w, https:\/\/radiorevelacionfm.cl\/wp-content\/uploads\/2023\/07\/seven-seas-mariner-temporada-2022-2023-1_optimized-1-450x338.jpeg 450w, https:\/\/radiorevelacionfm.cl\/wp-content\/uploads\/2023\/07\/seven-seas-mariner-temporada-2022-2023-1_optimized-1-600x450.jpeg 600w\" sizes=\"(max-width: 800px) 100vw, 800px\" \/><\/div><\/div><\/div><\/div><div class=\"flex_column av_one_full  flex_column_div av-zero-column-padding first  avia-builder-el-2  el_after_av_one_full  el_before_av_one_full  column-top-margin\" style='border-radius:0px; '><section class=\"av_textblock_section \"  itemscope=\"itemscope\" itemtype=\"https:\/\/schema.org\/BlogPosting\" itemprop=\"blogPost\" ><div class='avia_textblock  '   itemprop=\"text\" ><p style=\"text-align: center;\"><span style=\"font-size: 18pt;\"><b>Puerto Chacabuco recibir\u00e1 un 44% m\u00e1s de recaladas de cruceros durante la Temporada 2023-2024<\/b><\/span><\/p>\n<div id=\"gtx-trans\" style=\"position: absolute; left: -50px; top: 4.31534px;\">\n<div class=\"gtx-trans-icon\"><\/div>\n<\/div>\n<\/div><\/section><\/div><div class=\"flex_column av_one_full  flex_column_div av-zero-column-padding first  avia-builder-el-4  el_after_av_one_full  el_before_av_hr  column-top-margin\" style='border-radius:0px; '><section class=\"av_textblock_section \"  itemscope=\"itemscope\" itemtype=\"https:\/\/schema.org\/BlogPosting\" itemprop=\"blogPost\" ><div class='avia_textblock  '   itemprop=\"text\" ><p style=\"text-align: justify;\"><i>Presidente de la portuaria estatal detall\u00f3 las distintas gestiones que realizan, a nivel comunal y regional, para promover un mayor desarrollo de la actividad tur\u00edstica. Se espera, pr\u00f3ximamente, sumar recaladas en Melinka y Cisnes.<\/i><\/p>\n<p class=\"v1Marcelo\" style=\"text-align: justify;\">Un estrategia integral para potenciar la actividad de cruceros internacionales, la cual contempla acciones tanto a nivel operativo como estrat\u00e9gico, con alcance local, regional y nacional, e involucrando a distintos actores p\u00fablicos y privados, est\u00e1 impulsando Puerto Chacabuco con el objetivo de incrementar el turismo que llega hasta Ays\u00e9n por v\u00eda mar\u00edtima.<\/p>\n<p class=\"v1Marcelo\" style=\"text-align: justify;\">Por lo pronto, de cara a la Temporada 2023-2024, habr\u00e1 un crecimiento de 44% en la cantidad de recaladas; es decir, seg\u00fan el cronograma hasta ahora confirmado, se estima el arribo de 23 naves de pasajeros durante el ciclo que iniciar\u00e1 en primavera, mejorando as\u00ed sustantivamente las 16 que hubo en el periodo pasado y las apenas 3 de 2021-22, cuando la actividad a\u00fan era impactada enormemente por la crisis sanitaria.<\/p>\n<p class=\"v1Marcelo\" style=\"text-align: justify;\">Seg\u00fan explic\u00f3 Enrique Runin, presidente del directorio de Empresa Portuaria Chacabuco (Emporcha), alrededor de 25 mil visitantes arribar\u00e1n a la regi\u00f3n de Ays\u00e9n en la pr\u00f3xima temporada, tanto a los muelles de la portuaria estatal como a la infraestructura de Oxxean, \u201clo que permite en un horizonte de 2 a 3 a\u00f1os m\u00e1s llegar a los 30 mil pasajeros, que es la cifra cercana al\u00a0<i>peak<\/i>\u00a0que alguna vez tuvo nuestro puerto hace poco m\u00e1s de una d\u00e9cada\u201d.<\/p>\n<p class=\"v1Marcelo\" style=\"text-align: justify;\">\u201cHemos ido armando una estrategia parar lograr que Chacabuco sea un puerto importante para la recalada de cruceros medianos y mayores en el circuito austral, pero tambi\u00e9n dando mucho \u00e9nfasis a que disponemos tambi\u00e9n de capacidad para la recalada de cruceros peque\u00f1os, de menos de 400 pasajeros, en algunos muelles de conectividad o \u2018DOP\u2019 como los que administramos en el litoral norte de la regi\u00f3n\u201d, se\u00f1al\u00f3 Runin.<\/p>\n<p class=\"v1Marcelo\" style=\"text-align: justify;\">En ese sentido, agreg\u00f3, en actividades de promoci\u00f3n nacionales e internacionales -como la asistencia a la Feria Mundial de Cruceros de Seatrade en Fort Lauderdale, Estados Unidos- Emporcha ha desplegado conversaciones y gestiones \u201cpara que las l\u00edneas de lujo o de exploraci\u00f3n, por ejemplo, tambi\u00e9n consideren puertos como Melinka, Cisnes y eventualmente Ra\u00fal Mar\u00edn Balmaceda\u201d, algo que hasta ahora nunca hab\u00eda ocurrido.<\/p>\n<p class=\"v1Marcelo\" style=\"text-align: justify;\">\u201cHoy nos encontramos trabajando con la comunidad, con actores del turismo de las diferentes localidades y queremos involucrar activamente a los municipios. Esperamos que, si no es en esta temporada que viene, en la siguiente s\u00ed estar incorporando al menos un puerto m\u00e1s en la ruta de cruceros de Sudam\u00e9rica\u201d, complement\u00f3 el directivo.<\/p>\n<p class=\"v1Marcelo\" style=\"text-align: justify;\"><b>M\u00c1S GESTIONES<\/b><\/p>\n<p class=\"v1Marcelo\" style=\"text-align: justify;\">Runin desempe\u00f1a adem\u00e1s un rol activo en la materia, como presidente de la Corporaci\u00f3n de Puertos del Cono Sur, instancia que agrupa a una serie de actores p\u00fablicos y privados de todo el pa\u00eds, involucrados en promover los puertos y localidades de Chile como destinos competitivos en los circuitos internacionales de cruceros.<\/p>\n<p class=\"v1Marcelo\" style=\"text-align: justify;\">En esa l\u00ednea, se encuentran impulsando un trabajo con la Subsecretar\u00eda de Turismo y Sernatur que permita intensificar la presencia chilena en espacios como la Feria Seatrade, lo que ver\u00e1 resultados en marzo de 2024 con ocasi\u00f3n de la siguiente edici\u00f3n de este evento. Adem\u00e1s, en agosto concurrir\u00e1n a un seminario en Uruguay para discutir sobre los beneficios regionales de la actividad, buscando sumar una visi\u00f3n \u201csudamericana\u201d conjunta para atraer m\u00e1s l\u00edneas y naves al Cono Sur.<\/p>\n<p class=\"v1Marcelo\" style=\"text-align: justify;\">En paralelo, Runin expondr\u00e1 en calidad de Presidente de la citada corporaci\u00f3n ante la Comisi\u00f3n de Obras P\u00fablicas, Transportes y Telecomunicaciones de la C\u00e1mara de Diputados, respecto de la modificaci\u00f3n de la ley de cabotaje, donde los puertos chilenos apuestan por eliminar la barrera de 400 pasajeros que existe para que cruceros extranjeros de menor tama\u00f1o establezcan circuitos dentro del pa\u00eds.<\/p>\n<p class=\"v1Marcelo\" style=\"text-align: justify;\">\u201cEliminar esta traba puede significar un fuerte impulso para muchos puertos m\u00e1s peque\u00f1os, y para el sector tur\u00edstico y comercial de varias localidades que, si bien no pueden recibir buques de 2 mil pasajeros, s\u00ed pueden recibir naves peque\u00f1as de 150 o 200 pasajeros, y as\u00ed desarrollar toda una red de recorrido en distintas partes de chile\u201d, indic\u00f3 el presidente de Puerto Chacabuco.<\/p>\n<p class=\"v1Marcelo\" style=\"text-align: justify;\">La apuesta es replicar a nivel nacional algo que se ha venido impulsando en Ays\u00e9n para lograr que lleguen m\u00e1s cruceros, y que adem\u00e1s el gasto per c\u00e1pita de los turistas sea mayor, aumentando as\u00ed el beneficio a todos los actores involucrados. \u201cEste negocio tiene la particularidad de ser muy distributivo hacia emprendedores peque\u00f1os, artesanos, gente dedicada al transporte, peque\u00f1os restoranes, comercio local. Es un negocio que deja recursos a muchas personas, no se concentra en grandes prestadores\u201d, explic\u00f3 el presidente de Emporcha.<\/p>\n<p class=\"v1Marcelo\" style=\"text-align: justify;\">\u201cCon esa mirada seguimos trabajando, a nivel comunal, por ejemplo, en el comit\u00e9 de trabajo con Puerto Ays\u00e9n para promover el turismo local y mejorar los servicios y seguridad de los visitantes; y por otra parte a nivel regional, con el Seremi de Econom\u00eda y el Gobierno Regional, con acciones de largo plazo y un programa que busca posicionar a Ays\u00e9n como oferta tur\u00edstica de alcance internacional, con una mesa regional que esperamos conformar dentro de 2 a 3 meses\u201d, adelant\u00f3.<\/p>\n<\/div><\/section><\/div><div  style='height:50px' class='hr hr-invisible   avia-builder-el-6  el_after_av_one_full  el_before_av_social_share '><span class='hr-inner ' ><span class='hr-inner-style'><\/span><\/span><\/div><\/p>\n<div  class='av-social-sharing-box  avia-builder-el-7  el_after_av_hr  el_before_av_hr  '><div class='av-share-box'><h5 class='av-share-link-description av-no-toc '>Compartir esta noticia<\/h5><ul class='av-share-box-list noLightbox'><li class='av-share-link av-social-link-facebook' ><a target=\"_blank\" aria-label=\"Compartir en Facebook\" href='https:\/\/www.facebook.com\/sharer.php?u=https:\/\/radiorevelacionfm.cl\/?p=33341&#038;t=Puerto%20Chacabuco%20recibir%C3%A1%20un%2044%25%20m%C3%A1s%20de%20recaladas%20de%20cruceros%20durante%20la%20Temporada%202023-2024' aria-hidden='false' data-av_icon='\ue8f3' data-av_iconfont='entypo-fontello' title='' data-avia-related-tooltip='Compartir en Facebook' rel=\"noopener\"><span class='avia_hidden_link_text'>Compartir en Facebook<\/span><\/a><\/li><li class='av-share-link av-social-link-twitter' ><a target=\"_blank\" aria-label=\"Compartir en Twitter\" href='https:\/\/twitter.com\/share?text=Puerto%20Chacabuco%20recibir%C3%A1%20un%2044%25%20m%C3%A1s%20de%20recaladas%20de%20cruceros%20durante%20la%20Temporada%202023-2024&#038;url=https:\/\/radiorevelacionfm.cl\/?p=33341' aria-hidden='false' data-av_icon='\ue8f1' data-av_iconfont='entypo-fontello' title='' data-avia-related-tooltip='Compartir en Twitter' rel=\"noopener\"><span class='avia_hidden_link_text'>Compartir en Twitter<\/span><\/a><\/li><li class='av-share-link av-social-link-whatsapp' ><a target=\"_blank\" aria-label=\"Compartir en Whatsapp\" href='https:\/\/api.whatsapp.com\/send?text=https:\/\/radiorevelacionfm.cl\/?p=33341' aria-hidden='false' data-av_icon='\uf232' data-av_iconfont='entypo-fontello' title='' data-avia-related-tooltip='Compartir en Whatsapp' rel=\"noopener\"><span class='avia_hidden_link_text'>Compartir en Whatsapp<\/span><\/a><\/li><li class='av-share-link av-social-link-linkedin' ><a target=\"_blank\" aria-label=\"Compartir en LinkedIn\" href='https:\/\/linkedin.com\/shareArticle?mini=true&#038;title=Puerto%20Chacabuco%20recibir%C3%A1%20un%2044%25%20m%C3%A1s%20de%20recaladas%20de%20cruceros%20durante%20la%20Temporada%202023-2024&#038;url=https:\/\/radiorevelacionfm.cl\/?p=33341' aria-hidden='false' data-av_icon='\ue8fc' data-av_iconfont='entypo-fontello' title='' data-avia-related-tooltip='Compartir en LinkedIn' rel=\"noopener\"><span class='avia_hidden_link_text'>Compartir en LinkedIn<\/span><\/a><\/li><li class='av-share-link av-social-link-mail' ><a  aria-label=\"Compartir por correo\" href='mailto:?subject=Puerto%20Chacabuco%20recibir%C3%A1%20un%2044%25%20m%C3%A1s%20de%20recaladas%20de%20cruceros%20durante%20la%20Temporada%202023-2024&#038;body=https:\/\/radiorevelacionfm.cl\/?p=33341' aria-hidden='false' data-av_icon='\ue805' data-av_iconfont='entypo-fontello' title='' data-avia-related-tooltip='Compartir por correo'><span class='avia_hidden_link_text'>Compartir por correo<\/span><\/a><\/li><\/ul><\/div><\/div>\n<div  style='height:50px' class='hr hr-invisible   avia-builder-el-8  el_after_av_social_share  el_before_av_comments_list '><span class='hr-inner ' ><span class='hr-inner-style'><\/span><\/span><\/div>\n<div  class='av-buildercomment  av-blog-meta-html-info-disabled av-blog-meta-tag-disabled  '><\/div>\n","protected":false},"excerpt":{"rendered":"","protected":false},"author":1,"featured_media":33342,"comment_status":"open","ping_status":"open","sticky":false,"template":"","format":"standard","meta":{"footnotes":""},"categories":[38],"tags":[],"class_list":["post-33341","post","type-post","status-publish","format-standard","has-post-thumbnail","hentry","category-regional"],"jetpack_featured_media_url":"https:\/\/radiorevelacionfm.cl\/wp-content\/uploads\/2023\/07\/seven-seas-mariner-temporada-2022-2023-1_optimized-1.jpeg","_links":{"self":[{"href":"https:\/\/radiorevelacionfm.cl\/index.php?rest_route=\/wp\/v2\/posts\/33341","targetHints":{"allow":["GET"]}}],"collection":[{"href":"https:\/\/radiorevelacionfm.cl\/index.php?rest_route=\/wp\/v2\/posts"}],"about":[{"href":"https:\/\/radiorevelacionfm.cl\/index.php?rest_route=\/wp\/v2\/types\/post"}],"author":[{"embeddable":true,"href":"https:\/\/radiorevelacionfm.cl\/index.php?rest_route=\/wp\/v2\/users\/1"}],"replies":[{"embeddable":true,"href":"https:\/\/radiorevelacionfm.cl\/index.php?rest_route=%2Fwp%2Fv2%2Fcomments&post=33341"}],"version-history":[{"count":1,"href":"https:\/\/radiorevelacionfm.cl\/index.php?rest_route=\/wp\/v2\/posts\/33341\/revisions"}],"predecessor-version":[{"id":33343,"href":"https:\/\/radiorevelacionfm.cl\/index.php?rest_route=\/wp\/v2\/posts\/33341\/revisions\/33343"}],"wp:featuredmedia":[{"embeddable":true,"href":"https:\/\/radiorevelacionfm.cl\/index.php?rest_route=\/wp\/v2\/media\/33342"}],"wp:attachment":[{"href":"https:\/\/radiorevelacionfm.cl\/index.php?rest_route=%2Fwp%2Fv2%2Fmedia&parent=33341"}],"wp:term":[{"taxonomy":"category","embeddable":true,"href":"https:\/\/radiorevelacionfm.cl\/index.php?rest_route=%2Fwp%2Fv2%2Fcategories&post=33341"},{"taxonomy":"post_tag","embeddable":true,"href":"https:\/\/radiorevelacionfm.cl\/index.php?rest_route=%2Fwp%2Fv2%2Ftags&post=33341"}],"curies":[{"name":"wp","href":"https:\/\/api.w.org\/{rel}","templated":true}]}}