{"id":33336,"date":"2023-07-30T13:45:01","date_gmt":"2023-07-30T16:45:01","guid":{"rendered":"https:\/\/radiorevelacionfm.cl\/?p=33336"},"modified":"2023-07-30T13:45:01","modified_gmt":"2023-07-30T16:45:01","slug":"realizan-actividad-de-difusion-para-relevar-la-importancia-de-denunciar-el-delito-de-trata-de-personas-en-nuestra-region","status":"publish","type":"post","link":"https:\/\/radiorevelacionfm.cl\/?p=33336","title":{"rendered":"Realizan actividad de difusi\u00f3n para relevar la importancia de denunciar el delito de Trata de Personas en nuestra regi\u00f3n"},"content":{"rendered":"<div class=\"flex_column av_one_full  flex_column_div av-zero-column-padding first  avia-builder-el-0  el_before_av_one_full  avia-builder-el-first  \" style='border-radius:0px; '><div  class='avia-image-container  av-styling-    avia-builder-el-1  avia-builder-el-no-sibling  avia-align-center '  itemprop=\"image\" itemscope=\"itemscope\" itemtype=\"https:\/\/schema.org\/ImageObject\"  ><div class='avia-image-container-inner'><div class='avia-image-overlay-wrap'><img decoding=\"async\" class='wp-image-33337 avia-img-lazy-loading-not-33337 avia_image' src=\"https:\/\/radiorevelacionfm.cl\/wp-content\/uploads\/2023\/07\/Actividad-de-difusion-trata-de-personas-2-1-1.jpg\" alt='' title='Actividad de difusi\u00f3n trata de personas 2 (1) (1)' height=\"600\" width=\"800\"  itemprop=\"thumbnailUrl\" srcset=\"https:\/\/radiorevelacionfm.cl\/wp-content\/uploads\/2023\/07\/Actividad-de-difusion-trata-de-personas-2-1-1.jpg 800w, https:\/\/radiorevelacionfm.cl\/wp-content\/uploads\/2023\/07\/Actividad-de-difusion-trata-de-personas-2-1-1-300x225.jpg 300w, https:\/\/radiorevelacionfm.cl\/wp-content\/uploads\/2023\/07\/Actividad-de-difusion-trata-de-personas-2-1-1-768x576.jpg 768w, https:\/\/radiorevelacionfm.cl\/wp-content\/uploads\/2023\/07\/Actividad-de-difusion-trata-de-personas-2-1-1-705x529.jpg 705w, https:\/\/radiorevelacionfm.cl\/wp-content\/uploads\/2023\/07\/Actividad-de-difusion-trata-de-personas-2-1-1-450x338.jpg 450w, https:\/\/radiorevelacionfm.cl\/wp-content\/uploads\/2023\/07\/Actividad-de-difusion-trata-de-personas-2-1-1-600x450.jpg 600w\" sizes=\"(max-width: 800px) 100vw, 800px\" \/><\/div><\/div><\/div><\/div><div class=\"flex_column av_one_full  flex_column_div av-zero-column-padding first  avia-builder-el-2  el_after_av_one_full  el_before_av_one_full  column-top-margin\" style='border-radius:0px; '><section class=\"av_textblock_section \"  itemscope=\"itemscope\" itemtype=\"https:\/\/schema.org\/BlogPosting\" itemprop=\"blogPost\" ><div class='avia_textblock  '   itemprop=\"text\" ><p style=\"text-align: center;\"><strong><span style=\"font-size: 18pt;\">Realizan actividad de difusi\u00f3n para relevar la importancia de denunciar el delito de Trata de Personas en nuestra regi\u00f3n<\/span><\/strong><\/p>\n<div id=\"gtx-trans\" style=\"position: absolute; left: -50px; top: 4.31534px;\">\n<div class=\"gtx-trans-icon\"><\/div>\n<\/div>\n<\/div><\/section><\/div><div class=\"flex_column av_one_full  flex_column_div av-zero-column-padding first  avia-builder-el-4  el_after_av_one_full  el_before_av_hr  column-top-margin\" style='border-radius:0px; '><section class=\"av_textblock_section \"  itemscope=\"itemscope\" itemtype=\"https:\/\/schema.org\/BlogPosting\" itemprop=\"blogPost\" ><div class='avia_textblock  '   itemprop=\"text\" ><p style=\"text-align: justify;\">Sensibilizar y hacer un llamado a la poblaci\u00f3n a denunciar el delito de trata de personas, fue el objetivo de la actividad de difusi\u00f3n desarrollada la ma\u00f1ana de ayer en inmediaciones de la Plaza de Armas de Coyhaique, instancia que fue organizada por la Mesa Intersectorial de Trata de Personas, la Secretar\u00eda Regional Ministerial de Justicia y DD.HH, el Servicio de Migraciones y la Delegaci\u00f3n Presidencial Regional, esto en el marco del D\u00eda Mundial contra la Trata de Personas que se conmemora el pr\u00f3ximo domingo 30 de Julio.<\/p>\n<p style=\"text-align: justify;\">Cabe mencionar que la trata de personas, es un delito en nuestro pa\u00eds que fue incorporado a la legislaci\u00f3n chilena a trav\u00e9s de la Ley N\u00b0 20.507 del a\u00f1o 2011, y que consiste en captar, trasladar, acoger o recibir una persona mediante violencia o enga\u00f1o, para someterla a explotaci\u00f3n sexual, incluyendo la prostituci\u00f3n y la pornograf\u00eda forzada, trabajos o servicios forzados, servidumbre, esclavitud o pr\u00e1cticas an\u00e1logas a \u00e9sta o extracci\u00f3n de \u00f3rganos, constituyendo una de las m\u00e1s graves violaciones a los DD.HH, pues vulnera la dignidad y libertad de una persona, afectando su integridad f\u00edsica y ps\u00edquica.<\/p>\n<p style=\"text-align: justify;\">El Seremi de Justicia y Derechos Humanos (s) Hans Zimmermann Due\u00f1as explic\u00f3 que \u201cConmemorar el D\u00eda Mundial contra la Trata de Personas desde la Serem\u00eda de Justicia y Derechos Humanos es sumamente relevante, pues est\u00e1 relacionado con la articulaci\u00f3n intersectorial que hemos venido promoviendo con otros servicios en pos de la prevenci\u00f3n de este delito, pues hemos visto como el delito de Trata de Personas ha ido en aumento en nuestro pa\u00eds, no as\u00ed a nivel regional, pero s\u00ed representa una preocupaci\u00f3n latente para el Estado y nuestro Gobierno en particular, recientemente en la regi\u00f3n de Magallanes un ciudadano chileno fue condenado por este delito, por someter a ciudadanos extranjeros a trabajos forzados, siendo condenado finalmente a 5 a\u00f1os y 1 d\u00eda de presidio efectivo, en definitiva hablar hoy d\u00eda de Trata de Personas, hablar de esta forma de esclavitud moderna y hacer difusi\u00f3n de este tipo de delitos en pos de la prevenci\u00f3n es muy importante para que la gente conozca, se informe y para que tambi\u00e9n quienes pudiesen estar viviendo una situaci\u00f3n de esta naturaleza se animen a denunciar, es importante saber que uno de los elementos de este delito dice relaci\u00f3n con el enga\u00f1o de la v\u00edctima, quien termina prestando su consentimiento a trav\u00e9s de este enga\u00f1o impidi\u00e9ndole ser consciente que est\u00e1 sometida a trabajos forzados, explotaci\u00f3n sexual e incluso la esclavitud, entonces hacer conciencia sobre el valor y el respeto a los derechos humanos, de la dignidad humana, el derecho a la vida y a la integridad f\u00edsica y ps\u00edquica es una de nuestras misiones y por eso es tan importante hablar y educar sobre delitos que atentan directamente contra derechos de esta categor\u00eda\u201d.<\/p>\n<p style=\"text-align: justify;\">Mientras que el Director Regional del Servicio Nacional de Migraciones, Israel Villavicencio explic\u00f3 que \u201ces un d\u00eda muy importante el 30 de julio y es por ello que a nivel nacional la Mesa Intersectorial de Trata de Personas ha convocado el d\u00eda de hoy en la ma\u00f1ana en plazas y lugares con afluencia de p\u00fablico a lo largo de nuestro pa\u00eds para conmemorar difundiendo e informando a las personas que transitan para se\u00f1alarle la importancia de este delito, es un delito con caracter\u00edsticas especiales en la que las propias v\u00edctimas no se auto representan como tal, lo que dificulta la persecuci\u00f3n tanto de la fiscal\u00eda como de las polic\u00edas en nuestro pa\u00eds, es muy importante que las personas sepan que este delito sigue existiendo, que es un delito permanente y que hay que denunciar sin ninguna duda\u201d.<\/p>\n<p style=\"text-align: justify;\">Mientras que la Coordinadora Regional de Seguridad P\u00fablica Camila Covarrubias destac\u00f3 que \u201ces de suma relevancia poder conmemorar este d\u00eda y poder dar a conocer a la poblaci\u00f3n de que se trata ese delito y c\u00f3mo podemos tambi\u00e9n denunciar a tiempo y poder proteger a las v\u00edctimas de estos delitos, haciendo una denuncia formal a trav\u00e9s nuestro programa Denuncia Seguro de la Subsecretar\u00eda del Delito marcando *4242, que es un n\u00famero de denuncia an\u00f3nimo y gratuito desde celulares, funciona las 24 horas del d\u00eda, los 365 d\u00edas del a\u00f1o, como servicio trabajamos activamente en esta mesa de trabajo para poder mantener por una parte informada a la poblaci\u00f3n de c\u00f3mo prevenir situaciones de este tipo, y para que los extranjeros que est\u00e1n en nuestro pa\u00eds o los propio chilenos no sean v\u00edctimas de este delito\u201d.<\/p>\n<p style=\"text-align: justify;\">Ahora, respecto a las denuncias, Israel Villavivencio fue enf\u00e1tico en se\u00f1alar que \u201clas personas pueden hacer sus denuncias en cualquiera de las dos polic\u00edas ya sea Carabineros o la PDI, en la propia Fiscal\u00eda, y adem\u00e1s est\u00e1n los distintos servicios que tomamos representaci\u00f3n en esta mesa intersectorial o una importancia t\u00e9cnica como es el Servicio Nacional de Migraciones, la Coordinaci\u00f3n Regional de Seguridad P\u00fablica, el Centro de Apoyo a V\u00edctimas, la propia delegaci\u00f3n regional, somos servicios que estamos atentos a las denuncias que puedan hacer los usuarios, adem\u00e1s de orientarlos y apoyarlos para que lo lleven a cabo\u201d.<\/p>\n<p style=\"text-align: justify;\">Finalmente, cabe precisar que en esta actividad estuvieron presente los servicios e instituciones integrantes de la Mesa Intersectorial de Trata de Personas a nivel regional como Delegaci\u00f3n Presidencial Regional, Seremi de Justicia y Derechos Humanos, Servicio Nacional de Migraciones, Programa Mi Abogado, Seremi del Trabajo y Previsi\u00f3n Social, Centro de Apoyo a V\u00edctimas, Direcci\u00f3n del Trabajo, Instituto Nacional de Derechos Humanos, Seremi de Desarrollo Social y Familia, Carabineros y Defensor\u00eda de la Ni\u00f1ez.<\/p>\n<\/div><\/section><\/div><div  style='height:50px' class='hr hr-invisible   avia-builder-el-6  el_after_av_one_full  el_before_av_social_share '><span class='hr-inner ' ><span class='hr-inner-style'><\/span><\/span><\/div><\/p>\n<div  class='av-social-sharing-box  avia-builder-el-7  el_after_av_hr  el_before_av_hr  '><div class='av-share-box'><h5 class='av-share-link-description av-no-toc '>Compartir esta noticia<\/h5><ul class='av-share-box-list noLightbox'><li class='av-share-link av-social-link-facebook' ><a target=\"_blank\" aria-label=\"Compartir en Facebook\" href='https:\/\/www.facebook.com\/sharer.php?u=https:\/\/radiorevelacionfm.cl\/?p=33336&#038;t=Realizan%20actividad%20de%20difusi%C3%B3n%20para%20relevar%20la%20importancia%20de%20denunciar%20el%20delito%20de%20Trata%20de%20Personas%20en%20nuestra%20regi%C3%B3n' aria-hidden='false' data-av_icon='\ue8f3' data-av_iconfont='entypo-fontello' title='' data-avia-related-tooltip='Compartir en Facebook' rel=\"noopener\"><span class='avia_hidden_link_text'>Compartir en Facebook<\/span><\/a><\/li><li class='av-share-link av-social-link-twitter' ><a target=\"_blank\" aria-label=\"Compartir en Twitter\" href='https:\/\/twitter.com\/share?text=Realizan%20actividad%20de%20difusi%C3%B3n%20para%20relevar%20la%20importancia%20de%20denunciar%20el%20delito%20de%20Trata%20de%20Personas%20en%20nuestra%20regi%C3%B3n&#038;url=https:\/\/radiorevelacionfm.cl\/?p=33336' aria-hidden='false' data-av_icon='\ue8f1' data-av_iconfont='entypo-fontello' title='' data-avia-related-tooltip='Compartir en Twitter' rel=\"noopener\"><span class='avia_hidden_link_text'>Compartir en Twitter<\/span><\/a><\/li><li class='av-share-link av-social-link-whatsapp' ><a target=\"_blank\" aria-label=\"Compartir en Whatsapp\" href='https:\/\/api.whatsapp.com\/send?text=https:\/\/radiorevelacionfm.cl\/?p=33336' aria-hidden='false' data-av_icon='\uf232' data-av_iconfont='entypo-fontello' title='' data-avia-related-tooltip='Compartir en Whatsapp' rel=\"noopener\"><span class='avia_hidden_link_text'>Compartir en Whatsapp<\/span><\/a><\/li><li class='av-share-link av-social-link-linkedin' ><a target=\"_blank\" aria-label=\"Compartir en LinkedIn\" href='https:\/\/linkedin.com\/shareArticle?mini=true&#038;title=Realizan%20actividad%20de%20difusi%C3%B3n%20para%20relevar%20la%20importancia%20de%20denunciar%20el%20delito%20de%20Trata%20de%20Personas%20en%20nuestra%20regi%C3%B3n&#038;url=https:\/\/radiorevelacionfm.cl\/?p=33336' aria-hidden='false' data-av_icon='\ue8fc' data-av_iconfont='entypo-fontello' title='' data-avia-related-tooltip='Compartir en LinkedIn' rel=\"noopener\"><span class='avia_hidden_link_text'>Compartir en LinkedIn<\/span><\/a><\/li><li class='av-share-link av-social-link-mail' ><a  aria-label=\"Compartir por correo\" href='mailto:?subject=Realizan%20actividad%20de%20difusi%C3%B3n%20para%20relevar%20la%20importancia%20de%20denunciar%20el%20delito%20de%20Trata%20de%20Personas%20en%20nuestra%20regi%C3%B3n&#038;body=https:\/\/radiorevelacionfm.cl\/?p=33336' aria-hidden='false' data-av_icon='\ue805' data-av_iconfont='entypo-fontello' title='' data-avia-related-tooltip='Compartir por correo'><span class='avia_hidden_link_text'>Compartir por correo<\/span><\/a><\/li><\/ul><\/div><\/div>\n<div  style='height:50px' class='hr hr-invisible   avia-builder-el-8  el_after_av_social_share  el_before_av_comments_list '><span class='hr-inner ' ><span class='hr-inner-style'><\/span><\/span><\/div>\n<div  class='av-buildercomment  av-blog-meta-html-info-disabled av-blog-meta-tag-disabled  '><\/div>\n","protected":false},"excerpt":{"rendered":"","protected":false},"author":1,"featured_media":33337,"comment_status":"open","ping_status":"open","sticky":false,"template":"","format":"standard","meta":{"footnotes":""},"categories":[55],"tags":[],"class_list":["post-33336","post","type-post","status-publish","format-standard","has-post-thumbnail","hentry","category-justicia"],"jetpack_featured_media_url":"https:\/\/radiorevelacionfm.cl\/wp-content\/uploads\/2023\/07\/Actividad-de-difusion-trata-de-personas-2-1-1.jpg","_links":{"self":[{"href":"https:\/\/radiorevelacionfm.cl\/index.php?rest_route=\/wp\/v2\/posts\/33336","targetHints":{"allow":["GET"]}}],"collection":[{"href":"https:\/\/radiorevelacionfm.cl\/index.php?rest_route=\/wp\/v2\/posts"}],"about":[{"href":"https:\/\/radiorevelacionfm.cl\/index.php?rest_route=\/wp\/v2\/types\/post"}],"author":[{"embeddable":true,"href":"https:\/\/radiorevelacionfm.cl\/index.php?rest_route=\/wp\/v2\/users\/1"}],"replies":[{"embeddable":true,"href":"https:\/\/radiorevelacionfm.cl\/index.php?rest_route=%2Fwp%2Fv2%2Fcomments&post=33336"}],"version-history":[{"count":1,"href":"https:\/\/radiorevelacionfm.cl\/index.php?rest_route=\/wp\/v2\/posts\/33336\/revisions"}],"predecessor-version":[{"id":33338,"href":"https:\/\/radiorevelacionfm.cl\/index.php?rest_route=\/wp\/v2\/posts\/33336\/revisions\/33338"}],"wp:featuredmedia":[{"embeddable":true,"href":"https:\/\/radiorevelacionfm.cl\/index.php?rest_route=\/wp\/v2\/media\/33337"}],"wp:attachment":[{"href":"https:\/\/radiorevelacionfm.cl\/index.php?rest_route=%2Fwp%2Fv2%2Fmedia&parent=33336"}],"wp:term":[{"taxonomy":"category","embeddable":true,"href":"https:\/\/radiorevelacionfm.cl\/index.php?rest_route=%2Fwp%2Fv2%2Fcategories&post=33336"},{"taxonomy":"post_tag","embeddable":true,"href":"https:\/\/radiorevelacionfm.cl\/index.php?rest_route=%2Fwp%2Fv2%2Ftags&post=33336"}],"curies":[{"name":"wp","href":"https:\/\/api.w.org\/{rel}","templated":true}]}}