{"id":33330,"date":"2023-07-28T13:21:26","date_gmt":"2023-07-28T16:21:26","guid":{"rendered":"https:\/\/radiorevelacionfm.cl\/?p=33330"},"modified":"2023-07-28T14:32:49","modified_gmt":"2023-07-28T17:32:49","slug":"solicitan-a-ministra-de-defensa-operativo-medico-de-la-armada-para-comunidad-de-guaitecas","status":"publish","type":"post","link":"https:\/\/radiorevelacionfm.cl\/?p=33330","title":{"rendered":"Solicitan a ministra de Defensa operativo m\u00e9dico de la armada para comunidad de Guaitecas"},"content":{"rendered":"<div class=\"flex_column av_one_full  flex_column_div av-zero-column-padding first  avia-builder-el-0  el_before_av_one_full  avia-builder-el-first  \" style='border-radius:0px; '><div  class='avia-image-container  av-styling-    avia-builder-el-1  avia-builder-el-no-sibling  avia-align-center '  itemprop=\"image\" itemscope=\"itemscope\" itemtype=\"https:\/\/schema.org\/ImageObject\"  ><div class='avia-image-container-inner'><div class='avia-image-overlay-wrap'><img decoding=\"async\" class='wp-image-33347 avia-img-lazy-loading-not-33347 avia_image' src=\"https:\/\/radiorevelacionfm.cl\/wp-content\/uploads\/2023\/07\/IMG-Alcalde-y-Concejales-Melinka1-1-1.jpg\" alt='' title='IMG-Alcalde y Concejales Melinka(1) (1) (1)' height=\"600\" width=\"882\"  itemprop=\"thumbnailUrl\" srcset=\"https:\/\/radiorevelacionfm.cl\/wp-content\/uploads\/2023\/07\/IMG-Alcalde-y-Concejales-Melinka1-1-1.jpg 882w, https:\/\/radiorevelacionfm.cl\/wp-content\/uploads\/2023\/07\/IMG-Alcalde-y-Concejales-Melinka1-1-1-300x204.jpg 300w, https:\/\/radiorevelacionfm.cl\/wp-content\/uploads\/2023\/07\/IMG-Alcalde-y-Concejales-Melinka1-1-1-768x522.jpg 768w, https:\/\/radiorevelacionfm.cl\/wp-content\/uploads\/2023\/07\/IMG-Alcalde-y-Concejales-Melinka1-1-1-705x480.jpg 705w, https:\/\/radiorevelacionfm.cl\/wp-content\/uploads\/2023\/07\/IMG-Alcalde-y-Concejales-Melinka1-1-1-450x306.jpg 450w, https:\/\/radiorevelacionfm.cl\/wp-content\/uploads\/2023\/07\/IMG-Alcalde-y-Concejales-Melinka1-1-1-600x408.jpg 600w\" sizes=\"(max-width: 882px) 100vw, 882px\" \/><\/div><\/div><\/div><\/div><div class=\"flex_column av_one_full  flex_column_div av-zero-column-padding first  avia-builder-el-2  el_after_av_one_full  el_before_av_one_full  column-top-margin\" style='border-radius:0px; '><section class=\"av_textblock_section \"  itemscope=\"itemscope\" itemtype=\"https:\/\/schema.org\/BlogPosting\" itemprop=\"blogPost\" ><div class='avia_textblock  '   itemprop=\"text\" ><p style=\"text-align: center;\"><strong><span style=\"font-size: 18pt;\">Solicitan a ministra de Defensa operativo m\u00e9dico de la armada para comunidad de Guaitecas<\/span><\/strong><\/p>\n<div id=\"gtx-trans\" style=\"position: absolute; left: -50px; top: 4.31534px;\">\n<div class=\"gtx-trans-icon\"><\/div>\n<\/div>\n<\/div><\/section><\/div><\/p>\n<div class=\"flex_column av_one_full  flex_column_div av-zero-column-padding first  avia-builder-el-4  el_after_av_one_full  el_before_av_hr  column-top-margin\" style='border-radius:0px; '><section class=\"av_textblock_section \"  itemscope=\"itemscope\" itemtype=\"https:\/\/schema.org\/BlogPosting\" itemprop=\"blogPost\" ><div class='avia_textblock  '   itemprop=\"text\" ><p style=\"text-align: justify;\">Colaboraciones de las Fuerzas Armadas en varios temas de inter\u00e9s de la comuna de Guaitecas gestion\u00f3 el alcalde Marcos Silva con la ministra de defensa, Maya Fern\u00e1ndez, en una reuni\u00f3n que junto a los concejales Jocelyn Hern\u00e1ndez y Omar Vera sostuvo durante esta semana en Santiago, como parte de una serie de reuniones que la autoridad comunal agend\u00f3 por algunos d\u00edas en Santiago.<\/p>\n<p style=\"text-align: justify;\">Una solicitud puntual, dijo el alcalde Silva tras ser recibido por la ministra Fern\u00e1ndez, fue organizar un operativo m\u00e9dico con La Armada, para abordar algunas brechas que hay en materia de acceso a la salud en la comuna.<\/p>\n<p style=\"text-align: justify;\">\u201cC\u00f3mo hacemos llegar un operativo m\u00e9dico con alg\u00fan buque de La Armada que permita prestar atenciones durante este a\u00f1o, da lo mismo el mes que sea, pero lo importante es que se pueda desarrollar durante este a\u00f1o, pues desde el a\u00f1o 2016 no se ha realizado un operativo m\u00e9dico por parte de La Armada en la Regi\u00f3n de Ays\u00e9n y ser\u00eda bueno hacerlo en la puerta norte de la regi\u00f3n, en este caso en Melinka y poder atender varias patolog\u00edas y si es posible desarrollar algunas intervenciones quir\u00fargicas, que son algunos de los temas que le hemos manifestado a la ministra de defensa\u201d, dijo el alcalde Silva.<\/p>\n<p style=\"text-align: justify;\">Por otro lado, a\u00f1adi\u00f3 la autoridad comunal, se le solicit\u00f3 a la ministra de defensa cooperaci\u00f3n del Ej\u00e9rcito en el traslado de le\u00f1a que hace un tiempo se destin\u00f3 para familias de la comuna de Guaitecas como parte de un convenio entre la municipalidad, CONAF y el Gobierno Regional, pero que debe ser trasladada desde Puerto Cisnes a Melinka para distribuirla principalmente entre personas mayores de la comuna.<\/p>\n<p style=\"text-align: justify;\">\u201cC\u00f3mo articular con camiones del Ej\u00e9rcito el traslado de una le\u00f1a desde Puerto Cisnes a Melinka y hemos dado a conocer las situaciones particulares que se viven en nuestra comuna, siendo la puerta de entrada la Regi\u00f3n de Ays\u00e9n\u201d, dijo el alcalde de Guaitecas Marcos Silva quien se manifest\u00f3 muy agradecido por la acogida que la ministra Maya Fern\u00e1ndez tuvo respecto a este y a otras inquietudes que juntos a los concejales Jocelyn Hern\u00e1ndez y Omar Vera le manifestaron a la titular de Defensa.<\/p>\n<\/div><\/section><\/div>\n<div  style='height:50px' class='hr hr-invisible   avia-builder-el-6  el_after_av_one_full  el_before_av_social_share '><span class='hr-inner ' ><span class='hr-inner-style'><\/span><\/span><\/div>\n<div  class='av-social-sharing-box  avia-builder-el-7  el_after_av_hr  el_before_av_hr  '><div class='av-share-box'><h5 class='av-share-link-description av-no-toc '>Compartir esta noticia<\/h5><ul class='av-share-box-list noLightbox'><li class='av-share-link av-social-link-facebook' ><a target=\"_blank\" aria-label=\"Compartir en Facebook\" href='https:\/\/www.facebook.com\/sharer.php?u=https:\/\/radiorevelacionfm.cl\/?p=33330&#038;t=Solicitan%20a%20ministra%20de%20Defensa%20operativo%20m%C3%A9dico%20de%20la%20armada%20para%20comunidad%20de%20Guaitecas' aria-hidden='false' data-av_icon='\ue8f3' data-av_iconfont='entypo-fontello' title='' data-avia-related-tooltip='Compartir en Facebook' rel=\"noopener\"><span class='avia_hidden_link_text'>Compartir en Facebook<\/span><\/a><\/li><li class='av-share-link av-social-link-twitter' ><a target=\"_blank\" aria-label=\"Compartir en Twitter\" href='https:\/\/twitter.com\/share?text=Solicitan%20a%20ministra%20de%20Defensa%20operativo%20m%C3%A9dico%20de%20la%20armada%20para%20comunidad%20de%20Guaitecas&#038;url=https:\/\/radiorevelacionfm.cl\/?p=33330' aria-hidden='false' data-av_icon='\ue8f1' data-av_iconfont='entypo-fontello' title='' data-avia-related-tooltip='Compartir en Twitter' rel=\"noopener\"><span class='avia_hidden_link_text'>Compartir en Twitter<\/span><\/a><\/li><li class='av-share-link av-social-link-whatsapp' ><a target=\"_blank\" aria-label=\"Compartir en Whatsapp\" href='https:\/\/api.whatsapp.com\/send?text=https:\/\/radiorevelacionfm.cl\/?p=33330' aria-hidden='false' data-av_icon='\uf232' data-av_iconfont='entypo-fontello' title='' data-avia-related-tooltip='Compartir en Whatsapp' rel=\"noopener\"><span class='avia_hidden_link_text'>Compartir en Whatsapp<\/span><\/a><\/li><li class='av-share-link av-social-link-linkedin' ><a target=\"_blank\" aria-label=\"Compartir en LinkedIn\" href='https:\/\/linkedin.com\/shareArticle?mini=true&#038;title=Solicitan%20a%20ministra%20de%20Defensa%20operativo%20m%C3%A9dico%20de%20la%20armada%20para%20comunidad%20de%20Guaitecas&#038;url=https:\/\/radiorevelacionfm.cl\/?p=33330' aria-hidden='false' data-av_icon='\ue8fc' data-av_iconfont='entypo-fontello' title='' data-avia-related-tooltip='Compartir en LinkedIn' rel=\"noopener\"><span class='avia_hidden_link_text'>Compartir en LinkedIn<\/span><\/a><\/li><li class='av-share-link av-social-link-mail' ><a  aria-label=\"Compartir por correo\" href='mailto:?subject=Solicitan%20a%20ministra%20de%20Defensa%20operativo%20m%C3%A9dico%20de%20la%20armada%20para%20comunidad%20de%20Guaitecas&#038;body=https:\/\/radiorevelacionfm.cl\/?p=33330' aria-hidden='false' data-av_icon='\ue805' data-av_iconfont='entypo-fontello' title='' data-avia-related-tooltip='Compartir por correo'><span class='avia_hidden_link_text'>Compartir por correo<\/span><\/a><\/li><\/ul><\/div><\/div>\n<div  style='height:50px' class='hr hr-invisible   avia-builder-el-8  el_after_av_social_share  el_before_av_comments_list '><span class='hr-inner ' ><span class='hr-inner-style'><\/span><\/span><\/div>\n<div  class='av-buildercomment  av-blog-meta-html-info-disabled av-blog-meta-tag-disabled  '><\/div>\n","protected":false},"excerpt":{"rendered":"","protected":false},"author":1,"featured_media":33347,"comment_status":"open","ping_status":"open","sticky":false,"template":"","format":"standard","meta":{"footnotes":""},"categories":[38],"tags":[],"class_list":["post-33330","post","type-post","status-publish","format-standard","has-post-thumbnail","hentry","category-regional"],"jetpack_featured_media_url":"https:\/\/radiorevelacionfm.cl\/wp-content\/uploads\/2023\/07\/IMG-Alcalde-y-Concejales-Melinka1-1-1.jpg","_links":{"self":[{"href":"https:\/\/radiorevelacionfm.cl\/index.php?rest_route=\/wp\/v2\/posts\/33330","targetHints":{"allow":["GET"]}}],"collection":[{"href":"https:\/\/radiorevelacionfm.cl\/index.php?rest_route=\/wp\/v2\/posts"}],"about":[{"href":"https:\/\/radiorevelacionfm.cl\/index.php?rest_route=\/wp\/v2\/types\/post"}],"author":[{"embeddable":true,"href":"https:\/\/radiorevelacionfm.cl\/index.php?rest_route=\/wp\/v2\/users\/1"}],"replies":[{"embeddable":true,"href":"https:\/\/radiorevelacionfm.cl\/index.php?rest_route=%2Fwp%2Fv2%2Fcomments&post=33330"}],"version-history":[{"count":2,"href":"https:\/\/radiorevelacionfm.cl\/index.php?rest_route=\/wp\/v2\/posts\/33330\/revisions"}],"predecessor-version":[{"id":33348,"href":"https:\/\/radiorevelacionfm.cl\/index.php?rest_route=\/wp\/v2\/posts\/33330\/revisions\/33348"}],"wp:featuredmedia":[{"embeddable":true,"href":"https:\/\/radiorevelacionfm.cl\/index.php?rest_route=\/wp\/v2\/media\/33347"}],"wp:attachment":[{"href":"https:\/\/radiorevelacionfm.cl\/index.php?rest_route=%2Fwp%2Fv2%2Fmedia&parent=33330"}],"wp:term":[{"taxonomy":"category","embeddable":true,"href":"https:\/\/radiorevelacionfm.cl\/index.php?rest_route=%2Fwp%2Fv2%2Fcategories&post=33330"},{"taxonomy":"post_tag","embeddable":true,"href":"https:\/\/radiorevelacionfm.cl\/index.php?rest_route=%2Fwp%2Fv2%2Ftags&post=33330"}],"curies":[{"name":"wp","href":"https:\/\/api.w.org\/{rel}","templated":true}]}}