{"id":3332,"date":"2021-04-21T10:24:28","date_gmt":"2021-04-21T13:24:28","guid":{"rendered":"https:\/\/radiorevelacionfm.cl\/?p=3332"},"modified":"2021-04-21T10:24:28","modified_gmt":"2021-04-21T13:24:28","slug":"circuito-intersectorial-de-femicidio-organiza-conversatorios-virtuales","status":"publish","type":"post","link":"https:\/\/radiorevelacionfm.cl\/?p=3332","title":{"rendered":"Circuito Intersectorial de Femicidio organiza conversatorios virtuales"},"content":{"rendered":"<div class=\"flex_column av_one_full  flex_column_div av-zero-column-padding first  avia-builder-el-0  el_before_av_one_full  avia-builder-el-first  \" style='border-radius:0px; '><div  class='avia-image-container  av-styling-    avia-builder-el-1  avia-builder-el-no-sibling  avia-align-center '  itemprop=\"image\" itemscope=\"itemscope\" itemtype=\"https:\/\/schema.org\/ImageObject\"  ><div class='avia-image-container-inner'><div class='avia-image-overlay-wrap'><img decoding=\"async\" class='wp-image-0 avia-img-lazy-loading-not-0 avia_image' src=\"https:\/\/radiorevelacionfm.cl\/wp-content\/uploads\/2021\/04\/facebook-live-CIF-2-1.jpg\" alt='' title=''   itemprop=\"thumbnailUrl\"  \/><\/div><\/div><\/div><\/div><div class=\"flex_column av_one_full  flex_column_div av-zero-column-padding first  avia-builder-el-2  el_after_av_one_full  el_before_av_one_full  column-top-margin\" style='border-radius:0px; '><section class=\"av_textblock_section \"  itemscope=\"itemscope\" itemtype=\"https:\/\/schema.org\/BlogPosting\" itemprop=\"blogPost\" ><div class='avia_textblock  '   itemprop=\"text\" ><p style=\"text-align: center;\"><span style=\"font-size: 18pt;\"><strong>Circuito Intersectorial de Femicidio organiza conversatorios virtuales<\/strong><\/span><\/p>\n<div id=\"gtx-trans\" style=\"position: absolute; left: -50px; top: 4.31534px;\">\n<div class=\"gtx-trans-icon\"><\/div>\n<\/div>\n<\/div><\/section><\/div><div class=\"flex_column av_one_full  flex_column_div av-zero-column-padding first  avia-builder-el-4  el_after_av_one_full  el_before_av_hr  column-top-margin\" style='border-radius:0px; '><section class=\"av_textblock_section \"  itemscope=\"itemscope\" itemtype=\"https:\/\/schema.org\/BlogPosting\" itemprop=\"blogPost\" ><div class='avia_textblock  '   itemprop=\"text\" ><p style=\"font-weight: 400; text-align: justify;\">Entregar informaci\u00f3n en lenguaje simple y claro, sobre la forma en cada instituci\u00f3n entrega apoyo a las mujeres que viven violencia, fue el prop\u00f3sito de un ciclo de conversatorios, difundidos a trav\u00e9s de Facebook Live, del Circuito Intersectorial de Femicidio. Este\u00a0espacio\u00a0de articulaci\u00f3n que lidera el Servicio Nacional de la Mujer y la Equidad de G\u00e9nero, tambi\u00e9n lo integran la\u00a0Polic\u00eda de Investigaciones de Chile, Servicio M\u00e9dico Legal, Carabineros de Chile, Servicio Nacional de Menores y el Centro de Atenci\u00f3n a V\u00edctimas del Ministerio del Interior y Seguridad. Desde el a\u00f1o 2020 tambi\u00e9n participa como invitado especial la Unidad de Atenci\u00f3n a V\u00edctimas y Testigos de la Fiscal\u00eda Regional de Ays\u00e9n.<\/p>\n<p style=\"font-weight: 400; text-align: justify;\">La Directora Regional de SernamEG, Elizabeth Guti\u00e9rrez Eggers, explic\u00f3 que \u201cdurante la pandemia del COVID- 19 las redes sociales se han consolidado como un nuevo canal de comunicaci\u00f3n con la ciudadan\u00eda, por ello aprovechamos como Circuito Intersectorial de Femicidio este espacio para dar a conocer c\u00f3mo funciona la red de atenci\u00f3n para las mujeres que viven violencia. De esta manera convocamos a varios de los integrantes del CIF para que puedan explicar de manera simple c\u00f3mo funcionan, en qu\u00e9 casos pueden intervenir. De esta forma pretendemos contribuir a que la comunidad se informe y de esta manera sepan qu\u00e9 esperar de cada instituci\u00f3n\u201d.<\/p>\n<p style=\"font-weight: 400; text-align: justify;\">Desde la PDI, el jefe de la Regi\u00f3n Policial de Ays\u00e9n, prefecto Jorge Vald\u00e9s, destac\u00f3 que durante esta instancia quisieron abordar el tema de violencia intrafamiliar. \u201cComo PDI tenemos mucho que decir y aportar, porque nos avala nuestra experiencia y trabajo. Nuestros funcionarios han sido capacitados para acoger todo tipo de denuncias, evaluar riesgos y, en coordinaci\u00f3n con el Ministerio P\u00fablico, generar medidas de protecci\u00f3n para las v\u00edctimas\u201d, explic\u00f3 el prefecto Vald\u00e9s. Lamentablemente, \u201ceste es un tema que est\u00e1 en forma presente en nuestra sociedad, por lo tanto, invitamos a las mujeres a denunciar para sumar acciones para terminar de una vez por todas con la violencia de g\u00e9nero\u201d, puntualiz\u00f3 el jefe regional de la PDI, instituci\u00f3n que forma para del Circuito Intersectorial de Femicidios.<\/p>\n<p style=\"font-weight: 400; text-align: justify;\">Por su parte, el Coordinador del Centro de Apoyo a V\u00edctimas de Delitos Violentos, Ignacio Jara S\u00e1nchez, sostuvo que \u201cnuestra motivaci\u00f3n para participar fue dar a conocer la funci\u00f3n que realizamos, tambi\u00e9n dar a conocer el v\u00ednculo que desarrollamos y que tenemos con otras redes u otros centros de atenci\u00f3n; y as\u00ed generar una proximidad con posibles usuarias que requieran de nuestros servicios. La informaci\u00f3n m\u00e1s relevante que quisi\u00e9ramos resaltar como Centro es indicar a la comunidad que nos encontramos a plena disposici\u00f3n para brindarles la ayuda necesaria frente a un delito que pueda vivir una persona y que requiera de nuestro apoyo. Se puede acceder a trav\u00e9s del n\u00famero telef\u00f3nico 6008181000 o a trav\u00e9s de nuestro centro presencial ac\u00e1 en Coyhaique ubicado en Baquedano 835\u201d.<\/p>\n<p style=\"font-weight: 400; text-align: justify;\">Otra de las instituciones que fueron parte del espacio denominado \u201cConociendo la Red de Apoyo a Mujeres que Viven Violencia\u201d transmitido por el Fan Page de SernamEG Ays\u00e9n fue la Directora Regional del Servicio M\u00e9dico Legal, Catherine Sandoval Marchant.\u00a0Finalmente, las transmisiones en vivo se replicar\u00e1n durante el a\u00f1o para continuar acercando a la comunidad sobre c\u00f3mo funcionan las instituciones territoriales que integran el Circuito Intersectorial de Femicidio, vinculadas a la continua pesquisa, derivaci\u00f3n, atenci\u00f3n y sanci\u00f3n de la violencia contra las mujeres.<\/p>\n<\/div><\/section><\/div><div  style='height:50px' class='hr hr-invisible   avia-builder-el-6  el_after_av_one_full  el_before_av_social_share '><span class='hr-inner ' ><span class='hr-inner-style'><\/span><\/span><\/div><\/p>\n<div  class='av-social-sharing-box  avia-builder-el-7  el_after_av_hr  el_before_av_hr  '><div class='av-share-box'><h5 class='av-share-link-description av-no-toc '>Compartir esta noticia<\/h5><ul class='av-share-box-list noLightbox'><li class='av-share-link av-social-link-facebook' ><a target=\"_blank\" aria-label=\"Compartir en Facebook\" href='https:\/\/www.facebook.com\/sharer.php?u=https:\/\/radiorevelacionfm.cl\/?p=3332&#038;t=Circuito%20Intersectorial%20de%20Femicidio%20organiza%20conversatorios%20virtuales' aria-hidden='false' data-av_icon='\ue8f3' data-av_iconfont='entypo-fontello' title='' data-avia-related-tooltip='Compartir en Facebook' rel=\"noopener\"><span class='avia_hidden_link_text'>Compartir en Facebook<\/span><\/a><\/li><li class='av-share-link av-social-link-twitter' ><a target=\"_blank\" aria-label=\"Compartir en Twitter\" href='https:\/\/twitter.com\/share?text=Circuito%20Intersectorial%20de%20Femicidio%20organiza%20conversatorios%20virtuales&#038;url=https:\/\/radiorevelacionfm.cl\/?p=3332' aria-hidden='false' data-av_icon='\ue8f1' data-av_iconfont='entypo-fontello' title='' data-avia-related-tooltip='Compartir en Twitter' rel=\"noopener\"><span class='avia_hidden_link_text'>Compartir en Twitter<\/span><\/a><\/li><li class='av-share-link av-social-link-whatsapp' ><a target=\"_blank\" aria-label=\"Compartir en Whatsapp\" href='https:\/\/api.whatsapp.com\/send?text=https:\/\/radiorevelacionfm.cl\/?p=3332' aria-hidden='false' data-av_icon='\uf232' data-av_iconfont='entypo-fontello' title='' data-avia-related-tooltip='Compartir en Whatsapp' rel=\"noopener\"><span class='avia_hidden_link_text'>Compartir en Whatsapp<\/span><\/a><\/li><li class='av-share-link av-social-link-linkedin' ><a target=\"_blank\" aria-label=\"Compartir en LinkedIn\" href='https:\/\/linkedin.com\/shareArticle?mini=true&#038;title=Circuito%20Intersectorial%20de%20Femicidio%20organiza%20conversatorios%20virtuales&#038;url=https:\/\/radiorevelacionfm.cl\/?p=3332' aria-hidden='false' data-av_icon='\ue8fc' data-av_iconfont='entypo-fontello' title='' data-avia-related-tooltip='Compartir en LinkedIn' rel=\"noopener\"><span class='avia_hidden_link_text'>Compartir en LinkedIn<\/span><\/a><\/li><li class='av-share-link av-social-link-mail' ><a  aria-label=\"Compartir por correo\" href='mailto:?subject=Circuito%20Intersectorial%20de%20Femicidio%20organiza%20conversatorios%20virtuales&#038;body=https:\/\/radiorevelacionfm.cl\/?p=3332' aria-hidden='false' data-av_icon='\ue805' data-av_iconfont='entypo-fontello' title='' data-avia-related-tooltip='Compartir por correo'><span class='avia_hidden_link_text'>Compartir por correo<\/span><\/a><\/li><\/ul><\/div><\/div>\n<div  style='height:50px' class='hr hr-invisible   avia-builder-el-8  el_after_av_social_share  el_before_av_comments_list '><span class='hr-inner ' ><span class='hr-inner-style'><\/span><\/span><\/div>\n<div  class='av-buildercomment  av-blog-meta-html-info-disabled av-blog-meta-tag-disabled  '><\/div>\n","protected":false},"excerpt":{"rendered":"","protected":false},"author":1,"featured_media":0,"comment_status":"open","ping_status":"open","sticky":false,"template":"","format":"standard","meta":{"footnotes":""},"categories":[38],"tags":[],"class_list":["post-3332","post","type-post","status-publish","format-standard","hentry","category-regional"],"jetpack_featured_media_url":"","_links":{"self":[{"href":"https:\/\/radiorevelacionfm.cl\/index.php?rest_route=\/wp\/v2\/posts\/3332","targetHints":{"allow":["GET"]}}],"collection":[{"href":"https:\/\/radiorevelacionfm.cl\/index.php?rest_route=\/wp\/v2\/posts"}],"about":[{"href":"https:\/\/radiorevelacionfm.cl\/index.php?rest_route=\/wp\/v2\/types\/post"}],"author":[{"embeddable":true,"href":"https:\/\/radiorevelacionfm.cl\/index.php?rest_route=\/wp\/v2\/users\/1"}],"replies":[{"embeddable":true,"href":"https:\/\/radiorevelacionfm.cl\/index.php?rest_route=%2Fwp%2Fv2%2Fcomments&post=3332"}],"version-history":[{"count":1,"href":"https:\/\/radiorevelacionfm.cl\/index.php?rest_route=\/wp\/v2\/posts\/3332\/revisions"}],"predecessor-version":[{"id":3334,"href":"https:\/\/radiorevelacionfm.cl\/index.php?rest_route=\/wp\/v2\/posts\/3332\/revisions\/3334"}],"wp:attachment":[{"href":"https:\/\/radiorevelacionfm.cl\/index.php?rest_route=%2Fwp%2Fv2%2Fmedia&parent=3332"}],"wp:term":[{"taxonomy":"category","embeddable":true,"href":"https:\/\/radiorevelacionfm.cl\/index.php?rest_route=%2Fwp%2Fv2%2Fcategories&post=3332"},{"taxonomy":"post_tag","embeddable":true,"href":"https:\/\/radiorevelacionfm.cl\/index.php?rest_route=%2Fwp%2Fv2%2Ftags&post=3332"}],"curies":[{"name":"wp","href":"https:\/\/api.w.org\/{rel}","templated":true}]}}