{"id":33308,"date":"2023-07-28T16:36:52","date_gmt":"2023-07-28T19:36:52","guid":{"rendered":"https:\/\/radiorevelacionfm.cl\/?p=33308"},"modified":"2023-07-28T16:36:52","modified_gmt":"2023-07-28T19:36:52","slug":"conaf-llama-a-beneficiarios-as-del-programa-entrega-de-lena-de-la-comuna-de-coyhaique-a-retirar-sus-beneficios","status":"publish","type":"post","link":"https:\/\/radiorevelacionfm.cl\/?p=33308","title":{"rendered":"Conaf llama a beneficiarios\/as del programa entrega de le\u00f1a de la comuna de Coyhaique, a retirar sus beneficios"},"content":{"rendered":"<div class=\"flex_column av_one_full  flex_column_div av-zero-column-padding first  avia-builder-el-0  el_before_av_one_full  avia-builder-el-first  \" style='border-radius:0px; '><div  class='avia-image-container  av-styling-    avia-builder-el-1  avia-builder-el-no-sibling  avia-align-center '  itemprop=\"image\" itemscope=\"itemscope\" itemtype=\"https:\/\/schema.org\/ImageObject\"  ><div class='avia-image-container-inner'><div class='avia-image-overlay-wrap'><img decoding=\"async\" class='wp-image-33309 avia-img-lazy-loading-not-33309 avia_image' src=\"https:\/\/radiorevelacionfm.cl\/wp-content\/uploads\/2023\/07\/foto-1-6-1-2_optimized-1.jpeg\" alt='' title='foto-1-(6)-(1)-(2)_optimized (1)' height=\"600\" width=\"800\"  itemprop=\"thumbnailUrl\" srcset=\"https:\/\/radiorevelacionfm.cl\/wp-content\/uploads\/2023\/07\/foto-1-6-1-2_optimized-1.jpeg 800w, https:\/\/radiorevelacionfm.cl\/wp-content\/uploads\/2023\/07\/foto-1-6-1-2_optimized-1-300x225.jpeg 300w, https:\/\/radiorevelacionfm.cl\/wp-content\/uploads\/2023\/07\/foto-1-6-1-2_optimized-1-768x576.jpeg 768w, https:\/\/radiorevelacionfm.cl\/wp-content\/uploads\/2023\/07\/foto-1-6-1-2_optimized-1-705x529.jpeg 705w, https:\/\/radiorevelacionfm.cl\/wp-content\/uploads\/2023\/07\/foto-1-6-1-2_optimized-1-450x338.jpeg 450w, https:\/\/radiorevelacionfm.cl\/wp-content\/uploads\/2023\/07\/foto-1-6-1-2_optimized-1-600x450.jpeg 600w\" sizes=\"(max-width: 800px) 100vw, 800px\" \/><\/div><\/div><\/div><\/div>\n<div class=\"flex_column av_one_full  flex_column_div av-zero-column-padding first  avia-builder-el-2  el_after_av_one_full  el_before_av_one_full  column-top-margin\" style='border-radius:0px; '><section class=\"av_textblock_section \"  itemscope=\"itemscope\" itemtype=\"https:\/\/schema.org\/BlogPosting\" itemprop=\"blogPost\" ><div class='avia_textblock  '   itemprop=\"text\" ><p style=\"text-align: center;\"><strong><span style=\"font-size: 18pt;\">Conaf llama a beneficiarios\/as del programa entrega de le\u00f1a de la comuna de Coyhaique, a retirar sus beneficios<\/span><\/strong><\/p>\n<div id=\"gtx-trans\" style=\"position: absolute; left: -50px; top: 4.31534px;\">\n<div class=\"gtx-trans-icon\"><\/div>\n<\/div>\n<\/div><\/section><\/div><div class=\"flex_column av_one_full  flex_column_div av-zero-column-padding first  avia-builder-el-4  el_after_av_one_full  el_before_av_hr  column-top-margin\" style='border-radius:0px; '><section class=\"av_textblock_section \"  itemscope=\"itemscope\" itemtype=\"https:\/\/schema.org\/BlogPosting\" itemprop=\"blogPost\" ><div class='avia_textblock  '   itemprop=\"text\" ><p class=\"v1MsoNormal\" style=\"text-align: justify;\">La Corporaci\u00f3n Nacional Forestal (CONAF) tiene entre sus objetivos estrat\u00e9gicos, garantizar la conservaci\u00f3n, restauraci\u00f3n y el manejo sustentable de los ecosistemas boscosos y xerof\u00edticos del pa\u00eds.<\/p>\n<p class=\"v1MsoNormal\" style=\"text-align: justify;\">Con este objetivo, en la regi\u00f3n de Ays\u00e9n se implementan diversas acciones, como por ejemplo el manejo de plantaciones forestales que consiste en la reconversi\u00f3n de especies ex\u00f3ticas a bosque nativo.<span lang=\"ES\">\u00a0Estas actividades, permiten la obtenci\u00f3n de materias primas<\/span>, como madera aserrada y le\u00f1a, las que posteriormente se utilizan en la construcci\u00f3n de viviendas de emergencia y la fabricaci\u00f3n de muebles.<\/p>\n<p class=\"v1MsoNormal\" style=\"text-align: justify;\">Estos productos, incluyendo madera aserrada, muebles, viviendas de emergencia y le\u00f1a, son destinados directamente a la poblaci\u00f3n m\u00e1s vulnerable de la comuna de Coyhaique, gracias a un\u00a0<span lang=\"ES\">convenio entre el Gobierno Regional, el municipio y CONAF,\u00a0<\/span>que permite la distribuci\u00f3n de estos beneficios a juntas de vecinos, sindicatos, agrupaciones de adultos mayores y otras instituciones<span lang=\"ES\">, alcanzando un total de cuatro mil ochocientos metros de le\u00f1a.<\/span><\/p>\n<p class=\"v1MsoNormal\" style=\"text-align: justify;\"><span lang=\"ES\">Sin embargo, a la fecha hay personas que a\u00fan no se han acercado a retirar este beneficio, que fue otorgado por la municipalidad, lo que podr\u00eda afectar un pr\u00f3ximo requerimiento.<\/span><\/p>\n<p class=\"v1MsoNormal\" style=\"text-align: justify;\"><span lang=\"ES\">En este sentido, Jos\u00e9 Luis P\u00e9rez, Jefe Provincial Coyhaique de CONAF, hizo un llamado urgente a los beneficiarios y beneficiarias del <\/span>programa, para que se acerquen a retirar sus beneficios antes de la fecha de vencimiento, en #Err\u00e1zuriz 2102.<\/p>\n<p class=\"v1MsoNormal\" style=\"text-align: justify;\"><span lang=\"ES\">\u00abLos instamos a que se acerquen para obtener este beneficio, que se genera por el manejo de los bosques de pino, y que sin dudas ser\u00e1 de gran ayuda para la calefacci\u00f3n de los hogares de adultos mayores, ni\u00f1os y ni\u00f1as, y personas con movilidad reducida\u00bb, se\u00f1al\u00f3.<\/span><\/p>\n<p class=\"v1MsoNormal\" style=\"text-align: justify;\"><span lang=\"ES\">\u00abA la fecha, el \u00c1rea de Intervenci\u00f3n Coyhaique ha entregado un total de 4.290 metros de le\u00f1a, tanto en la capital regional como en sectores rurales entre los que se encuentran El Blanco, Lago atravesado y Villa Ortega, por nombrar algunos. Por lo anterior, reiteramos la importancia del retiro del beneficio para garantizar que esta ayuda llegue a las familias oportunamente\u00bb, concluy\u00f3.\u00a0<\/span><\/p>\n<\/div><\/section><\/div><\/p>\n<div  style='height:50px' class='hr hr-invisible   avia-builder-el-6  el_after_av_one_full  el_before_av_social_share '><span class='hr-inner ' ><span class='hr-inner-style'><\/span><\/span><\/div>\n<div  class='av-social-sharing-box  avia-builder-el-7  el_after_av_hr  el_before_av_hr  '><div class='av-share-box'><h5 class='av-share-link-description av-no-toc '>Compartir esta noticia<\/h5><ul class='av-share-box-list noLightbox'><li class='av-share-link av-social-link-facebook' ><a target=\"_blank\" aria-label=\"Compartir en Facebook\" href='https:\/\/www.facebook.com\/sharer.php?u=https:\/\/radiorevelacionfm.cl\/?p=33308&#038;t=Conaf%20llama%20a%20beneficiarios%2Fas%20del%20programa%20entrega%20de%20le%C3%B1a%20de%20la%20comuna%20de%20Coyhaique%2C%20a%20retirar%20sus%20beneficios' aria-hidden='false' data-av_icon='\ue8f3' data-av_iconfont='entypo-fontello' title='' data-avia-related-tooltip='Compartir en Facebook' rel=\"noopener\"><span class='avia_hidden_link_text'>Compartir en Facebook<\/span><\/a><\/li><li class='av-share-link av-social-link-twitter' ><a target=\"_blank\" aria-label=\"Compartir en Twitter\" href='https:\/\/twitter.com\/share?text=Conaf%20llama%20a%20beneficiarios%2Fas%20del%20programa%20entrega%20de%20le%C3%B1a%20de%20la%20comuna%20de%20Coyhaique%2C%20a%20retirar%20sus%20beneficios&#038;url=https:\/\/radiorevelacionfm.cl\/?p=33308' aria-hidden='false' data-av_icon='\ue8f1' data-av_iconfont='entypo-fontello' title='' data-avia-related-tooltip='Compartir en Twitter' rel=\"noopener\"><span class='avia_hidden_link_text'>Compartir en Twitter<\/span><\/a><\/li><li class='av-share-link av-social-link-whatsapp' ><a target=\"_blank\" aria-label=\"Compartir en Whatsapp\" href='https:\/\/api.whatsapp.com\/send?text=https:\/\/radiorevelacionfm.cl\/?p=33308' aria-hidden='false' data-av_icon='\uf232' data-av_iconfont='entypo-fontello' title='' data-avia-related-tooltip='Compartir en Whatsapp' rel=\"noopener\"><span class='avia_hidden_link_text'>Compartir en Whatsapp<\/span><\/a><\/li><li class='av-share-link av-social-link-linkedin' ><a target=\"_blank\" aria-label=\"Compartir en LinkedIn\" href='https:\/\/linkedin.com\/shareArticle?mini=true&#038;title=Conaf%20llama%20a%20beneficiarios%2Fas%20del%20programa%20entrega%20de%20le%C3%B1a%20de%20la%20comuna%20de%20Coyhaique%2C%20a%20retirar%20sus%20beneficios&#038;url=https:\/\/radiorevelacionfm.cl\/?p=33308' aria-hidden='false' data-av_icon='\ue8fc' data-av_iconfont='entypo-fontello' title='' data-avia-related-tooltip='Compartir en LinkedIn' rel=\"noopener\"><span class='avia_hidden_link_text'>Compartir en LinkedIn<\/span><\/a><\/li><li class='av-share-link av-social-link-mail' ><a  aria-label=\"Compartir por correo\" href='mailto:?subject=Conaf%20llama%20a%20beneficiarios%2Fas%20del%20programa%20entrega%20de%20le%C3%B1a%20de%20la%20comuna%20de%20Coyhaique%2C%20a%20retirar%20sus%20beneficios&#038;body=https:\/\/radiorevelacionfm.cl\/?p=33308' aria-hidden='false' data-av_icon='\ue805' data-av_iconfont='entypo-fontello' title='' data-avia-related-tooltip='Compartir por correo'><span class='avia_hidden_link_text'>Compartir por correo<\/span><\/a><\/li><\/ul><\/div><\/div>\n<div  style='height:50px' class='hr hr-invisible   avia-builder-el-8  el_after_av_social_share  el_before_av_comments_list '><span class='hr-inner ' ><span class='hr-inner-style'><\/span><\/span><\/div>\n<div  class='av-buildercomment  av-blog-meta-html-info-disabled av-blog-meta-tag-disabled  '><\/div>\n","protected":false},"excerpt":{"rendered":"","protected":false},"author":1,"featured_media":33309,"comment_status":"open","ping_status":"open","sticky":false,"template":"","format":"standard","meta":{"footnotes":""},"categories":[38],"tags":[],"class_list":["post-33308","post","type-post","status-publish","format-standard","has-post-thumbnail","hentry","category-regional"],"jetpack_featured_media_url":"https:\/\/radiorevelacionfm.cl\/wp-content\/uploads\/2023\/07\/foto-1-6-1-2_optimized-1.jpeg","_links":{"self":[{"href":"https:\/\/radiorevelacionfm.cl\/index.php?rest_route=\/wp\/v2\/posts\/33308","targetHints":{"allow":["GET"]}}],"collection":[{"href":"https:\/\/radiorevelacionfm.cl\/index.php?rest_route=\/wp\/v2\/posts"}],"about":[{"href":"https:\/\/radiorevelacionfm.cl\/index.php?rest_route=\/wp\/v2\/types\/post"}],"author":[{"embeddable":true,"href":"https:\/\/radiorevelacionfm.cl\/index.php?rest_route=\/wp\/v2\/users\/1"}],"replies":[{"embeddable":true,"href":"https:\/\/radiorevelacionfm.cl\/index.php?rest_route=%2Fwp%2Fv2%2Fcomments&post=33308"}],"version-history":[{"count":2,"href":"https:\/\/radiorevelacionfm.cl\/index.php?rest_route=\/wp\/v2\/posts\/33308\/revisions"}],"predecessor-version":[{"id":33311,"href":"https:\/\/radiorevelacionfm.cl\/index.php?rest_route=\/wp\/v2\/posts\/33308\/revisions\/33311"}],"wp:featuredmedia":[{"embeddable":true,"href":"https:\/\/radiorevelacionfm.cl\/index.php?rest_route=\/wp\/v2\/media\/33309"}],"wp:attachment":[{"href":"https:\/\/radiorevelacionfm.cl\/index.php?rest_route=%2Fwp%2Fv2%2Fmedia&parent=33308"}],"wp:term":[{"taxonomy":"category","embeddable":true,"href":"https:\/\/radiorevelacionfm.cl\/index.php?rest_route=%2Fwp%2Fv2%2Fcategories&post=33308"},{"taxonomy":"post_tag","embeddable":true,"href":"https:\/\/radiorevelacionfm.cl\/index.php?rest_route=%2Fwp%2Fv2%2Ftags&post=33308"}],"curies":[{"name":"wp","href":"https:\/\/api.w.org\/{rel}","templated":true}]}}