{"id":33305,"date":"2023-07-27T20:12:56","date_gmt":"2023-07-27T23:12:56","guid":{"rendered":"https:\/\/radiorevelacionfm.cl\/?p=33305"},"modified":"2023-07-27T20:12:56","modified_gmt":"2023-07-27T23:12:56","slug":"realizaran-mantenimiento-de-redes-electricas-en-sector-sur-oriente-de-coyhaique","status":"publish","type":"post","link":"https:\/\/radiorevelacionfm.cl\/?p=33305","title":{"rendered":"Realizar\u00e1n mantenimiento de redes el\u00e9ctricas en sector Sur Oriente de Coyhaique"},"content":{"rendered":"<div class=\"flex_column av_one_full  flex_column_div av-zero-column-padding first  avia-builder-el-0  el_before_av_one_full  avia-builder-el-first  \" style='border-radius:0px; '><div  class='avia-image-container  av-styling-    avia-builder-el-1  avia-builder-el-no-sibling  avia-align-center '  itemprop=\"image\" itemscope=\"itemscope\" itemtype=\"https:\/\/schema.org\/ImageObject\"  ><div class='avia-image-container-inner'><div class='avia-image-overlay-wrap'><img decoding=\"async\" class='wp-image-31220 avia-img-lazy-loading-not-31220 avia_image' src=\"https:\/\/radiorevelacionfm.cl\/wp-content\/uploads\/2023\/05\/2-8-1-1.jpg\" alt='' title='2-8-1 (1)' height=\"600\" width=\"808\"  itemprop=\"thumbnailUrl\" srcset=\"https:\/\/radiorevelacionfm.cl\/wp-content\/uploads\/2023\/05\/2-8-1-1.jpg 808w, https:\/\/radiorevelacionfm.cl\/wp-content\/uploads\/2023\/05\/2-8-1-1-300x223.jpg 300w, https:\/\/radiorevelacionfm.cl\/wp-content\/uploads\/2023\/05\/2-8-1-1-768x570.jpg 768w, https:\/\/radiorevelacionfm.cl\/wp-content\/uploads\/2023\/05\/2-8-1-1-705x524.jpg 705w, https:\/\/radiorevelacionfm.cl\/wp-content\/uploads\/2023\/05\/2-8-1-1-450x334.jpg 450w, https:\/\/radiorevelacionfm.cl\/wp-content\/uploads\/2023\/05\/2-8-1-1-600x446.jpg 600w\" sizes=\"(max-width: 808px) 100vw, 808px\" \/><\/div><\/div><\/div><\/div><div class=\"flex_column av_one_full  flex_column_div av-zero-column-padding first  avia-builder-el-2  el_after_av_one_full  el_before_av_one_full  column-top-margin\" style='border-radius:0px; '><section class=\"av_textblock_section \"  itemscope=\"itemscope\" itemtype=\"https:\/\/schema.org\/BlogPosting\" itemprop=\"blogPost\" ><div class='avia_textblock  '   itemprop=\"text\" ><p style=\"text-align: center;\"><strong><span style=\"font-size: 18pt;\">Realizar\u00e1n mantenimiento de redes el\u00e9ctricas en sector Sur Oriente de Coyhaique<\/span><\/strong><\/p>\n<div id=\"gtx-trans\" style=\"position: absolute; left: -50px; top: 4.31534px;\">\n<div class=\"gtx-trans-icon\"><\/div>\n<\/div>\n<\/div><\/section><\/div><\/p>\n<div class=\"flex_column av_one_full  flex_column_div av-zero-column-padding first  avia-builder-el-4  el_after_av_one_full  el_before_av_hr  column-top-margin\" style='border-radius:0px; '><section class=\"av_textblock_section \"  itemscope=\"itemscope\" itemtype=\"https:\/\/schema.org\/BlogPosting\" itemprop=\"blogPost\" ><div class='avia_textblock  '   itemprop=\"text\" ><p style=\"text-align: justify;\">Edelaysen anunci\u00f3 la suspensi\u00f3n de energ\u00eda el\u00e9ctrica en la comuna de Coyhaique para este viernes 28 de julio. Medida que es parte de los esfuerzos de la el\u00e9ctrica para ampliar y mejorar sus redes el\u00e9ctricas, con el objetivo de brindar un servicio m\u00e1s confiable y continuo a la comunidad.<\/p>\n<p style=\"text-align: justify;\">De esta manera, el periodo de suspensi\u00f3n comprende desde las 10:00 y hasta las 16:00 horas, donde se realizar\u00e1n labores de ampliaci\u00f3n y mejora en Calle Simpson entre Canal Melchor y Canal Darwin; Calles Canal Darwin, Canal Quitralco, Canal Jacaf entre Simpson y canal Nalcayec hasta Calle Err\u00e1zuriz, donde se fortalecer\u00e1 la infraestructura y as\u00ed garantizar un suministro el\u00e9ctrico de calidad en la comuna de Coyhaique.<\/p>\n<p style=\"text-align: justify;\">As\u00ed mismo desde la empresa se se\u00f1ala que en caso de que los trabajos finalicen antes del horario previsto, se restablecer\u00e1 el servicio a la brevedad, permitiendo a sus clientes recuperar el suministro el\u00e9ctrico anticipadamente.<\/p>\n<p style=\"text-align: justify;\">Patricio Raimilla, jefe de Servicio al Cliente de Edelaysen agreg\u00f3 que: \u201cEstos cortes programados son parte de un plan integral de mejoramiento de nuestras redes el\u00e9ctricas. Aunque entendemos que pueden generar incomodidades moment\u00e1neas, es necesario trabajar con las redes desenergizadas para seguridad de nuestro personal y tambi\u00e9n de los vecinos\u201d.<\/p>\n<p style=\"text-align: justify;\">Edelaysen tiene a disposici\u00f3n de sus clientes ante consultas, reclamos y requerimientos su l\u00ednea telef\u00f3nica gratuita 800 600 803, p\u00e1gina web\u00a0<a href=\"https:\/\/www.gruposaesa.cl\/edelaysen\/estoy-sin-luz\/\">https:\/\/www.gruposaesa.cl\/edelaysen\/estoy-sin-luz\/<\/a>, APP Edelaysen y Twitter @Edelaysen.<\/p>\n<\/div><\/section><\/div>\n<div  style='height:50px' class='hr hr-invisible   avia-builder-el-6  el_after_av_one_full  el_before_av_social_share '><span class='hr-inner ' ><span class='hr-inner-style'><\/span><\/span><\/div>\n<div  class='av-social-sharing-box  avia-builder-el-7  el_after_av_hr  el_before_av_hr  '><div class='av-share-box'><h5 class='av-share-link-description av-no-toc '>Compartir esta noticia<\/h5><ul class='av-share-box-list noLightbox'><li class='av-share-link av-social-link-facebook' ><a target=\"_blank\" aria-label=\"Compartir en Facebook\" href='https:\/\/www.facebook.com\/sharer.php?u=https:\/\/radiorevelacionfm.cl\/?p=33305&#038;t=Realizar%C3%A1n%20mantenimiento%20de%20redes%20el%C3%A9ctricas%20en%20sector%20Sur%20Oriente%20de%20Coyhaique' aria-hidden='false' data-av_icon='\ue8f3' data-av_iconfont='entypo-fontello' title='' data-avia-related-tooltip='Compartir en Facebook' rel=\"noopener\"><span class='avia_hidden_link_text'>Compartir en Facebook<\/span><\/a><\/li><li class='av-share-link av-social-link-twitter' ><a target=\"_blank\" aria-label=\"Compartir en Twitter\" href='https:\/\/twitter.com\/share?text=Realizar%C3%A1n%20mantenimiento%20de%20redes%20el%C3%A9ctricas%20en%20sector%20Sur%20Oriente%20de%20Coyhaique&#038;url=https:\/\/radiorevelacionfm.cl\/?p=33305' aria-hidden='false' data-av_icon='\ue8f1' data-av_iconfont='entypo-fontello' title='' data-avia-related-tooltip='Compartir en Twitter' rel=\"noopener\"><span class='avia_hidden_link_text'>Compartir en Twitter<\/span><\/a><\/li><li class='av-share-link av-social-link-whatsapp' ><a target=\"_blank\" aria-label=\"Compartir en Whatsapp\" href='https:\/\/api.whatsapp.com\/send?text=https:\/\/radiorevelacionfm.cl\/?p=33305' aria-hidden='false' data-av_icon='\uf232' data-av_iconfont='entypo-fontello' title='' data-avia-related-tooltip='Compartir en Whatsapp' rel=\"noopener\"><span class='avia_hidden_link_text'>Compartir en Whatsapp<\/span><\/a><\/li><li class='av-share-link av-social-link-linkedin' ><a target=\"_blank\" aria-label=\"Compartir en LinkedIn\" href='https:\/\/linkedin.com\/shareArticle?mini=true&#038;title=Realizar%C3%A1n%20mantenimiento%20de%20redes%20el%C3%A9ctricas%20en%20sector%20Sur%20Oriente%20de%20Coyhaique&#038;url=https:\/\/radiorevelacionfm.cl\/?p=33305' aria-hidden='false' data-av_icon='\ue8fc' data-av_iconfont='entypo-fontello' title='' data-avia-related-tooltip='Compartir en LinkedIn' rel=\"noopener\"><span class='avia_hidden_link_text'>Compartir en LinkedIn<\/span><\/a><\/li><li class='av-share-link av-social-link-mail' ><a  aria-label=\"Compartir por correo\" href='mailto:?subject=Realizar%C3%A1n%20mantenimiento%20de%20redes%20el%C3%A9ctricas%20en%20sector%20Sur%20Oriente%20de%20Coyhaique&#038;body=https:\/\/radiorevelacionfm.cl\/?p=33305' aria-hidden='false' data-av_icon='\ue805' data-av_iconfont='entypo-fontello' title='' data-avia-related-tooltip='Compartir por correo'><span class='avia_hidden_link_text'>Compartir por correo<\/span><\/a><\/li><\/ul><\/div><\/div>\n<div  style='height:50px' class='hr hr-invisible   avia-builder-el-8  el_after_av_social_share  el_before_av_comments_list '><span class='hr-inner ' ><span class='hr-inner-style'><\/span><\/span><\/div>\n<div  class='av-buildercomment  av-blog-meta-html-info-disabled av-blog-meta-tag-disabled  '><\/div>\n","protected":false},"excerpt":{"rendered":"","protected":false},"author":1,"featured_media":31220,"comment_status":"open","ping_status":"open","sticky":false,"template":"","format":"standard","meta":{"footnotes":""},"categories":[38],"tags":[],"class_list":["post-33305","post","type-post","status-publish","format-standard","has-post-thumbnail","hentry","category-regional"],"jetpack_featured_media_url":"https:\/\/radiorevelacionfm.cl\/wp-content\/uploads\/2023\/05\/2-8-1-1.jpg","_links":{"self":[{"href":"https:\/\/radiorevelacionfm.cl\/index.php?rest_route=\/wp\/v2\/posts\/33305","targetHints":{"allow":["GET"]}}],"collection":[{"href":"https:\/\/radiorevelacionfm.cl\/index.php?rest_route=\/wp\/v2\/posts"}],"about":[{"href":"https:\/\/radiorevelacionfm.cl\/index.php?rest_route=\/wp\/v2\/types\/post"}],"author":[{"embeddable":true,"href":"https:\/\/radiorevelacionfm.cl\/index.php?rest_route=\/wp\/v2\/users\/1"}],"replies":[{"embeddable":true,"href":"https:\/\/radiorevelacionfm.cl\/index.php?rest_route=%2Fwp%2Fv2%2Fcomments&post=33305"}],"version-history":[{"count":2,"href":"https:\/\/radiorevelacionfm.cl\/index.php?rest_route=\/wp\/v2\/posts\/33305\/revisions"}],"predecessor-version":[{"id":33307,"href":"https:\/\/radiorevelacionfm.cl\/index.php?rest_route=\/wp\/v2\/posts\/33305\/revisions\/33307"}],"wp:featuredmedia":[{"embeddable":true,"href":"https:\/\/radiorevelacionfm.cl\/index.php?rest_route=\/wp\/v2\/media\/31220"}],"wp:attachment":[{"href":"https:\/\/radiorevelacionfm.cl\/index.php?rest_route=%2Fwp%2Fv2%2Fmedia&parent=33305"}],"wp:term":[{"taxonomy":"category","embeddable":true,"href":"https:\/\/radiorevelacionfm.cl\/index.php?rest_route=%2Fwp%2Fv2%2Fcategories&post=33305"},{"taxonomy":"post_tag","embeddable":true,"href":"https:\/\/radiorevelacionfm.cl\/index.php?rest_route=%2Fwp%2Fv2%2Ftags&post=33305"}],"curies":[{"name":"wp","href":"https:\/\/api.w.org\/{rel}","templated":true}]}}