{"id":33302,"date":"2023-07-28T10:59:30","date_gmt":"2023-07-28T13:59:30","guid":{"rendered":"https:\/\/radiorevelacionfm.cl\/?p=33302"},"modified":"2023-07-28T10:59:30","modified_gmt":"2023-07-28T13:59:30","slug":"alcalde-uribe-expone-problematicas-comunales-a-ministra-de-obras-publicas","status":"publish","type":"post","link":"https:\/\/radiorevelacionfm.cl\/?p=33302","title":{"rendered":"Alcalde Uribe expone problem\u00e1ticas comunales a ministra de Obras P\u00fablicas"},"content":{"rendered":"<div class=\"flex_column av_one_full  flex_column_div av-zero-column-padding first  avia-builder-el-0  el_before_av_one_full  avia-builder-el-first  \" style='border-radius:0px; '><div  class='avia-image-container  av-styling-    avia-builder-el-1  avia-builder-el-no-sibling  avia-align-center '  itemprop=\"image\" itemscope=\"itemscope\" itemtype=\"https:\/\/schema.org\/ImageObject\"  ><div class='avia-image-container-inner'><div class='avia-image-overlay-wrap'><img decoding=\"async\" class='wp-image-33303 avia-img-lazy-loading-not-33303 avia_image' src=\"https:\/\/radiorevelacionfm.cl\/wp-content\/uploads\/2023\/07\/IMG_5168-1-1.jpg\" alt='' title='IMG_5168 (1) (1)' height=\"600\" width=\"900\"  itemprop=\"thumbnailUrl\" srcset=\"https:\/\/radiorevelacionfm.cl\/wp-content\/uploads\/2023\/07\/IMG_5168-1-1.jpg 900w, https:\/\/radiorevelacionfm.cl\/wp-content\/uploads\/2023\/07\/IMG_5168-1-1-300x200.jpg 300w, https:\/\/radiorevelacionfm.cl\/wp-content\/uploads\/2023\/07\/IMG_5168-1-1-768x512.jpg 768w, https:\/\/radiorevelacionfm.cl\/wp-content\/uploads\/2023\/07\/IMG_5168-1-1-705x470.jpg 705w, https:\/\/radiorevelacionfm.cl\/wp-content\/uploads\/2023\/07\/IMG_5168-1-1-450x300.jpg 450w, https:\/\/radiorevelacionfm.cl\/wp-content\/uploads\/2023\/07\/IMG_5168-1-1-600x400.jpg 600w\" sizes=\"(max-width: 900px) 100vw, 900px\" \/><\/div><\/div><\/div><\/div><div class=\"flex_column av_one_full  flex_column_div av-zero-column-padding first  avia-builder-el-2  el_after_av_one_full  el_before_av_one_full  column-top-margin\" style='border-radius:0px; '><section class=\"av_textblock_section \"  itemscope=\"itemscope\" itemtype=\"https:\/\/schema.org\/BlogPosting\" itemprop=\"blogPost\" ><div class='avia_textblock  '   itemprop=\"text\" ><p style=\"text-align: center;\"><strong><span style=\"font-size: 18pt;\">Alcalde Uribe expone problem\u00e1ticas comunales a ministra de Obras P\u00fablicas<\/span><\/strong><\/p>\n<div id=\"gtx-trans\" style=\"position: absolute; left: -50px; top: 4.31534px;\">\n<div class=\"gtx-trans-icon\"><\/div>\n<\/div>\n<\/div><\/section><\/div><div class=\"flex_column av_one_full  flex_column_div av-zero-column-padding first  avia-builder-el-4  el_after_av_one_full  el_before_av_hr  column-top-margin\" style='border-radius:0px; '><section class=\"av_textblock_section \"  itemscope=\"itemscope\" itemtype=\"https:\/\/schema.org\/BlogPosting\" itemprop=\"blogPost\" ><div class='avia_textblock  '   itemprop=\"text\" ><p style=\"text-align: justify;\">El alcalde de Ays\u00e9n, Julio Uribe Alvarado, junto a la directora de la Secretar\u00eda Comunal de Planificaci\u00f3n (Secplan) Roc\u00edo B\u00f3rquez, participaron de una reuni\u00f3n con la ministra de Obras P\u00fablicas, J\u00e9ssica L\u00f3pez. El encuentro, realizado en el Gobierno Regional de Ays\u00e9n, cont\u00f3 con la asistencia de todos los alcaldes de la regi\u00f3n, quienes plantearon las principales problem\u00e1ticas y necesidades de cada una de sus comunas a la titular.<\/p>\n<p style=\"text-align: justify;\">La ministra L\u00f3pez indic\u00f3 que \u201cnuestra presencia hoy aqu\u00ed con los alcaldes, senadores y diputados fue para presentar nuestro plan de conectividad porque hemos escuchado las demandas de las autoridades y los habitantes de la regi\u00f3n. Este ministerio tiene a cargo la vialidad estructurante y de las rutas laterales del pa\u00eds, junto con el desarrollo aeroportuario\u201d, comentando que actualmente se cuenta con una estrategia para potenciar peque\u00f1os aeropuertos y aer\u00f3dromos, adem\u00e1s de instalaciones portuarias con sus respectivas barcazas.<\/p>\n<p style=\"text-align: justify;\">\u201cPara nosotros era muy importante venir a esta reuni\u00f3n porque hay proyectos muy importantes para nosotros, donde le volvimos a plantear a la ministra un petitorio que hab\u00edamos presentado previamente y en el que hab\u00edamos visto pocos avances\u201d, coment\u00f3 el alcalde Uribe, quien se manifest\u00f3 bastante conforme con la respuesta que obtuvo por parte de la autoridad. \u201cVolveremos a tener una reuni\u00f3n en seis meses m\u00e1s para evaluar los avances de todos nuestros proyectos\u201d, sentenci\u00f3.<\/p>\n<p style=\"text-align: justify;\">Durante la instancia, el alcalde Uribe le plante\u00f3 diversas problem\u00e1ticas que aquejan a nuestra comunidad a la titular de la cartera. La primera de ellas fue la conservaci\u00f3n del puente Presidente Ib\u00e1\u00f1ez, hito regional y monumento nacional, cuya vida \u00fatil excede los sesenta a\u00f1os. Debido a la antig\u00fcedad del dise\u00f1o, el puente no est\u00e1 capacitado para soportar la carga vehicular que por \u00e9l transita, desencadenando altos niveles de congesti\u00f3n y un aumento importante en los tiempos de desplazamiento. Adem\u00e1s, al no contar con infraestructura adecuada para el desplazamiento de peatones y ciclistas, supone un riesgo adicional para quienes deben desplazarse entre ambas riberas de la ciudad.<\/p>\n<p style=\"text-align: justify;\">El segundo tema tratado fue la reposici\u00f3n de las pasarelas rurales de la comuna. En Ays\u00e9n existen siete de estas estructuras, las cuales suponen un grave riesgo para las y los residentes de las localidades donde se encuentran instaladas, debido a que son dise\u00f1os de una sola v\u00eda que generan dificultad para el tr\u00e1nsito peatonal y vehicular, adem\u00e1s de imposibilitar el tr\u00e1nsito de algunos veh\u00edculos de emergencias como los carros bomba.<\/p>\n<p style=\"text-align: justify;\">Otra de las problem\u00e1ticas presentadas fue el estado actual del acceso a Puerto Ays\u00e9n, cuya obra de mantenci\u00f3n de carpeta fue abandonada por parte de la empresa ejecutora. Esta situaci\u00f3n deriv\u00f3 en malas condiciones del camino, lo que ha provocado un aumento de los siniestros viales, el deterioro de los veh\u00edculos, adem\u00e1s de un malestar en la poblaci\u00f3n residente y flotante, debido a que este enlace se encuentra ubicado en la v\u00eda de conexi\u00f3n terrestre m\u00e1s importante de la comuna, dentro de la ruta m\u00e1s transitada de la regi\u00f3n, por la cual circula diariamente una gran cantidad de veh\u00edculos de carga pesada provenientes de Puerto Chacabuco.<\/p>\n<p style=\"text-align: justify;\">En esta misma l\u00ednea, se le plante\u00f3 a la ministra la necesidad de contar con financiamiento para el proyecto de reposici\u00f3n del puente R\u00edo los Palos, de manera que se permita finalizar los estudios que requiere para su posterior ejecuci\u00f3n. Adem\u00e1s, se le solicit\u00f3 agilizar los tr\u00e1mites que permitan iniciar el proyecto de construcci\u00f3n del puente El Blanco, cuyos usuarios en la actualidad deben cruzar el cauce a trav\u00e9s de una balsa, con los riesgos e incertidumbre que esto representa.<\/p>\n<p style=\"text-align: justify;\">Junto con lo anterior, el alcalde tambi\u00e9n plante\u00f3 la necesidad de contar pronto con una instalaci\u00f3n apropiada de generaci\u00f3n de electricidad fotovoltaica en Isla las Huichas, debido a que el suministro el\u00e9ctrico en la localidad es fundamental para garantizar el suministro h\u00eddrico de los residentes a trav\u00e9s del funcionamiento de la planta de desalinizaci\u00f3n de agua.<\/p>\n<p style=\"text-align: justify;\">En la reuni\u00f3n, el seremi de Obras P\u00fablicas, Omar Sanhueza, expuso los diferentes avances que se tienen en cartera para avanzar en la pavimentaci\u00f3n de los 143 kil\u00f3metros de la Ruta 7 prometidos por el presidente Gabriel Boric. Respecto de este tema, la ministra se\u00f1al\u00f3 que \u201cvamos a tratar de honrar la promesa que hizo el presidente, esforz\u00e1ndonos lo m\u00e1ximo posible en avanzar para concretar esa meta de pavimentaci\u00f3n\u201d. En esta misma l\u00ednea, durante la presentaci\u00f3n del seremi, se destacaron los proyectos de pavimentaci\u00f3n que se encuentran actualmente considerados para la comuna:<\/p>\n<p style=\"text-align: justify;\">Ruta X-550 R\u00edo Blanco (losa optimizada) 2 Km<\/p>\n<p style=\"text-align: justify;\">Ruta X-544 Pangal (losa optimizada) 2,79 Km<\/p>\n<p style=\"text-align: justify;\">Ruta X-528 Camino sector puente r\u00edo los palos 4,82 Km<\/p>\n<p style=\"text-align: justify;\">Ruta X-542 Balseo 1,60 Km<\/p>\n<p style=\"text-align: justify;\">Estos proyectos, sumados a los formulados y presentados por el municipio, se suman a la cartera de proyectos en evaluaci\u00f3n y ejecuci\u00f3n en Ays\u00e9n con el que se busca entregar mayor y mejor conectividad a los habitantes de todo el territorio.<\/p>\n<\/div><\/section><\/div><div  style='height:50px' class='hr hr-invisible   avia-builder-el-6  el_after_av_one_full  el_before_av_social_share '><span class='hr-inner ' ><span class='hr-inner-style'><\/span><\/span><\/div><\/p>\n<div  class='av-social-sharing-box  avia-builder-el-7  el_after_av_hr  el_before_av_hr  '><div class='av-share-box'><h5 class='av-share-link-description av-no-toc '>Compartir esta noticia<\/h5><ul class='av-share-box-list noLightbox'><li class='av-share-link av-social-link-facebook' ><a target=\"_blank\" aria-label=\"Compartir en Facebook\" href='https:\/\/www.facebook.com\/sharer.php?u=https:\/\/radiorevelacionfm.cl\/?p=33302&#038;t=Alcalde%20Uribe%20expone%20problem%C3%A1ticas%20comunales%20a%20ministra%20de%20Obras%20P%C3%BAblicas' aria-hidden='false' data-av_icon='\ue8f3' data-av_iconfont='entypo-fontello' title='' data-avia-related-tooltip='Compartir en Facebook' rel=\"noopener\"><span class='avia_hidden_link_text'>Compartir en Facebook<\/span><\/a><\/li><li class='av-share-link av-social-link-twitter' ><a target=\"_blank\" aria-label=\"Compartir en Twitter\" href='https:\/\/twitter.com\/share?text=Alcalde%20Uribe%20expone%20problem%C3%A1ticas%20comunales%20a%20ministra%20de%20Obras%20P%C3%BAblicas&#038;url=https:\/\/radiorevelacionfm.cl\/?p=33302' aria-hidden='false' data-av_icon='\ue8f1' data-av_iconfont='entypo-fontello' title='' data-avia-related-tooltip='Compartir en Twitter' rel=\"noopener\"><span class='avia_hidden_link_text'>Compartir en Twitter<\/span><\/a><\/li><li class='av-share-link av-social-link-whatsapp' ><a target=\"_blank\" aria-label=\"Compartir en Whatsapp\" href='https:\/\/api.whatsapp.com\/send?text=https:\/\/radiorevelacionfm.cl\/?p=33302' aria-hidden='false' data-av_icon='\uf232' data-av_iconfont='entypo-fontello' title='' data-avia-related-tooltip='Compartir en Whatsapp' rel=\"noopener\"><span class='avia_hidden_link_text'>Compartir en Whatsapp<\/span><\/a><\/li><li class='av-share-link av-social-link-linkedin' ><a target=\"_blank\" aria-label=\"Compartir en LinkedIn\" href='https:\/\/linkedin.com\/shareArticle?mini=true&#038;title=Alcalde%20Uribe%20expone%20problem%C3%A1ticas%20comunales%20a%20ministra%20de%20Obras%20P%C3%BAblicas&#038;url=https:\/\/radiorevelacionfm.cl\/?p=33302' aria-hidden='false' data-av_icon='\ue8fc' data-av_iconfont='entypo-fontello' title='' data-avia-related-tooltip='Compartir en LinkedIn' rel=\"noopener\"><span class='avia_hidden_link_text'>Compartir en LinkedIn<\/span><\/a><\/li><li class='av-share-link av-social-link-mail' ><a  aria-label=\"Compartir por correo\" href='mailto:?subject=Alcalde%20Uribe%20expone%20problem%C3%A1ticas%20comunales%20a%20ministra%20de%20Obras%20P%C3%BAblicas&#038;body=https:\/\/radiorevelacionfm.cl\/?p=33302' aria-hidden='false' data-av_icon='\ue805' data-av_iconfont='entypo-fontello' title='' data-avia-related-tooltip='Compartir por correo'><span class='avia_hidden_link_text'>Compartir por correo<\/span><\/a><\/li><\/ul><\/div><\/div>\n<div  style='height:50px' class='hr hr-invisible   avia-builder-el-8  el_after_av_social_share  el_before_av_comments_list '><span class='hr-inner ' ><span class='hr-inner-style'><\/span><\/span><\/div>\n<div  class='av-buildercomment  av-blog-meta-html-info-disabled av-blog-meta-tag-disabled  '><\/div>\n","protected":false},"excerpt":{"rendered":"","protected":false},"author":1,"featured_media":33303,"comment_status":"open","ping_status":"open","sticky":false,"template":"","format":"standard","meta":{"footnotes":""},"categories":[38],"tags":[],"class_list":["post-33302","post","type-post","status-publish","format-standard","has-post-thumbnail","hentry","category-regional"],"jetpack_featured_media_url":"https:\/\/radiorevelacionfm.cl\/wp-content\/uploads\/2023\/07\/IMG_5168-1-1.jpg","_links":{"self":[{"href":"https:\/\/radiorevelacionfm.cl\/index.php?rest_route=\/wp\/v2\/posts\/33302","targetHints":{"allow":["GET"]}}],"collection":[{"href":"https:\/\/radiorevelacionfm.cl\/index.php?rest_route=\/wp\/v2\/posts"}],"about":[{"href":"https:\/\/radiorevelacionfm.cl\/index.php?rest_route=\/wp\/v2\/types\/post"}],"author":[{"embeddable":true,"href":"https:\/\/radiorevelacionfm.cl\/index.php?rest_route=\/wp\/v2\/users\/1"}],"replies":[{"embeddable":true,"href":"https:\/\/radiorevelacionfm.cl\/index.php?rest_route=%2Fwp%2Fv2%2Fcomments&post=33302"}],"version-history":[{"count":1,"href":"https:\/\/radiorevelacionfm.cl\/index.php?rest_route=\/wp\/v2\/posts\/33302\/revisions"}],"predecessor-version":[{"id":33304,"href":"https:\/\/radiorevelacionfm.cl\/index.php?rest_route=\/wp\/v2\/posts\/33302\/revisions\/33304"}],"wp:featuredmedia":[{"embeddable":true,"href":"https:\/\/radiorevelacionfm.cl\/index.php?rest_route=\/wp\/v2\/media\/33303"}],"wp:attachment":[{"href":"https:\/\/radiorevelacionfm.cl\/index.php?rest_route=%2Fwp%2Fv2%2Fmedia&parent=33302"}],"wp:term":[{"taxonomy":"category","embeddable":true,"href":"https:\/\/radiorevelacionfm.cl\/index.php?rest_route=%2Fwp%2Fv2%2Fcategories&post=33302"},{"taxonomy":"post_tag","embeddable":true,"href":"https:\/\/radiorevelacionfm.cl\/index.php?rest_route=%2Fwp%2Fv2%2Ftags&post=33302"}],"curies":[{"name":"wp","href":"https:\/\/api.w.org\/{rel}","templated":true}]}}