{"id":33297,"date":"2023-07-27T17:55:13","date_gmt":"2023-07-27T20:55:13","guid":{"rendered":"https:\/\/radiorevelacionfm.cl\/?p=33297"},"modified":"2023-07-27T18:00:09","modified_gmt":"2023-07-27T21:00:09","slug":"detienen-a-imputado-por-trafico-de-cannabis-ketamina-y-clorhidrato-de-cocaina-en-coyhaique","status":"publish","type":"post","link":"https:\/\/radiorevelacionfm.cl\/?p=33297","title":{"rendered":"Detienen a sujeto por tr\u00e1fico de cannabis, ketamina y clorhidrato de coca\u00edna en Coyhaique"},"content":{"rendered":"<div class=\"flex_column av_one_full  flex_column_div av-zero-column-padding first  avia-builder-el-0  el_before_av_one_full  avia-builder-el-first  \" style='border-radius:0px; '><div  class='avia-image-container  av-styling-    avia-builder-el-1  avia-builder-el-no-sibling  avia-align-center '  itemprop=\"image\" itemscope=\"itemscope\" itemtype=\"https:\/\/schema.org\/ImageObject\"  ><div class='avia-image-container-inner'><div class='avia-image-overlay-wrap'><img decoding=\"async\" class='wp-image-33298 avia-img-lazy-loading-not-33298 avia_image' src=\"https:\/\/radiorevelacionfm.cl\/wp-content\/uploads\/2023\/07\/26-07-2023-BRIANCO-Coyhaique-trafico-por-redes-sociales-Coyhaique-001-1-1.jpg\" alt='' title='26-07-2023 BRIANCO Coyhaique - tr\u00e1fico por redes sociales Coyhaique 001 (1) (1)' height=\"600\" width=\"800\"  itemprop=\"thumbnailUrl\" srcset=\"https:\/\/radiorevelacionfm.cl\/wp-content\/uploads\/2023\/07\/26-07-2023-BRIANCO-Coyhaique-trafico-por-redes-sociales-Coyhaique-001-1-1.jpg 800w, https:\/\/radiorevelacionfm.cl\/wp-content\/uploads\/2023\/07\/26-07-2023-BRIANCO-Coyhaique-trafico-por-redes-sociales-Coyhaique-001-1-1-300x225.jpg 300w, https:\/\/radiorevelacionfm.cl\/wp-content\/uploads\/2023\/07\/26-07-2023-BRIANCO-Coyhaique-trafico-por-redes-sociales-Coyhaique-001-1-1-768x576.jpg 768w, https:\/\/radiorevelacionfm.cl\/wp-content\/uploads\/2023\/07\/26-07-2023-BRIANCO-Coyhaique-trafico-por-redes-sociales-Coyhaique-001-1-1-705x529.jpg 705w, https:\/\/radiorevelacionfm.cl\/wp-content\/uploads\/2023\/07\/26-07-2023-BRIANCO-Coyhaique-trafico-por-redes-sociales-Coyhaique-001-1-1-450x338.jpg 450w, https:\/\/radiorevelacionfm.cl\/wp-content\/uploads\/2023\/07\/26-07-2023-BRIANCO-Coyhaique-trafico-por-redes-sociales-Coyhaique-001-1-1-600x450.jpg 600w\" sizes=\"(max-width: 800px) 100vw, 800px\" \/><\/div><\/div><\/div><\/div>\n<div class=\"flex_column av_one_full  flex_column_div av-zero-column-padding first  avia-builder-el-2  el_after_av_one_full  el_before_av_one_full  column-top-margin\" style='border-radius:0px; '><section class=\"av_textblock_section \"  itemscope=\"itemscope\" itemtype=\"https:\/\/schema.org\/BlogPosting\" itemprop=\"blogPost\" ><div class='avia_textblock  '   itemprop=\"text\" ><p style=\"text-align: center;\"><strong><span style=\"font-size: 18pt;\">Detienen a sujeto por tr\u00e1fico de cannabis, ketamina y clorhidrato de coca\u00edna en Coyhaique<\/span><\/strong><\/p>\n<div id=\"gtx-trans\" style=\"position: absolute; left: -50px; top: 4.31534px;\">\n<div class=\"gtx-trans-icon\"><\/div>\n<\/div>\n<\/div><\/section><\/div><div class=\"flex_column av_one_full  flex_column_div av-zero-column-padding first  avia-builder-el-4  el_after_av_one_full  el_before_av_hr  column-top-margin\" style='border-radius:0px; '><section class=\"av_textblock_section \"  itemscope=\"itemscope\" itemtype=\"https:\/\/schema.org\/BlogPosting\" itemprop=\"blogPost\" ><div class='avia_textblock  '   itemprop=\"text\" ><p style=\"text-align: justify;\">En prisi\u00f3n preventiva qued\u00f3 un joven de 18 a\u00f1os, chileno y con domicilio en la capital regional, tras una investigaci\u00f3n por el delito de tr\u00e1fico de drogas llevada a cabo por detectives del equipo Microtr\u00e1fico Cero (MT-0) de la Brigada Antinarc\u00f3ticos y Contra el Crimen Organizado (BRIANCO) Coyhaique en coordinaci\u00f3n con el Ministerio P\u00fablico. La detenci\u00f3n del imputado se materializ\u00f3 la tarde del martes pasando a control de detenci\u00f3n y formalizaci\u00f3n durante el mi\u00e9rcoles.<\/p>\n<p style=\"text-align: justify;\">Al respecto, el subcomisario Ricardo Aedo, jefe subrogante de la BRIANCO Coyhaique, indic\u00f3 que \u201cel procedimiento se enmarca en una investigaci\u00f3n coordinada con el Ministerio P\u00fablico por el delito de tr\u00e1fico il\u00edcito de drogas donde, mediante el uso de t\u00e9cnicas investigativas amparadas por nuestra legislaci\u00f3n, se logr\u00f3 la detenci\u00f3n de una persona chilena, mayor de edad, por la venta de diversas sustancias il\u00edcitas a trav\u00e9s de redes sociales\u201d.<\/p>\n<p style=\"text-align: justify;\">Tras la detenci\u00f3n de esta persona en la v\u00eda p\u00fablica, \u201cel Juzgado de Garant\u00eda de Coyhaique autoriz\u00f3 la entrada y registro de la vivienda del imputado, detectando otros elementos de inter\u00e9s criminal, en este caso, dos armas de fuego, municiones de diverso calibre y drogas del tipo cannabis, ketamina y clorhidrato de coca\u00edna\u201d, puntualiz\u00f3 el subcomisario Aedo.<\/p>\n<p style=\"text-align: justify;\">Durante las diligencias efectuadas por la BRIANCO Coyhaique, los detectives incautaron 103.1 gramos de cannabis, 127 gramos de ketamina y 7.8 gramos de clorhidrato de coca\u00edna, drogas correspondientes a 848 dosis, avaluadas en m\u00e1s de 5.5 millones de pesos. Asimismo, se requisaron plantas del mismo g\u00e9nero y un kit de cultivo indoor.<\/p>\n<p style=\"text-align: justify;\">Del mismo modo, se incautaron dos armas de fuego: un rev\u00f3lver calibre.38 y una pistola calibre 9 mm, adem\u00e1s, 10 cartuchos 9 mm, 4 cartuchos .38 y 1 cartucho calibre 16.<\/p>\n<p style=\"text-align: justify;\"><strong>Fiscal\u00eda<\/strong><\/p>\n<p style=\"text-align: justify;\">Durante la audiencia de formalizaci\u00f3n de investigaci\u00f3n, el Ministerio P\u00fablico formaliz\u00f3 al imputado por cuatro delitos, \u201cen este caso, por el delito de tr\u00e1fico de drogas contemplado en el art\u00edculo N\u00b03 de la Ley 20.000, cultivo ilegal de cannabis, tenencia ilegal de arma de fuego y municiones y tambi\u00e9n tenencia ilegal de arma de fuego con n\u00famero de serie borrado\u201d, expres\u00f3 la fiscal Mar\u00eda In\u00e9s N\u00fa\u00f1ez.<\/p>\n<p style=\"text-align: justify;\">La persecutora penal a\u00f1adi\u00f3 que \u201cel Ministerio P\u00fablico solicit\u00f3 la prisi\u00f3n preventiva de esta persona, a lo que accedi\u00f3 el Tribunal de Garant\u00eda que presidi\u00f3 el magistrado Mario Devaud Ojeda\u201d, estableci\u00e9ndose 90 d\u00edas de investigaci\u00f3n, periodo en el que continuar\u00e1n las diligencias coordinadas entre la Brigada Antinarc\u00f3ticos Coyhaique y la Fiscal\u00eda.<\/p>\n<\/div><\/section><\/div><\/p>\n<div  style='height:50px' class='hr hr-invisible   avia-builder-el-6  el_after_av_one_full  el_before_av_social_share '><span class='hr-inner ' ><span class='hr-inner-style'><\/span><\/span><\/div>\n<div  class='av-social-sharing-box  avia-builder-el-7  el_after_av_hr  el_before_av_hr  '><div class='av-share-box'><h5 class='av-share-link-description av-no-toc '>Compartir esta noticia<\/h5><ul class='av-share-box-list noLightbox'><li class='av-share-link av-social-link-facebook' ><a target=\"_blank\" aria-label=\"Compartir en Facebook\" href='https:\/\/www.facebook.com\/sharer.php?u=https:\/\/radiorevelacionfm.cl\/?p=33297&#038;t=Detienen%20a%20sujeto%20por%20tr%C3%A1fico%20de%20cannabis%2C%20ketamina%20y%20clorhidrato%20de%20coca%C3%ADna%20en%20Coyhaique' aria-hidden='false' data-av_icon='\ue8f3' data-av_iconfont='entypo-fontello' title='' data-avia-related-tooltip='Compartir en Facebook' rel=\"noopener\"><span class='avia_hidden_link_text'>Compartir en Facebook<\/span><\/a><\/li><li class='av-share-link av-social-link-twitter' ><a target=\"_blank\" aria-label=\"Compartir en Twitter\" href='https:\/\/twitter.com\/share?text=Detienen%20a%20sujeto%20por%20tr%C3%A1fico%20de%20cannabis%2C%20ketamina%20y%20clorhidrato%20de%20coca%C3%ADna%20en%20Coyhaique&#038;url=https:\/\/radiorevelacionfm.cl\/?p=33297' aria-hidden='false' data-av_icon='\ue8f1' data-av_iconfont='entypo-fontello' title='' data-avia-related-tooltip='Compartir en Twitter' rel=\"noopener\"><span class='avia_hidden_link_text'>Compartir en Twitter<\/span><\/a><\/li><li class='av-share-link av-social-link-whatsapp' ><a target=\"_blank\" aria-label=\"Compartir en Whatsapp\" href='https:\/\/api.whatsapp.com\/send?text=https:\/\/radiorevelacionfm.cl\/?p=33297' aria-hidden='false' data-av_icon='\uf232' data-av_iconfont='entypo-fontello' title='' data-avia-related-tooltip='Compartir en Whatsapp' rel=\"noopener\"><span class='avia_hidden_link_text'>Compartir en Whatsapp<\/span><\/a><\/li><li class='av-share-link av-social-link-linkedin' ><a target=\"_blank\" aria-label=\"Compartir en LinkedIn\" href='https:\/\/linkedin.com\/shareArticle?mini=true&#038;title=Detienen%20a%20sujeto%20por%20tr%C3%A1fico%20de%20cannabis%2C%20ketamina%20y%20clorhidrato%20de%20coca%C3%ADna%20en%20Coyhaique&#038;url=https:\/\/radiorevelacionfm.cl\/?p=33297' aria-hidden='false' data-av_icon='\ue8fc' data-av_iconfont='entypo-fontello' title='' data-avia-related-tooltip='Compartir en LinkedIn' rel=\"noopener\"><span class='avia_hidden_link_text'>Compartir en LinkedIn<\/span><\/a><\/li><li class='av-share-link av-social-link-mail' ><a  aria-label=\"Compartir por correo\" href='mailto:?subject=Detienen%20a%20sujeto%20por%20tr%C3%A1fico%20de%20cannabis%2C%20ketamina%20y%20clorhidrato%20de%20coca%C3%ADna%20en%20Coyhaique&#038;body=https:\/\/radiorevelacionfm.cl\/?p=33297' aria-hidden='false' data-av_icon='\ue805' data-av_iconfont='entypo-fontello' title='' data-avia-related-tooltip='Compartir por correo'><span class='avia_hidden_link_text'>Compartir por correo<\/span><\/a><\/li><\/ul><\/div><\/div>\n<div  style='height:50px' class='hr hr-invisible   avia-builder-el-8  el_after_av_social_share  el_before_av_comments_list '><span class='hr-inner ' ><span class='hr-inner-style'><\/span><\/span><\/div>\n<div  class='av-buildercomment  av-blog-meta-html-info-disabled av-blog-meta-tag-disabled  '><\/div>\n","protected":false},"excerpt":{"rendered":"","protected":false},"author":1,"featured_media":33298,"comment_status":"open","ping_status":"open","sticky":false,"template":"","format":"standard","meta":{"footnotes":""},"categories":[36],"tags":[],"class_list":["post-33297","post","type-post","status-publish","format-standard","has-post-thumbnail","hentry","category-policial"],"jetpack_featured_media_url":"https:\/\/radiorevelacionfm.cl\/wp-content\/uploads\/2023\/07\/26-07-2023-BRIANCO-Coyhaique-trafico-por-redes-sociales-Coyhaique-001-1-1.jpg","_links":{"self":[{"href":"https:\/\/radiorevelacionfm.cl\/index.php?rest_route=\/wp\/v2\/posts\/33297","targetHints":{"allow":["GET"]}}],"collection":[{"href":"https:\/\/radiorevelacionfm.cl\/index.php?rest_route=\/wp\/v2\/posts"}],"about":[{"href":"https:\/\/radiorevelacionfm.cl\/index.php?rest_route=\/wp\/v2\/types\/post"}],"author":[{"embeddable":true,"href":"https:\/\/radiorevelacionfm.cl\/index.php?rest_route=\/wp\/v2\/users\/1"}],"replies":[{"embeddable":true,"href":"https:\/\/radiorevelacionfm.cl\/index.php?rest_route=%2Fwp%2Fv2%2Fcomments&post=33297"}],"version-history":[{"count":3,"href":"https:\/\/radiorevelacionfm.cl\/index.php?rest_route=\/wp\/v2\/posts\/33297\/revisions"}],"predecessor-version":[{"id":33301,"href":"https:\/\/radiorevelacionfm.cl\/index.php?rest_route=\/wp\/v2\/posts\/33297\/revisions\/33301"}],"wp:featuredmedia":[{"embeddable":true,"href":"https:\/\/radiorevelacionfm.cl\/index.php?rest_route=\/wp\/v2\/media\/33298"}],"wp:attachment":[{"href":"https:\/\/radiorevelacionfm.cl\/index.php?rest_route=%2Fwp%2Fv2%2Fmedia&parent=33297"}],"wp:term":[{"taxonomy":"category","embeddable":true,"href":"https:\/\/radiorevelacionfm.cl\/index.php?rest_route=%2Fwp%2Fv2%2Fcategories&post=33297"},{"taxonomy":"post_tag","embeddable":true,"href":"https:\/\/radiorevelacionfm.cl\/index.php?rest_route=%2Fwp%2Fv2%2Ftags&post=33297"}],"curies":[{"name":"wp","href":"https:\/\/api.w.org\/{rel}","templated":true}]}}