{"id":33294,"date":"2023-07-27T15:34:39","date_gmt":"2023-07-27T18:34:39","guid":{"rendered":"https:\/\/radiorevelacionfm.cl\/?p=33294"},"modified":"2023-07-27T15:34:39","modified_gmt":"2023-07-27T18:34:39","slug":"anuncian-nueva-barcaza-para-el-lago-general-carrera-y-una-importante-cartera-de-inversiones-en-la-region-de-aysen","status":"publish","type":"post","link":"https:\/\/radiorevelacionfm.cl\/?p=33294","title":{"rendered":"Anuncian nueva barcaza para el Lago General Carrera y una importante cartera de inversiones en la regi\u00f3n de Ays\u00e9n"},"content":{"rendered":"<div class=\"flex_column av_one_full  flex_column_div av-zero-column-padding first  avia-builder-el-0  el_before_av_one_full  avia-builder-el-first  \" style='border-radius:0px; '><div  class='avia-image-container  av-styling-    avia-builder-el-1  avia-builder-el-no-sibling  avia-align-center '  itemprop=\"image\" itemscope=\"itemscope\" itemtype=\"https:\/\/schema.org\/ImageObject\"  ><div class='avia-image-container-inner'><div class='avia-image-overlay-wrap'><img decoding=\"async\" class='wp-image-33295 avia-img-lazy-loading-not-33295 avia_image' src=\"https:\/\/radiorevelacionfm.cl\/wp-content\/uploads\/2023\/07\/19-MIN-ALCALDES-1-1.jpg\" alt='' title='19-MIN-ALCALDES (1) (1)' height=\"600\" width=\"1094\"  itemprop=\"thumbnailUrl\" srcset=\"https:\/\/radiorevelacionfm.cl\/wp-content\/uploads\/2023\/07\/19-MIN-ALCALDES-1-1.jpg 1094w, https:\/\/radiorevelacionfm.cl\/wp-content\/uploads\/2023\/07\/19-MIN-ALCALDES-1-1-300x165.jpg 300w, https:\/\/radiorevelacionfm.cl\/wp-content\/uploads\/2023\/07\/19-MIN-ALCALDES-1-1-1030x565.jpg 1030w, https:\/\/radiorevelacionfm.cl\/wp-content\/uploads\/2023\/07\/19-MIN-ALCALDES-1-1-768x421.jpg 768w, https:\/\/radiorevelacionfm.cl\/wp-content\/uploads\/2023\/07\/19-MIN-ALCALDES-1-1-705x387.jpg 705w, https:\/\/radiorevelacionfm.cl\/wp-content\/uploads\/2023\/07\/19-MIN-ALCALDES-1-1-450x247.jpg 450w, https:\/\/radiorevelacionfm.cl\/wp-content\/uploads\/2023\/07\/19-MIN-ALCALDES-1-1-600x329.jpg 600w\" sizes=\"(max-width: 1094px) 100vw, 1094px\" \/><\/div><\/div><\/div><\/div><div class=\"flex_column av_one_full  flex_column_div av-zero-column-padding first  avia-builder-el-2  el_after_av_one_full  el_before_av_one_full  column-top-margin\" style='border-radius:0px; '><section class=\"av_textblock_section \"  itemscope=\"itemscope\" itemtype=\"https:\/\/schema.org\/BlogPosting\" itemprop=\"blogPost\" ><div class='avia_textblock  '   itemprop=\"text\" ><p style=\"text-align: center;\"><strong><span style=\"font-size: 18pt;\">Anuncian nueva barcaza para el Lago General Carrera y una importante cartera de inversiones en la regi\u00f3n de Ays\u00e9n<\/span><\/strong><\/p>\n<div id=\"gtx-trans\" style=\"position: absolute; left: -50px; top: 4.31534px;\">\n<div class=\"gtx-trans-icon\"><\/div>\n<\/div>\n<\/div><\/section><\/div><div class=\"flex_column av_one_full  flex_column_div av-zero-column-padding first  avia-builder-el-4  el_after_av_one_full  el_before_av_hr  column-top-margin\" style='border-radius:0px; '><section class=\"av_textblock_section \"  itemscope=\"itemscope\" itemtype=\"https:\/\/schema.org\/BlogPosting\" itemprop=\"blogPost\" ><div class='avia_textblock  '   itemprop=\"text\" ><p style=\"text-align: justify;\">En el marco de su visita a la Regi\u00f3n de Ays\u00e9n, la ministra de Obras P\u00fablicas, Jessica L\u00f3pez, anunci\u00f3 una nueva barcaza para el Lago General Carrera con el fin de dar soluci\u00f3n a los problemas de conectividad entre las localidades de Puerto Ingeniero Ib\u00e1\u00f1ez y Chile Chico, que permita fomentar el desarrollo productivo, econ\u00f3mico y social de ambas comunas y de la Regi\u00f3n de Ays\u00e9n.<\/p>\n<p style=\"text-align: justify;\">La nueva nave para Ays\u00e9n, que deber\u00eda ser entregada a la comunidad a fines de 2025, se enmarca en un compromiso del Presidente Boric y significar\u00e1 una inversi\u00f3n de 17 mil millones de pesos. Para su dise\u00f1o, se desarroll\u00f3 una asesor\u00eda t\u00e9cnica por parte de la Escuela de Ingenier\u00eda Naval de la Universidad Austral y, en base a importantes procesos de participaci\u00f3n ciudadana desarrollados por la Direcci\u00f3n de Obras Portuarias, la ciudadan\u00eda eligi\u00f3 las caracter\u00edsticas de la nueva embarcaci\u00f3n.<\/p>\n<p style=\"text-align: justify;\">La ministra L\u00f3pez tambi\u00e9n ratific\u00f3 el compromiso del Ministerio de Obras P\u00fablicas de seguir avanzando en obras para la conectividad vial de la regi\u00f3n. \u00abLo m\u00e1s importante, en primer lugar, es que como Ministerio acogemos una demanda que surge en forma sistem\u00e1tica y permanente de un mayor nivel de conectividad en la regi\u00f3n de Ays\u00e9n y para eso hemos preparado un Plan de Conectividad que dice relaci\u00f3n con la generaci\u00f3n de est\u00e1ndares de caminos de mejor calidad. La resoluci\u00f3n en el caso de la Ruta 7 Norte, de su continuidad completa, aunque hay tramos en los que vamos a seguir usando barcazas, pero que est\u00e9 completamente pavimentada y avanzar tambi\u00e9n en la ruta 7 de Coyhaique al sur, en donde hay varios cientos de kil\u00f3metros pendientes que iremos abordando en forma gradual\u201d.<\/p>\n<p style=\"text-align: justify;\">En este sentido, anunci\u00f3 una importante cartera de proyectos para mejorar la conectividad de la Regi\u00f3n de Ays\u00e9n.<\/p>\n<p style=\"text-align: justify;\">El principal es que en el per\u00edodo 2023-2024 se concretar\u00e1n 88 kil\u00f3metros con sellos asf\u00e1lticos y se continuar\u00e1 priorizando esta soluci\u00f3n para abordar cerca de 200 kil\u00f3metros durante el per\u00edodo de gobierno.<\/p>\n<p style=\"text-align: justify;\">Adem\u00e1s, anunci\u00f3 que este 2023 se llamar\u00e1 a licitaci\u00f3n 77 kil\u00f3metros de pavimento, que incluyen 5 tramos de la Ruta 7, para as\u00ed dar inicio a contratos por 68,5 km de pavimento. Adicionalmente, se llamar\u00e1 a licitaci\u00f3n un tramo de la ruta 265-CH, de 8,5 kil\u00f3metros. Esto forma parte del compromiso presidencial de terminar el per\u00edodo de gobierno con 140 nuevos kil\u00f3metros de pavimento en la regi\u00f3n.<\/p>\n<p style=\"text-align: justify;\">Entre las obras en las que se busca avanzar en este segundo semestre de 2023, cuentan la licitaci\u00f3n de contratos de pavimentaci\u00f3n, en Ruta 7 y otros, como la pavimentaci\u00f3n del camino a Lago Atravesado, y adem\u00e1s con contratos que han quedado abandonados, como son la salida norte de Coyhaique, la Rotonda de Puerto Ays\u00e9n, el Puente Pedregoso (\u00d1irehuao), la pavimentaci\u00f3n Laguna Verde \u2013 Alcantarilla Cascada, entre otros.<\/p>\n<p style=\"text-align: justify;\">Junto con las obras de vialidad, la ministra L\u00f3pez anunci\u00f3, tambi\u00e9n la licitaci\u00f3n de la nueva barcaza para el lago General Carrera, durante este a\u00f1o se licitar\u00e1n las obras para ampliar la rampa Isla Toto; la conservaci\u00f3n de los terminales portuarios de Puerto Ib\u00e1\u00f1ez y Chile Chico; el dise\u00f1o para la reposici\u00f3n de la infraestructura portuaria en Caleta Tortel; la conservaci\u00f3n del Muelle Puerto Guadal, el Muelle Lago Vargas y el Muelle Bah\u00eda Erasmo; la construcci\u00f3n del borde costero de Puyuhuapi; el dise\u00f1o para la reposici\u00f3n y ampliaci\u00f3n del Muelle La Balsa; el dise\u00f1o para los terminales portuarios de Melinka, Aguirre y Ra\u00fal Mar\u00edn Balmaceda; la prefactibilidad de infraestructura portuaria de Puerto Chacabuco; el dise\u00f1o de infraestructura portuaria en el Avellano; el dise\u00f1o de infraestructura Portuaria en Puerto S\u00e1nchez, y la construcci\u00f3n del terminal portuario de Chile Chico.<\/p>\n<p style=\"text-align: justify;\">En el \u00e1mbito aeroportuario, adem\u00e1s de las obras que comenzaron en el Aer\u00f3dromo Balmaceda, la ministra L\u00f3pez anunci\u00f3 que durante agosto se licitar\u00e1n obras por un total de 1.907 millones de pesos, que permitir\u00e1n realizar una conservaci\u00f3n mayor al aer\u00f3dromo de Villa O\u2019Higgins y la conservaci\u00f3n peri\u00f3dica del aer\u00f3dromo Teniente Vidal. Durante septiembre, se licitar\u00e1 la conservaci\u00f3n de Peque\u00f1os Aer\u00f3dromos Melinka 2023-2024; la conservaci\u00f3n mayor al aer\u00f3dromo Puyuhuapi; la conservaci\u00f3n peri\u00f3dica del aer\u00f3dromo Cabo 1\u00b0Juan Rom\u00e1n; adem\u00e1s de las obras de conservaci\u00f3n del Aer\u00f3dromo Balmaceda, todo por un total de $ 4.386 millones.<\/p>\n<p style=\"text-align: justify;\">Para fines de este a\u00f1o, se espera un nuevo llamado a licitaci\u00f3n por 2.128 millones que considera la conservaci\u00f3n mayor al aer\u00f3dromo de Chile Chico y la conservaci\u00f3n rutinaria de Balmaceda.<\/p>\n<p style=\"text-align: justify;\">En el \u00e1mbito de la edificaci\u00f3n p\u00fablica, destaca el proyecto de reposici\u00f3n del Edificio Consistorial de R\u00edo Ib\u00e1\u00f1ez. Este proyecto ser\u00e1 financiado por el Gobierno Regional y por la Subsecretar\u00eda de Desarrollo Regional. El MOP se encuentra ejecutando tambi\u00e9n el proyecto de reposici\u00f3n del Edificio de Aduanas, en Puerto Chacabuco, proyecto que responde a las obras para la seguridad que desarrolla el ministerio.<\/p>\n<p style=\"text-align: justify;\">\u201cSabemos que tambi\u00e9n hay demandas en materia de aguas en las zonas rurales y en obras que nuestro ministerio ejecuta para otros servicios, por ejemplo, edificios consistoriales y un conjunto de obras que tienen que ver con la cultura, con la educaci\u00f3n, con el desarrollo que el Ministerio de Obras P\u00fablicas hace a trav\u00e9s de su direcci\u00f3n de arquitectura, pero hoy nos enfocamos en la conectividad\u00bb, asegur\u00f3 la ministra L\u00f3pez.<\/p>\n<\/div><\/section><\/div><div  style='height:50px' class='hr hr-invisible   avia-builder-el-6  el_after_av_one_full  el_before_av_social_share '><span class='hr-inner ' ><span class='hr-inner-style'><\/span><\/span><\/div><\/p>\n<div  class='av-social-sharing-box  avia-builder-el-7  el_after_av_hr  el_before_av_hr  '><div class='av-share-box'><h5 class='av-share-link-description av-no-toc '>Compartir esta noticia<\/h5><ul class='av-share-box-list noLightbox'><li class='av-share-link av-social-link-facebook' ><a target=\"_blank\" aria-label=\"Compartir en Facebook\" href='https:\/\/www.facebook.com\/sharer.php?u=https:\/\/radiorevelacionfm.cl\/?p=33294&#038;t=Anuncian%20nueva%20barcaza%20para%20el%20Lago%20General%20Carrera%20y%20una%20importante%20cartera%20de%20inversiones%20en%20la%20regi%C3%B3n%20de%20Ays%C3%A9n' aria-hidden='false' data-av_icon='\ue8f3' data-av_iconfont='entypo-fontello' title='' data-avia-related-tooltip='Compartir en Facebook' rel=\"noopener\"><span class='avia_hidden_link_text'>Compartir en Facebook<\/span><\/a><\/li><li class='av-share-link av-social-link-twitter' ><a target=\"_blank\" aria-label=\"Compartir en Twitter\" href='https:\/\/twitter.com\/share?text=Anuncian%20nueva%20barcaza%20para%20el%20Lago%20General%20Carrera%20y%20una%20importante%20cartera%20de%20inversiones%20en%20la%20regi%C3%B3n%20de%20Ays%C3%A9n&#038;url=https:\/\/radiorevelacionfm.cl\/?p=33294' aria-hidden='false' data-av_icon='\ue8f1' data-av_iconfont='entypo-fontello' title='' data-avia-related-tooltip='Compartir en Twitter' rel=\"noopener\"><span class='avia_hidden_link_text'>Compartir en Twitter<\/span><\/a><\/li><li class='av-share-link av-social-link-whatsapp' ><a target=\"_blank\" aria-label=\"Compartir en Whatsapp\" href='https:\/\/api.whatsapp.com\/send?text=https:\/\/radiorevelacionfm.cl\/?p=33294' aria-hidden='false' data-av_icon='\uf232' data-av_iconfont='entypo-fontello' title='' data-avia-related-tooltip='Compartir en Whatsapp' rel=\"noopener\"><span class='avia_hidden_link_text'>Compartir en Whatsapp<\/span><\/a><\/li><li class='av-share-link av-social-link-linkedin' ><a target=\"_blank\" aria-label=\"Compartir en LinkedIn\" href='https:\/\/linkedin.com\/shareArticle?mini=true&#038;title=Anuncian%20nueva%20barcaza%20para%20el%20Lago%20General%20Carrera%20y%20una%20importante%20cartera%20de%20inversiones%20en%20la%20regi%C3%B3n%20de%20Ays%C3%A9n&#038;url=https:\/\/radiorevelacionfm.cl\/?p=33294' aria-hidden='false' data-av_icon='\ue8fc' data-av_iconfont='entypo-fontello' title='' data-avia-related-tooltip='Compartir en LinkedIn' rel=\"noopener\"><span class='avia_hidden_link_text'>Compartir en LinkedIn<\/span><\/a><\/li><li class='av-share-link av-social-link-mail' ><a  aria-label=\"Compartir por correo\" href='mailto:?subject=Anuncian%20nueva%20barcaza%20para%20el%20Lago%20General%20Carrera%20y%20una%20importante%20cartera%20de%20inversiones%20en%20la%20regi%C3%B3n%20de%20Ays%C3%A9n&#038;body=https:\/\/radiorevelacionfm.cl\/?p=33294' aria-hidden='false' data-av_icon='\ue805' data-av_iconfont='entypo-fontello' title='' data-avia-related-tooltip='Compartir por correo'><span class='avia_hidden_link_text'>Compartir por correo<\/span><\/a><\/li><\/ul><\/div><\/div>\n<div  style='height:50px' class='hr hr-invisible   avia-builder-el-8  el_after_av_social_share  el_before_av_comments_list '><span class='hr-inner ' ><span class='hr-inner-style'><\/span><\/span><\/div>\n<div  class='av-buildercomment  av-blog-meta-html-info-disabled av-blog-meta-tag-disabled  '><\/div>\n","protected":false},"excerpt":{"rendered":"","protected":false},"author":1,"featured_media":33295,"comment_status":"open","ping_status":"open","sticky":false,"template":"","format":"standard","meta":{"footnotes":""},"categories":[38],"tags":[],"class_list":["post-33294","post","type-post","status-publish","format-standard","has-post-thumbnail","hentry","category-regional"],"jetpack_featured_media_url":"https:\/\/radiorevelacionfm.cl\/wp-content\/uploads\/2023\/07\/19-MIN-ALCALDES-1-1.jpg","_links":{"self":[{"href":"https:\/\/radiorevelacionfm.cl\/index.php?rest_route=\/wp\/v2\/posts\/33294","targetHints":{"allow":["GET"]}}],"collection":[{"href":"https:\/\/radiorevelacionfm.cl\/index.php?rest_route=\/wp\/v2\/posts"}],"about":[{"href":"https:\/\/radiorevelacionfm.cl\/index.php?rest_route=\/wp\/v2\/types\/post"}],"author":[{"embeddable":true,"href":"https:\/\/radiorevelacionfm.cl\/index.php?rest_route=\/wp\/v2\/users\/1"}],"replies":[{"embeddable":true,"href":"https:\/\/radiorevelacionfm.cl\/index.php?rest_route=%2Fwp%2Fv2%2Fcomments&post=33294"}],"version-history":[{"count":1,"href":"https:\/\/radiorevelacionfm.cl\/index.php?rest_route=\/wp\/v2\/posts\/33294\/revisions"}],"predecessor-version":[{"id":33296,"href":"https:\/\/radiorevelacionfm.cl\/index.php?rest_route=\/wp\/v2\/posts\/33294\/revisions\/33296"}],"wp:featuredmedia":[{"embeddable":true,"href":"https:\/\/radiorevelacionfm.cl\/index.php?rest_route=\/wp\/v2\/media\/33295"}],"wp:attachment":[{"href":"https:\/\/radiorevelacionfm.cl\/index.php?rest_route=%2Fwp%2Fv2%2Fmedia&parent=33294"}],"wp:term":[{"taxonomy":"category","embeddable":true,"href":"https:\/\/radiorevelacionfm.cl\/index.php?rest_route=%2Fwp%2Fv2%2Fcategories&post=33294"},{"taxonomy":"post_tag","embeddable":true,"href":"https:\/\/radiorevelacionfm.cl\/index.php?rest_route=%2Fwp%2Fv2%2Ftags&post=33294"}],"curies":[{"name":"wp","href":"https:\/\/api.w.org\/{rel}","templated":true}]}}