{"id":33291,"date":"2023-07-27T22:27:31","date_gmt":"2023-07-28T01:27:31","guid":{"rendered":"https:\/\/radiorevelacionfm.cl\/?p=33291"},"modified":"2023-07-27T22:27:31","modified_gmt":"2023-07-28T01:27:31","slug":"hospital-regional-de-coyhaique-logro-su-tercera-acreditacion-consecutiva","status":"publish","type":"post","link":"https:\/\/radiorevelacionfm.cl\/?p=33291","title":{"rendered":"Hospital Regional de Coyhaique logr\u00f3 su tercera acreditaci\u00f3n consecutiva"},"content":{"rendered":"<div class=\"flex_column av_one_full  flex_column_div av-zero-column-padding first  avia-builder-el-0  el_before_av_one_full  avia-builder-el-first  \" style='border-radius:0px; '><div  class='avia-image-container  av-styling-    avia-builder-el-1  avia-builder-el-no-sibling  avia-align-center '  itemprop=\"image\" itemscope=\"itemscope\" itemtype=\"https:\/\/schema.org\/ImageObject\"  ><div class='avia-image-container-inner'><div class='avia-image-overlay-wrap'><img decoding=\"async\" class='wp-image-33292 avia-img-lazy-loading-not-33292 avia_image' src=\"https:\/\/radiorevelacionfm.cl\/wp-content\/uploads\/2023\/07\/hospital-regional-coyhaique-vista-aerea-2023-1-1_optimized-1_optimized-1.jpg\" alt='' title='hospital-regional-coyhaique-vista-a\u00e9rea-2023-(1)-(1)_optimized-(1)_optimized (1)' height=\"600\" width=\"842\"  itemprop=\"thumbnailUrl\" srcset=\"https:\/\/radiorevelacionfm.cl\/wp-content\/uploads\/2023\/07\/hospital-regional-coyhaique-vista-aerea-2023-1-1_optimized-1_optimized-1.jpg 842w, https:\/\/radiorevelacionfm.cl\/wp-content\/uploads\/2023\/07\/hospital-regional-coyhaique-vista-aerea-2023-1-1_optimized-1_optimized-1-300x214.jpg 300w, https:\/\/radiorevelacionfm.cl\/wp-content\/uploads\/2023\/07\/hospital-regional-coyhaique-vista-aerea-2023-1-1_optimized-1_optimized-1-768x547.jpg 768w, https:\/\/radiorevelacionfm.cl\/wp-content\/uploads\/2023\/07\/hospital-regional-coyhaique-vista-aerea-2023-1-1_optimized-1_optimized-1-260x185.jpg 260w, https:\/\/radiorevelacionfm.cl\/wp-content\/uploads\/2023\/07\/hospital-regional-coyhaique-vista-aerea-2023-1-1_optimized-1_optimized-1-705x502.jpg 705w, https:\/\/radiorevelacionfm.cl\/wp-content\/uploads\/2023\/07\/hospital-regional-coyhaique-vista-aerea-2023-1-1_optimized-1_optimized-1-450x321.jpg 450w, https:\/\/radiorevelacionfm.cl\/wp-content\/uploads\/2023\/07\/hospital-regional-coyhaique-vista-aerea-2023-1-1_optimized-1_optimized-1-600x428.jpg 600w\" sizes=\"(max-width: 842px) 100vw, 842px\" \/><\/div><\/div><\/div><\/div><div class=\"flex_column av_one_full  flex_column_div av-zero-column-padding first  avia-builder-el-2  el_after_av_one_full  el_before_av_one_full  column-top-margin\" style='border-radius:0px; '><section class=\"av_textblock_section \"  itemscope=\"itemscope\" itemtype=\"https:\/\/schema.org\/BlogPosting\" itemprop=\"blogPost\" ><div class='avia_textblock  '   itemprop=\"text\" ><p style=\"text-align: center;\"><span style=\"font-size: 18pt;\"><strong>Hospital Regional de Coyhaique logr\u00f3 su tercera acreditaci\u00f3n consecutiva<\/strong><\/span><\/p>\n<div id=\"gtx-trans\" style=\"position: absolute; left: -50px; top: 4.31534px;\">\n<div class=\"gtx-trans-icon\"><\/div>\n<\/div>\n<\/div><\/section><\/div><div class=\"flex_column av_one_full  flex_column_div av-zero-column-padding first  avia-builder-el-4  el_after_av_one_full  el_before_av_hr  column-top-margin\" style='border-radius:0px; '><section class=\"av_textblock_section \"  itemscope=\"itemscope\" itemtype=\"https:\/\/schema.org\/BlogPosting\" itemprop=\"blogPost\" ><div class='avia_textblock  '   itemprop=\"text\" ><p style=\"text-align: justify;\">El 2015 el Hospital Regional de Coyhaique \u2013HRC- se plante\u00f3 como un objetivo, impulsado por el Programa de Calidad, ingresar la solicitud de acreditaci\u00f3n de prestadores. En enero de 2016, luego de someterse a una primera evaluaci\u00f3n por una entidad acreditadora externa, obtuvo su primer sello de calidad, aprobando todas las caracter\u00edsticas obligatorias y alcanzando un 66% de las caracter\u00edsticas totales. Ya en 2019 el porcentaje de aprobaci\u00f3n alcanz\u00f3 el 83% de las caracter\u00edsticas totales, elevando sus est\u00e1ndares de calidad y logrando acreditar por segunda vez, asumiendo de inmediato el desaf\u00edo de alcanzar una tercera acreditaci\u00f3n. En diciembre de 2022 y luego de enfrentar la pandemia causada por el Covid-19, el hospital ingresa a la Superintendencia de Salud la solicitud para una nueva reacreditaci\u00f3n.<\/p>\n<p style=\"text-align: justify;\">Daniel Jara, director (s) del Hospital Regional de Coyhaique, destac\u00f3 esta nueva acreditaci\u00f3n obtenida por el HRC, reconociendo el esfuerzo de todos y todas las funcionarias. \u201dComo hospital estamos muy contentos. Con la visita y apoyo de nuestra seremi y nuestra direcci\u00f3n de Servicio de Salud Ays\u00e9n \u2013SSA-, estamos manifestando la alegr\u00eda de haber logrado, como Hospital Regional Coyhaique y como el \u00fanico hospital de alta complejidad en la regi\u00f3n, acreditar por tercera vez, lo que implica cumplir con los est\u00e1ndares de calidad en la atenci\u00f3n de nuestros usuarios\u201d, sostuvo.<\/p>\n<p style=\"text-align: justify;\">\u201cEste logro es el fin obtenido a trav\u00e9s de una evaluaci\u00f3n de cuatro d\u00edas de un ente externo, que nos someti\u00f3 a un juicio respecto a si cumpl\u00edamos o no cumpl\u00edamos con estos est\u00e1ndares. Cumplimos por tercera vez, se ha logrado la meta, lo que brinda una tranquilidad para nuestros usuarios.\u00a0 Ahora, a seguir trabajando y ser un aporte para el resto de la red, para que tambi\u00e9n puedan lograr esta acreditaci\u00f3n, certificar y dar tranquilidad a nuestros usuarios de estar siendo atendidos con el m\u00e1s alto est\u00e1ndar de calidad posible\u201d, recalc\u00f3 Jara, quien tambi\u00e9n reconoci\u00f3 la gesti\u00f3n realizada por el ahora ex director, Jaime L\u00f3pez, quien estuvo a la cabeza del HRC durante la anterior acreditaci\u00f3n y fue parte del actual proceso.<\/p>\n<p style=\"text-align: justify;\">\u201cUn agradecimiento tambi\u00e9n a la gesti\u00f3n saliente, don Jaime L\u00f3pez, que lider\u00f3 todo este proceso para llegar al logro que tenemos hoy, que nos llena de alegr\u00eda como hospital. Damos tranquilidad a la comunidad de que estamos haciendo las cosas bien, conforme a la calidad esperada, con est\u00e1ndares internacionales y nacionales, que permiten dar una buena atenci\u00f3n, de calidad, en salud\u201d recalc\u00f3 el actual director (s).<\/p>\n<p style=\"text-align: justify;\"><strong>\u201cSeguir trabajando en forma coordinada\u201d<\/strong><\/p>\n<p style=\"text-align: justify;\">Del mismo modo, Ram\u00f3n Vergara, subdirector de Gesti\u00f3n Asistencial (s), representando al Servicio de Salud Ays\u00e9n, felicit\u00f3 a todas y todos los funcionarios del HRC y destac\u00f3 la importancia de este hito para trabajar juntos en fortalecer la red, apoyando a otros establecimientos con la experiencia obtenida gracias a sus tres exitosos procesos.<\/p>\n<p style=\"text-align: justify;\">\u201cLas felicitaciones a todo el equipo directivo, sabemos que todos trabajaron en forma muy unida, tanto las jefaturas, como los equipos cl\u00ednicos. Es un hito para nosotros, lograron m\u00e1s del 95% de las caracter\u00edsticas que hab\u00eda que cumplir, lo que es algo muy relevante para la regi\u00f3n. Esperamos que sea un ejemplo para los otros establecimientos que tienen que cumplir con acreditaci\u00f3n en el futuro y esperamos que esto nos sirva para seguir trabajando en forma coordinada, tanto con los hospitales de la red, como, tambi\u00e9n, con nosotros, como servicio\u201d indic\u00f3 Vergara.<\/p>\n<p style=\"text-align: justify;\">Por su parte, Soledad Acevedo, en representaci\u00f3n de la seremi de Salud, tambi\u00e9n felicit\u00f3 a todo el equipo del HRC por el gran esfuerzo, poniendo \u00e9nfasis en la dificultad de este logro post pandemia. \u201cYa lo ha dicho el director del Servicio \u2013SSA-, el director del hospital y la doctora Arriagada. Es super importante para la regi\u00f3n haber obtenido esta tercera acreditaci\u00f3n del hospital. Como seremi no queda m\u00e1s que felicitar a todo el equipo, directivos, funcionarios y todos los estamentos de esta instituci\u00f3n, porque la verdad es que es un esfuerzo grande, sobre todo considerando que pasamos por dos a\u00f1os de pandemia\u201d se\u00f1al\u00f3 la representante de la cartera en la regi\u00f3n de Ays\u00e9n.<\/p>\n<p style=\"text-align: justify;\"><strong>Acreditaci\u00f3n de Prestadores de Atenci\u00f3n Cerrada<\/strong><\/p>\n<p style=\"text-align: justify;\">En el marco de las garant\u00edas de calidad de la ley GES, todos los establecimientos que ofrecen atenciones de salud, tanto hospitales p\u00fablicos, como cl\u00ednicas privadas, deben someterse a este proceso de evaluaci\u00f3n externa cada tres a\u00f1os, permiti\u00e9ndoles demostrar que cumplen con ciertos est\u00e1ndares de calidad y seguridad de su atenci\u00f3n. Esta evaluaci\u00f3n observa diferentes procesos que se definieron en nueve \u00e1mbitos de atenci\u00f3n, que tienen relaci\u00f3n con la dignidad del paciente, la gesti\u00f3n cl\u00ednica, recursos humanos, registros, instalaciones, equipamiento, continuidad de la atenci\u00f3n, servicios de apoyo e instalaci\u00f3n de una pol\u00edtica de calidad.<\/p>\n<p style=\"text-align: justify;\">La doctora Paulina Arriagada, Jefa del Departamento de Calidad y Seguridad en Atenci\u00f3n, quien lider\u00f3 desde el 2008 el desarrollo de actividades de capacitaci\u00f3n para alcanzar los est\u00e1ndares de calidad y de seguridad establecidos a nivel nacional con la promoci\u00f3n de un cambio cultural-organizacional, se mostr\u00f3 satisfecha con los esfuerzos realizados y volvi\u00f3 a destacar a todos los equipos que hicieron posible este resultado. \u201cRealmente nosotros estamos muy contentos y felicitamos a todo el equipo hospitalario porque realmente el trabajo que hicieron fue incre\u00edble, fue muy profundo y dif\u00edcil, muy dif\u00edcil, porque no es f\u00e1cil mantener los est\u00e1ndares en pandemia y se hizo\u201d, sostuvo.<\/p>\n<p style=\"text-align: justify;\">\u201cEstamos muy contentos y celebrando y esperamos que la comunidad lo sienta as\u00ed. Esto nos da pie para seguir trabajando en muchas falencias que a\u00fan tenemos y que queremos ir perfeccionando todos juntos. Lo m\u00e1s importante, implica que nosotros estamos facultados para continuar dando las prestaciones GES y que el fondo nacional de salud nos sigue retribuyendo esas prestaciones. Eso es muy importante\u201d concluy\u00f3 la doctora Arriaga, quien tambi\u00e9n destac\u00f3 el liderazgo de Jaime L\u00f3pez, en este y el anterior proceso de acreditaci\u00f3n.<\/p>\n<p style=\"text-align: justify;\">Dentro de estos \u00e1mbitos se han definido un n\u00famero global de 106 procesos de acuerdo al cumplimiento del est\u00e1ndar de atenci\u00f3n. En el HRC operan 97, de los cuales 30 son obligatorios. Luego del proceso de evaluaci\u00f3n que se extendi\u00f3 desde el 8 al 12 de mayo del 2023 y que esta vez estuvo a cargo de 13 profesionales de la entidad acreditadora E.A. GECASEP Limitada, aprob\u00f3 con un 100% las caracter\u00edsticas obligatorias y alcanz\u00f3 un 98% en las caracter\u00edsticas totales, obteniendo su tercer sello de calidad y acredit\u00e1ndose hasta 2025 bajo las normas del Est\u00e1ndar para Prestadores Institucionales de Atenci\u00f3n Cerrada, certificaci\u00f3n otorgada por la Superintendencia de Salud.<\/p>\n<\/div><\/section><\/div><div  style='height:50px' class='hr hr-invisible   avia-builder-el-6  el_after_av_one_full  el_before_av_social_share '><span class='hr-inner ' ><span class='hr-inner-style'><\/span><\/span><\/div><\/p>\n<div  class='av-social-sharing-box  avia-builder-el-7  el_after_av_hr  el_before_av_hr  '><div class='av-share-box'><h5 class='av-share-link-description av-no-toc '>Compartir esta noticia<\/h5><ul class='av-share-box-list noLightbox'><li class='av-share-link av-social-link-facebook' ><a target=\"_blank\" aria-label=\"Compartir en Facebook\" href='https:\/\/www.facebook.com\/sharer.php?u=https:\/\/radiorevelacionfm.cl\/?p=33291&#038;t=Hospital%20Regional%20de%20Coyhaique%20logr%C3%B3%20su%20tercera%20acreditaci%C3%B3n%20consecutiva' aria-hidden='false' data-av_icon='\ue8f3' data-av_iconfont='entypo-fontello' title='' data-avia-related-tooltip='Compartir en Facebook' rel=\"noopener\"><span class='avia_hidden_link_text'>Compartir en Facebook<\/span><\/a><\/li><li class='av-share-link av-social-link-twitter' ><a target=\"_blank\" aria-label=\"Compartir en Twitter\" href='https:\/\/twitter.com\/share?text=Hospital%20Regional%20de%20Coyhaique%20logr%C3%B3%20su%20tercera%20acreditaci%C3%B3n%20consecutiva&#038;url=https:\/\/radiorevelacionfm.cl\/?p=33291' aria-hidden='false' data-av_icon='\ue8f1' data-av_iconfont='entypo-fontello' title='' data-avia-related-tooltip='Compartir en Twitter' rel=\"noopener\"><span class='avia_hidden_link_text'>Compartir en Twitter<\/span><\/a><\/li><li class='av-share-link av-social-link-whatsapp' ><a target=\"_blank\" aria-label=\"Compartir en Whatsapp\" href='https:\/\/api.whatsapp.com\/send?text=https:\/\/radiorevelacionfm.cl\/?p=33291' aria-hidden='false' data-av_icon='\uf232' data-av_iconfont='entypo-fontello' title='' data-avia-related-tooltip='Compartir en Whatsapp' rel=\"noopener\"><span class='avia_hidden_link_text'>Compartir en Whatsapp<\/span><\/a><\/li><li class='av-share-link av-social-link-linkedin' ><a target=\"_blank\" aria-label=\"Compartir en LinkedIn\" href='https:\/\/linkedin.com\/shareArticle?mini=true&#038;title=Hospital%20Regional%20de%20Coyhaique%20logr%C3%B3%20su%20tercera%20acreditaci%C3%B3n%20consecutiva&#038;url=https:\/\/radiorevelacionfm.cl\/?p=33291' aria-hidden='false' data-av_icon='\ue8fc' data-av_iconfont='entypo-fontello' title='' data-avia-related-tooltip='Compartir en LinkedIn' rel=\"noopener\"><span class='avia_hidden_link_text'>Compartir en LinkedIn<\/span><\/a><\/li><li class='av-share-link av-social-link-mail' ><a  aria-label=\"Compartir por correo\" href='mailto:?subject=Hospital%20Regional%20de%20Coyhaique%20logr%C3%B3%20su%20tercera%20acreditaci%C3%B3n%20consecutiva&#038;body=https:\/\/radiorevelacionfm.cl\/?p=33291' aria-hidden='false' data-av_icon='\ue805' data-av_iconfont='entypo-fontello' title='' data-avia-related-tooltip='Compartir por correo'><span class='avia_hidden_link_text'>Compartir por correo<\/span><\/a><\/li><\/ul><\/div><\/div>\n<div  style='height:50px' class='hr hr-invisible   avia-builder-el-8  el_after_av_social_share  el_before_av_comments_list '><span class='hr-inner ' ><span class='hr-inner-style'><\/span><\/span><\/div>\n<div  class='av-buildercomment  av-blog-meta-html-info-disabled av-blog-meta-tag-disabled  '><\/div>\n","protected":false},"excerpt":{"rendered":"","protected":false},"author":1,"featured_media":33292,"comment_status":"open","ping_status":"open","sticky":false,"template":"","format":"standard","meta":{"footnotes":""},"categories":[46],"tags":[],"class_list":["post-33291","post","type-post","status-publish","format-standard","has-post-thumbnail","hentry","category-salud"],"jetpack_featured_media_url":"https:\/\/radiorevelacionfm.cl\/wp-content\/uploads\/2023\/07\/hospital-regional-coyhaique-vista-aerea-2023-1-1_optimized-1_optimized-1.jpg","_links":{"self":[{"href":"https:\/\/radiorevelacionfm.cl\/index.php?rest_route=\/wp\/v2\/posts\/33291","targetHints":{"allow":["GET"]}}],"collection":[{"href":"https:\/\/radiorevelacionfm.cl\/index.php?rest_route=\/wp\/v2\/posts"}],"about":[{"href":"https:\/\/radiorevelacionfm.cl\/index.php?rest_route=\/wp\/v2\/types\/post"}],"author":[{"embeddable":true,"href":"https:\/\/radiorevelacionfm.cl\/index.php?rest_route=\/wp\/v2\/users\/1"}],"replies":[{"embeddable":true,"href":"https:\/\/radiorevelacionfm.cl\/index.php?rest_route=%2Fwp%2Fv2%2Fcomments&post=33291"}],"version-history":[{"count":1,"href":"https:\/\/radiorevelacionfm.cl\/index.php?rest_route=\/wp\/v2\/posts\/33291\/revisions"}],"predecessor-version":[{"id":33293,"href":"https:\/\/radiorevelacionfm.cl\/index.php?rest_route=\/wp\/v2\/posts\/33291\/revisions\/33293"}],"wp:featuredmedia":[{"embeddable":true,"href":"https:\/\/radiorevelacionfm.cl\/index.php?rest_route=\/wp\/v2\/media\/33292"}],"wp:attachment":[{"href":"https:\/\/radiorevelacionfm.cl\/index.php?rest_route=%2Fwp%2Fv2%2Fmedia&parent=33291"}],"wp:term":[{"taxonomy":"category","embeddable":true,"href":"https:\/\/radiorevelacionfm.cl\/index.php?rest_route=%2Fwp%2Fv2%2Fcategories&post=33291"},{"taxonomy":"post_tag","embeddable":true,"href":"https:\/\/radiorevelacionfm.cl\/index.php?rest_route=%2Fwp%2Fv2%2Ftags&post=33291"}],"curies":[{"name":"wp","href":"https:\/\/api.w.org\/{rel}","templated":true}]}}