{"id":3329,"date":"2021-04-20T19:34:29","date_gmt":"2021-04-20T22:34:29","guid":{"rendered":"https:\/\/radiorevelacionfm.cl\/?p=3329"},"modified":"2021-04-20T19:34:29","modified_gmt":"2021-04-20T22:34:29","slug":"detienen-a-sujeto-por-el-delito-flagrante-de-microtrafico-de-marihuana-en-puerto-aysen","status":"publish","type":"post","link":"https:\/\/radiorevelacionfm.cl\/?p=3329","title":{"rendered":"Detienen a sujeto por el delito flagrante de microtr\u00e1fico de marihuana en Puerto Ays\u00e9n"},"content":{"rendered":"<div class=\"flex_column av_one_full  flex_column_div av-zero-column-padding first  avia-builder-el-0  el_before_av_one_full  avia-builder-el-first  \" style='border-radius:0px; '><div  class='avia-image-container  av-styling-    avia-builder-el-1  avia-builder-el-no-sibling  avia-align-center '  itemprop=\"image\" itemscope=\"itemscope\" itemtype=\"https:\/\/schema.org\/ImageObject\"  ><div class='avia-image-container-inner'><div class='avia-image-overlay-wrap'><img decoding=\"async\" class='wp-image-3330 avia-img-lazy-loading-not-3330 avia_image' src=\"https:\/\/radiorevelacionfm.cl\/wp-content\/uploads\/2021\/04\/MT0-Aysen-abril-2021-1.jpeg\" alt='' title='MT0 Ays\u00e9n abril 2021 (1)' height=\"960\" width=\"1280\"  itemprop=\"thumbnailUrl\" srcset=\"https:\/\/radiorevelacionfm.cl\/wp-content\/uploads\/2021\/04\/MT0-Aysen-abril-2021-1.jpeg 1280w, https:\/\/radiorevelacionfm.cl\/wp-content\/uploads\/2021\/04\/MT0-Aysen-abril-2021-1-300x225.jpeg 300w, https:\/\/radiorevelacionfm.cl\/wp-content\/uploads\/2021\/04\/MT0-Aysen-abril-2021-1-1030x773.jpeg 1030w, https:\/\/radiorevelacionfm.cl\/wp-content\/uploads\/2021\/04\/MT0-Aysen-abril-2021-1-768x576.jpeg 768w, https:\/\/radiorevelacionfm.cl\/wp-content\/uploads\/2021\/04\/MT0-Aysen-abril-2021-1-705x529.jpeg 705w, https:\/\/radiorevelacionfm.cl\/wp-content\/uploads\/2021\/04\/MT0-Aysen-abril-2021-1-600x450.jpeg 600w\" sizes=\"(max-width: 1280px) 100vw, 1280px\" \/><\/div><\/div><\/div><\/div><div class=\"flex_column av_one_full  flex_column_div av-zero-column-padding first  avia-builder-el-2  el_after_av_one_full  el_before_av_one_full  column-top-margin\" style='border-radius:0px; '><section class=\"av_textblock_section \"  itemscope=\"itemscope\" itemtype=\"https:\/\/schema.org\/BlogPosting\" itemprop=\"blogPost\" ><div class='avia_textblock  '   itemprop=\"text\" ><p style=\"text-align: center;\"><span style=\"font-size: 18pt;\"><strong>Detienen a sujeto por el delito flagrante de microtr\u00e1fico de marihuana en Puerto Ays\u00e9n <\/strong><\/span><\/p>\n<div id=\"gtx-trans\" style=\"position: absolute; left: -50px; top: 4.31534px;\">\n<div class=\"gtx-trans-icon\"><\/div>\n<\/div>\n<\/div><\/section><\/div><div class=\"flex_column av_one_full  flex_column_div av-zero-column-padding first  avia-builder-el-4  el_after_av_one_full  el_before_av_hr  column-top-margin\" style='border-radius:0px; '><section class=\"av_textblock_section \"  itemscope=\"itemscope\" itemtype=\"https:\/\/schema.org\/BlogPosting\" itemprop=\"blogPost\" ><div class='avia_textblock  '   itemprop=\"text\" ><p style=\"text-align: justify;\">Detectives de la agrupaci\u00f3n Microtr\u00e1fico Cero de la Brigada de Investigaci\u00f3n Criminal Ays\u00e9n de la PDI, tras una investigaci\u00f3n en coordinaci\u00f3n con el Ministerio P\u00fablico, detuvieron a un sujeto, mayor de edad y sin antecedentes policiales, por el delito flagrante de microtr\u00e1fico en el centro de Puerto Ays\u00e9n.<\/p>\n<p style=\"text-align: justify;\">Sobre los hechos, el subprefecto Eduardo Charpentier se\u00f1al\u00f3 que \u201cdetectives de la agrupaci\u00f3n Microtr\u00e1fico Cero, en virtud a investigaci\u00f3n llevada en conjunto con la Fiscal\u00eda Local de Puerto Ays\u00e9n, procedieron a la detenci\u00f3n de un hombre de 18 a\u00f1os, oriundo de esta comuna, por infracci\u00f3n al art\u00edculo 4 de la Ley 20.000 que dice relaci\u00f3n al tr\u00e1fico en peque\u00f1as cantidades\u201d.<\/p>\n<p style=\"text-align: justify;\">Adem\u00e1s, el jefe de la BICRIM Ays\u00e9n sostuvo que \u201cen dicha ocasi\u00f3n el sujeto fue detenido en la v\u00eda p\u00fablica en un lugar cercano a establecimientos educacionales, procediendo a la incautaci\u00f3n de 4.53 gramos de cannabis sativa, asimismo dinero en efectivo producto de las ventas\u201d.<\/p>\n<p style=\"text-align: justify;\">La droga incautada tiene un aval\u00fao comercial de $70.000 pesos y corresponde a alrededor de 13 dosis. Sobre el modo de operar, el subprefecto Charpentier explic\u00f3 que el sujeto se dedicaba a la venta al menudeo de peque\u00f1as cantidades de drogas en distintos puntos de Puerto Ays\u00e9n.<\/p>\n<p style=\"text-align: justify;\">Gracias al procedimiento policial se logra la reducci\u00f3n de un punto de l\u00ednea base para el a\u00f1o 2021, proceso a trav\u00e9s del cual se diagnostican y analizan los puntos de venta de droga para combatir el microtr\u00e1fico y, mediante esta detenci\u00f3n, se permite desarticular uno de los puntos establecidos para este a\u00f1o.<\/p>\n<p style=\"text-align: justify;\">El sujeto fue puesto a disposici\u00f3n del Juzgado de Garant\u00eda de Puerto Ays\u00e9n, instancia donde el Tribunal declar\u00f3 legal la detenci\u00f3n y decret\u00f3 las medidas cautelares de arraigo nacional y firma mensual en la PDI de Puerto Ays\u00e9n, adem\u00e1s de un plazo de investigaci\u00f3n de 60 d\u00edas, quedando en libertad.<\/p>\n<\/div><\/section><\/div><div  style='height:50px' class='hr hr-invisible   avia-builder-el-6  el_after_av_one_full  el_before_av_social_share '><span class='hr-inner ' ><span class='hr-inner-style'><\/span><\/span><\/div><\/p>\n<div  class='av-social-sharing-box  avia-builder-el-7  el_after_av_hr  el_before_av_hr  '><div class='av-share-box'><h5 class='av-share-link-description av-no-toc '>Compartir esta noticia<\/h5><ul class='av-share-box-list noLightbox'><li class='av-share-link av-social-link-facebook' ><a target=\"_blank\" aria-label=\"Compartir en Facebook\" href='https:\/\/www.facebook.com\/sharer.php?u=https:\/\/radiorevelacionfm.cl\/?p=3329&#038;t=Detienen%20a%20sujeto%20por%20el%20delito%20flagrante%20de%20microtr%C3%A1fico%20de%20marihuana%20en%20Puerto%20Ays%C3%A9n' aria-hidden='false' data-av_icon='\ue8f3' data-av_iconfont='entypo-fontello' title='' data-avia-related-tooltip='Compartir en Facebook' rel=\"noopener\"><span class='avia_hidden_link_text'>Compartir en Facebook<\/span><\/a><\/li><li class='av-share-link av-social-link-twitter' ><a target=\"_blank\" aria-label=\"Compartir en Twitter\" href='https:\/\/twitter.com\/share?text=Detienen%20a%20sujeto%20por%20el%20delito%20flagrante%20de%20microtr%C3%A1fico%20de%20marihuana%20en%20Puerto%20Ays%C3%A9n&#038;url=https:\/\/radiorevelacionfm.cl\/?p=3329' aria-hidden='false' data-av_icon='\ue8f1' data-av_iconfont='entypo-fontello' title='' data-avia-related-tooltip='Compartir en Twitter' rel=\"noopener\"><span class='avia_hidden_link_text'>Compartir en Twitter<\/span><\/a><\/li><li class='av-share-link av-social-link-whatsapp' ><a target=\"_blank\" aria-label=\"Compartir en Whatsapp\" href='https:\/\/api.whatsapp.com\/send?text=https:\/\/radiorevelacionfm.cl\/?p=3329' aria-hidden='false' data-av_icon='\uf232' data-av_iconfont='entypo-fontello' title='' data-avia-related-tooltip='Compartir en Whatsapp' rel=\"noopener\"><span class='avia_hidden_link_text'>Compartir en Whatsapp<\/span><\/a><\/li><li class='av-share-link av-social-link-linkedin' ><a target=\"_blank\" aria-label=\"Compartir en LinkedIn\" href='https:\/\/linkedin.com\/shareArticle?mini=true&#038;title=Detienen%20a%20sujeto%20por%20el%20delito%20flagrante%20de%20microtr%C3%A1fico%20de%20marihuana%20en%20Puerto%20Ays%C3%A9n&#038;url=https:\/\/radiorevelacionfm.cl\/?p=3329' aria-hidden='false' data-av_icon='\ue8fc' data-av_iconfont='entypo-fontello' title='' data-avia-related-tooltip='Compartir en LinkedIn' rel=\"noopener\"><span class='avia_hidden_link_text'>Compartir en LinkedIn<\/span><\/a><\/li><li class='av-share-link av-social-link-mail' ><a  aria-label=\"Compartir por correo\" href='mailto:?subject=Detienen%20a%20sujeto%20por%20el%20delito%20flagrante%20de%20microtr%C3%A1fico%20de%20marihuana%20en%20Puerto%20Ays%C3%A9n&#038;body=https:\/\/radiorevelacionfm.cl\/?p=3329' aria-hidden='false' data-av_icon='\ue805' data-av_iconfont='entypo-fontello' title='' data-avia-related-tooltip='Compartir por correo'><span class='avia_hidden_link_text'>Compartir por correo<\/span><\/a><\/li><\/ul><\/div><\/div>\n<div  style='height:50px' class='hr hr-invisible   avia-builder-el-8  el_after_av_social_share  el_before_av_comments_list '><span class='hr-inner ' ><span class='hr-inner-style'><\/span><\/span><\/div>\n<div  class='av-buildercomment  av-blog-meta-html-info-disabled av-blog-meta-tag-disabled  '><\/div>\n","protected":false},"excerpt":{"rendered":"","protected":false},"author":1,"featured_media":3330,"comment_status":"open","ping_status":"open","sticky":false,"template":"","format":"standard","meta":{"footnotes":""},"categories":[36],"tags":[],"class_list":["post-3329","post","type-post","status-publish","format-standard","has-post-thumbnail","hentry","category-policial"],"jetpack_featured_media_url":"https:\/\/radiorevelacionfm.cl\/wp-content\/uploads\/2021\/04\/MT0-Aysen-abril-2021-1.jpeg","_links":{"self":[{"href":"https:\/\/radiorevelacionfm.cl\/index.php?rest_route=\/wp\/v2\/posts\/3329","targetHints":{"allow":["GET"]}}],"collection":[{"href":"https:\/\/radiorevelacionfm.cl\/index.php?rest_route=\/wp\/v2\/posts"}],"about":[{"href":"https:\/\/radiorevelacionfm.cl\/index.php?rest_route=\/wp\/v2\/types\/post"}],"author":[{"embeddable":true,"href":"https:\/\/radiorevelacionfm.cl\/index.php?rest_route=\/wp\/v2\/users\/1"}],"replies":[{"embeddable":true,"href":"https:\/\/radiorevelacionfm.cl\/index.php?rest_route=%2Fwp%2Fv2%2Fcomments&post=3329"}],"version-history":[{"count":1,"href":"https:\/\/radiorevelacionfm.cl\/index.php?rest_route=\/wp\/v2\/posts\/3329\/revisions"}],"predecessor-version":[{"id":3331,"href":"https:\/\/radiorevelacionfm.cl\/index.php?rest_route=\/wp\/v2\/posts\/3329\/revisions\/3331"}],"wp:featuredmedia":[{"embeddable":true,"href":"https:\/\/radiorevelacionfm.cl\/index.php?rest_route=\/wp\/v2\/media\/3330"}],"wp:attachment":[{"href":"https:\/\/radiorevelacionfm.cl\/index.php?rest_route=%2Fwp%2Fv2%2Fmedia&parent=3329"}],"wp:term":[{"taxonomy":"category","embeddable":true,"href":"https:\/\/radiorevelacionfm.cl\/index.php?rest_route=%2Fwp%2Fv2%2Fcategories&post=3329"},{"taxonomy":"post_tag","embeddable":true,"href":"https:\/\/radiorevelacionfm.cl\/index.php?rest_route=%2Fwp%2Fv2%2Ftags&post=3329"}],"curies":[{"name":"wp","href":"https:\/\/api.w.org\/{rel}","templated":true}]}}