{"id":33288,"date":"2023-07-27T16:28:01","date_gmt":"2023-07-27T19:28:01","guid":{"rendered":"https:\/\/radiorevelacionfm.cl\/?p=33288"},"modified":"2023-07-27T16:28:01","modified_gmt":"2023-07-27T19:28:01","slug":"emprendedoras-es-de-localidades-rurales-de-coyhaique-concretaran-sus-ideas-de-negocio","status":"publish","type":"post","link":"https:\/\/radiorevelacionfm.cl\/?p=33288","title":{"rendered":"Emprendedoras\/es de localidades rurales de Coyhaique concretar\u00e1n sus ideas de negocio"},"content":{"rendered":"<div class=\"flex_column av_one_full  flex_column_div av-zero-column-padding first  avia-builder-el-0  el_before_av_one_full  avia-builder-el-first  \" style='border-radius:0px; '><div  class='avia-image-container  av-styling-    avia-builder-el-1  avia-builder-el-no-sibling  avia-align-center '  itemprop=\"image\" itemscope=\"itemscope\" itemtype=\"https:\/\/schema.org\/ImageObject\"  ><div class='avia-image-container-inner'><div class='avia-image-overlay-wrap'><img decoding=\"async\" class='wp-image-33289 avia-img-lazy-loading-not-33289 avia_image' src=\"https:\/\/radiorevelacionfm.cl\/wp-content\/uploads\/2023\/07\/1-es-coyhaique-rural-1_optimized.jpeg\" alt='' title='1-es-coyhaique-rural-(1)_optimized' height=\"600\" width=\"1013\"  itemprop=\"thumbnailUrl\" srcset=\"https:\/\/radiorevelacionfm.cl\/wp-content\/uploads\/2023\/07\/1-es-coyhaique-rural-1_optimized.jpeg 1013w, https:\/\/radiorevelacionfm.cl\/wp-content\/uploads\/2023\/07\/1-es-coyhaique-rural-1_optimized-300x178.jpeg 300w, https:\/\/radiorevelacionfm.cl\/wp-content\/uploads\/2023\/07\/1-es-coyhaique-rural-1_optimized-768x455.jpeg 768w, https:\/\/radiorevelacionfm.cl\/wp-content\/uploads\/2023\/07\/1-es-coyhaique-rural-1_optimized-705x418.jpeg 705w, https:\/\/radiorevelacionfm.cl\/wp-content\/uploads\/2023\/07\/1-es-coyhaique-rural-1_optimized-450x267.jpeg 450w, https:\/\/radiorevelacionfm.cl\/wp-content\/uploads\/2023\/07\/1-es-coyhaique-rural-1_optimized-600x355.jpeg 600w\" sizes=\"(max-width: 1013px) 100vw, 1013px\" \/><\/div><\/div><\/div><\/div><div class=\"flex_column av_one_full  flex_column_div av-zero-column-padding first  avia-builder-el-2  el_after_av_one_full  el_before_av_one_full  column-top-margin\" style='border-radius:0px; '><section class=\"av_textblock_section \"  itemscope=\"itemscope\" itemtype=\"https:\/\/schema.org\/BlogPosting\" itemprop=\"blogPost\" ><div class='avia_textblock  '   itemprop=\"text\" ><p style=\"text-align: center;\"><span style=\"font-size: 18pt;\"><strong>Emprendedoras\/es de localidades rurales de Coyhaique concretar\u00e1n sus ideas de negocio<\/strong><\/span><\/p>\n<div id=\"gtx-trans\" style=\"position: absolute; left: -50px; top: 4.31534px;\">\n<div class=\"gtx-trans-icon\"><\/div>\n<\/div>\n<\/div><\/section><\/div><div class=\"flex_column av_one_full  flex_column_div av-zero-column-padding first  avia-builder-el-4  el_after_av_one_full  el_before_av_hr  column-top-margin\" style='border-radius:0px; '><section class=\"av_textblock_section \"  itemscope=\"itemscope\" itemtype=\"https:\/\/schema.org\/BlogPosting\" itemprop=\"blogPost\" ><div class='avia_textblock  '   itemprop=\"text\" ><p style=\"text-align: justify;\">Hasta El Blanco lleg\u00f3 la Seremi de Desarrollo Social y Familia, Karina Acevedo, acompa\u00f1ada por la Directora Regional del FOSIS, Fernanda Leiva, para compartir en la ceremonia de inicio y firma de acta de compromiso con los emprendedores y emprendedoras de Balmaceda, El Blanco, La Cordonada, Cerro Galera, Vista Hermosa y San Miguel; quienes inician su proceso formativo junto al FOSIS.<\/p>\n<p style=\"text-align: justify;\">Las personas seleccionadas para participar del programa Emprendamos Semilla hicieron firma de su acta de compromiso, reafirmando su voluntad para cumplir con todas las etapas consideradas por este proyecto, donde recibir\u00e1n capacitaciones, asesor\u00edas t\u00e9cnicas y el financiamiento de un plan de negocios para adquirir insumos, equipamiento, herramientas o maquinaria.<\/p>\n<p style=\"text-align: justify;\">Herminia R\u00edos, emprendedora de la localidad de Cerro Galera, valor\u00f3 positivamente la oportunidad de poder dar un impulso a su idea de negocio y desarrollarse en la producci\u00f3n av\u00edcola. \u201cMi proyecto es comprar aves, criar aves, vender aves, vender huevos y trabajar en eso; m\u00e1s adelante quiero hacer invernaderos para poder igual trabajar con verduras. Estoy contenta porque uno a veces no tiene los medios para inicia algo y esto es un gran apoyo para sacar adelante mi negocio\u201d.<\/p>\n<p style=\"text-align: justify;\">La Seremi de Desarrollo Social y Familia, Karina Acevedo, asegur\u00f3 que \u201cpara nosotros es tremendamente importante dar respuesta a una demanda del sector rural que es cercano a Coyhaique, atendiendo a gente de Cerro Galera, La Cordonada, El Blanco y todos estos sectores a los cuales no es f\u00e1cil llegar con un programa como este. A trav\u00e9s del FOSIS, como Ministerio, estamos dando respuesta a esta necesidad, entregando herramientas, capacitaci\u00f3n, posibilitando que estos emprendedores y emprendedoras puedan conversar y recibir orientaci\u00f3n de profesionales en el tema del emprendimiento\u201d.<\/p>\n<p style=\"text-align: justify;\">Fernanda Leiva, Directora Regional del FOSIS Ays\u00e9n, destac\u00f3 que \u201cestamos muy contentos por haber podido asistir y acompa\u00f1ar a estos 21 emprendedores y emprendedoras de sectores rurales, aleda\u00f1os a Coyhaique, que hoy firmaron su acta de compromiso y dieron inicio a los talleres de capacitaci\u00f3n que el programa Emprendamos Semilla entrega.\u00a0 Estuvimos aqu\u00ed presentes porque creemos que es muy importante poder llegar a todos los lugares de nuestro territorio y acompa\u00f1ar a quienes est\u00e1n empezando el camino del emprendimiento a trav\u00e9s de estos programas del FOSIS\u201d.<\/p>\n<p style=\"text-align: justify;\">El programa Emprendamos Semilla apoya el desarrollo un negocio o trabajo independiente que permita generar o aumentar ingresos y est\u00e1 dirigido a quienes tienen una idea de negocio o quieren empezar un emprendimiento y no tienen trabajo o tienen un trabajo precario.<\/p>\n<\/div><\/section><\/div><div  style='height:50px' class='hr hr-invisible   avia-builder-el-6  el_after_av_one_full  el_before_av_social_share '><span class='hr-inner ' ><span class='hr-inner-style'><\/span><\/span><\/div><\/p>\n<div  class='av-social-sharing-box  avia-builder-el-7  el_after_av_hr  el_before_av_hr  '><div class='av-share-box'><h5 class='av-share-link-description av-no-toc '>Compartir esta noticia<\/h5><ul class='av-share-box-list noLightbox'><li class='av-share-link av-social-link-facebook' ><a target=\"_blank\" aria-label=\"Compartir en Facebook\" href='https:\/\/www.facebook.com\/sharer.php?u=https:\/\/radiorevelacionfm.cl\/?p=33288&#038;t=Emprendedoras%2Fes%20de%20localidades%20rurales%20de%20Coyhaique%20concretar%C3%A1n%20sus%20ideas%20de%20negocio' aria-hidden='false' data-av_icon='\ue8f3' data-av_iconfont='entypo-fontello' title='' data-avia-related-tooltip='Compartir en Facebook' rel=\"noopener\"><span class='avia_hidden_link_text'>Compartir en Facebook<\/span><\/a><\/li><li class='av-share-link av-social-link-twitter' ><a target=\"_blank\" aria-label=\"Compartir en Twitter\" href='https:\/\/twitter.com\/share?text=Emprendedoras%2Fes%20de%20localidades%20rurales%20de%20Coyhaique%20concretar%C3%A1n%20sus%20ideas%20de%20negocio&#038;url=https:\/\/radiorevelacionfm.cl\/?p=33288' aria-hidden='false' data-av_icon='\ue8f1' data-av_iconfont='entypo-fontello' title='' data-avia-related-tooltip='Compartir en Twitter' rel=\"noopener\"><span class='avia_hidden_link_text'>Compartir en Twitter<\/span><\/a><\/li><li class='av-share-link av-social-link-whatsapp' ><a target=\"_blank\" aria-label=\"Compartir en Whatsapp\" href='https:\/\/api.whatsapp.com\/send?text=https:\/\/radiorevelacionfm.cl\/?p=33288' aria-hidden='false' data-av_icon='\uf232' data-av_iconfont='entypo-fontello' title='' data-avia-related-tooltip='Compartir en Whatsapp' rel=\"noopener\"><span class='avia_hidden_link_text'>Compartir en Whatsapp<\/span><\/a><\/li><li class='av-share-link av-social-link-linkedin' ><a target=\"_blank\" aria-label=\"Compartir en LinkedIn\" href='https:\/\/linkedin.com\/shareArticle?mini=true&#038;title=Emprendedoras%2Fes%20de%20localidades%20rurales%20de%20Coyhaique%20concretar%C3%A1n%20sus%20ideas%20de%20negocio&#038;url=https:\/\/radiorevelacionfm.cl\/?p=33288' aria-hidden='false' data-av_icon='\ue8fc' data-av_iconfont='entypo-fontello' title='' data-avia-related-tooltip='Compartir en LinkedIn' rel=\"noopener\"><span class='avia_hidden_link_text'>Compartir en LinkedIn<\/span><\/a><\/li><li class='av-share-link av-social-link-mail' ><a  aria-label=\"Compartir por correo\" href='mailto:?subject=Emprendedoras%2Fes%20de%20localidades%20rurales%20de%20Coyhaique%20concretar%C3%A1n%20sus%20ideas%20de%20negocio&#038;body=https:\/\/radiorevelacionfm.cl\/?p=33288' aria-hidden='false' data-av_icon='\ue805' data-av_iconfont='entypo-fontello' title='' data-avia-related-tooltip='Compartir por correo'><span class='avia_hidden_link_text'>Compartir por correo<\/span><\/a><\/li><\/ul><\/div><\/div>\n<div  style='height:50px' class='hr hr-invisible   avia-builder-el-8  el_after_av_social_share  el_before_av_comments_list '><span class='hr-inner ' ><span class='hr-inner-style'><\/span><\/span><\/div>\n<div  class='av-buildercomment  av-blog-meta-html-info-disabled av-blog-meta-tag-disabled  '><\/div>\n","protected":false},"excerpt":{"rendered":"","protected":false},"author":1,"featured_media":33289,"comment_status":"open","ping_status":"open","sticky":false,"template":"","format":"standard","meta":{"footnotes":""},"categories":[38],"tags":[],"class_list":["post-33288","post","type-post","status-publish","format-standard","has-post-thumbnail","hentry","category-regional"],"jetpack_featured_media_url":"https:\/\/radiorevelacionfm.cl\/wp-content\/uploads\/2023\/07\/1-es-coyhaique-rural-1_optimized.jpeg","_links":{"self":[{"href":"https:\/\/radiorevelacionfm.cl\/index.php?rest_route=\/wp\/v2\/posts\/33288","targetHints":{"allow":["GET"]}}],"collection":[{"href":"https:\/\/radiorevelacionfm.cl\/index.php?rest_route=\/wp\/v2\/posts"}],"about":[{"href":"https:\/\/radiorevelacionfm.cl\/index.php?rest_route=\/wp\/v2\/types\/post"}],"author":[{"embeddable":true,"href":"https:\/\/radiorevelacionfm.cl\/index.php?rest_route=\/wp\/v2\/users\/1"}],"replies":[{"embeddable":true,"href":"https:\/\/radiorevelacionfm.cl\/index.php?rest_route=%2Fwp%2Fv2%2Fcomments&post=33288"}],"version-history":[{"count":1,"href":"https:\/\/radiorevelacionfm.cl\/index.php?rest_route=\/wp\/v2\/posts\/33288\/revisions"}],"predecessor-version":[{"id":33290,"href":"https:\/\/radiorevelacionfm.cl\/index.php?rest_route=\/wp\/v2\/posts\/33288\/revisions\/33290"}],"wp:featuredmedia":[{"embeddable":true,"href":"https:\/\/radiorevelacionfm.cl\/index.php?rest_route=\/wp\/v2\/media\/33289"}],"wp:attachment":[{"href":"https:\/\/radiorevelacionfm.cl\/index.php?rest_route=%2Fwp%2Fv2%2Fmedia&parent=33288"}],"wp:term":[{"taxonomy":"category","embeddable":true,"href":"https:\/\/radiorevelacionfm.cl\/index.php?rest_route=%2Fwp%2Fv2%2Fcategories&post=33288"},{"taxonomy":"post_tag","embeddable":true,"href":"https:\/\/radiorevelacionfm.cl\/index.php?rest_route=%2Fwp%2Fv2%2Ftags&post=33288"}],"curies":[{"name":"wp","href":"https:\/\/api.w.org\/{rel}","templated":true}]}}