{"id":33285,"date":"2023-07-27T19:05:27","date_gmt":"2023-07-27T22:05:27","guid":{"rendered":"https:\/\/radiorevelacionfm.cl\/?p=33285"},"modified":"2023-07-27T19:05:27","modified_gmt":"2023-07-27T22:05:27","slug":"municipio-aysenino-apoya-demandas-de-asistentes-de-la-educacion-y-pide-al-gobierno-pronta-solucion","status":"publish","type":"post","link":"https:\/\/radiorevelacionfm.cl\/?p=33285","title":{"rendered":"Municipio aysenino apoya demandas de asistentes de la Educaci\u00f3n y pide al Gobierno pronta soluci\u00f3n"},"content":{"rendered":"<div class=\"flex_column av_one_full  flex_column_div av-zero-column-padding first  avia-builder-el-0  el_before_av_one_full  avia-builder-el-first  \" style='border-radius:0px; '><div  class='avia-image-container  av-styling-    avia-builder-el-1  avia-builder-el-no-sibling  avia-align-center '  itemprop=\"image\" itemscope=\"itemscope\" itemtype=\"https:\/\/schema.org\/ImageObject\"  ><div class='avia-image-container-inner'><div class='avia-image-overlay-wrap'><img decoding=\"async\" class='wp-image-33286 avia-img-lazy-loading-not-33286 avia_image' src=\"https:\/\/radiorevelacionfm.cl\/wp-content\/uploads\/2023\/07\/img_20230725_100249-1_optimized.jpg\" alt='' title='img_20230725_100249-(1)_optimized' height=\"600\" width=\"802\"  itemprop=\"thumbnailUrl\" srcset=\"https:\/\/radiorevelacionfm.cl\/wp-content\/uploads\/2023\/07\/img_20230725_100249-1_optimized.jpg 802w, https:\/\/radiorevelacionfm.cl\/wp-content\/uploads\/2023\/07\/img_20230725_100249-1_optimized-300x224.jpg 300w, https:\/\/radiorevelacionfm.cl\/wp-content\/uploads\/2023\/07\/img_20230725_100249-1_optimized-768x575.jpg 768w, https:\/\/radiorevelacionfm.cl\/wp-content\/uploads\/2023\/07\/img_20230725_100249-1_optimized-705x527.jpg 705w, https:\/\/radiorevelacionfm.cl\/wp-content\/uploads\/2023\/07\/img_20230725_100249-1_optimized-450x337.jpg 450w, https:\/\/radiorevelacionfm.cl\/wp-content\/uploads\/2023\/07\/img_20230725_100249-1_optimized-600x449.jpg 600w\" sizes=\"(max-width: 802px) 100vw, 802px\" \/><\/div><\/div><\/div><\/div><div class=\"flex_column av_one_full  flex_column_div av-zero-column-padding first  avia-builder-el-2  el_after_av_one_full  el_before_av_one_full  column-top-margin\" style='border-radius:0px; '><section class=\"av_textblock_section \"  itemscope=\"itemscope\" itemtype=\"https:\/\/schema.org\/BlogPosting\" itemprop=\"blogPost\" ><div class='avia_textblock  '   itemprop=\"text\" ><p style=\"text-align: center;\"><strong><span style=\"font-size: 18pt;\">Municipio aysenino apoya demandas de asistentes de la Educaci\u00f3n y pide al Gobierno pronta soluci\u00f3n<\/span><\/strong><\/p>\n<div id=\"gtx-trans\" style=\"position: absolute; left: -50px; top: 4.31534px;\">\n<div class=\"gtx-trans-icon\"><\/div>\n<\/div>\n<\/div><\/section><\/div><div class=\"flex_column av_one_full  flex_column_div av-zero-column-padding first  avia-builder-el-4  el_after_av_one_full  el_before_av_hr  column-top-margin\" style='border-radius:0px; '><section class=\"av_textblock_section \"  itemscope=\"itemscope\" itemtype=\"https:\/\/schema.org\/BlogPosting\" itemprop=\"blogPost\" ><div class='avia_textblock  '   itemprop=\"text\" ><p style=\"text-align: justify;\">La ma\u00f1ana de este martes 25, el alcalde (s) de Ays\u00e9n, Marco Co\u00f1uecar, se reuni\u00f3 con los dirigentes de los Asistentes de la Educaci\u00f3n movilizados, quienes hab\u00edan cortado la ruta que une Puerto Ays\u00e9n con Puerto Chacabuco para visibilizar sus demandas. En la instancia, la autoridad comunal fue enf\u00e1tica en se\u00f1alar que el municipio solidariza con los trabajadores de la Educaci\u00f3n, y pidi\u00f3 al Gobierno una pronta soluci\u00f3n para este conflicto.<\/p>\n<p style=\"text-align: justify;\">La Asociaci\u00f3n de Trabajadores de la Educaci\u00f3n Municipal (ATEM) realiz\u00f3 diversas manifestaciones durante los d\u00edas lunes 24 y martes 25, con la finalidad de exigir al Gobierno que sean considerados, a partir de 2024, en el beneficio de asignaci\u00f3n de zona, demanda a la que las autoridades centrales a\u00fan no han dado respuesta. Por esta raz\u00f3n, es que le solicitaron al municipio que no se descuenten los d\u00edas que se han movilizado de sus salarios.<\/p>\n<p style=\"text-align: justify;\">Carla Wichmann, presidenta de la ATEM de Puerto Ays\u00e9n, recalc\u00f3 la buena disposici\u00f3n por parte de la autoridad comunal para apoyar sus demandas, indicando que \u201clleg\u00f3 el alcalde subrogante, quien acept\u00f3 que los dos d\u00edas que no nos presentamos no fuesen descontados, mediante la firma y timbre de un documento\u201d. De esta forma, se les garantiz\u00f3 a los funcionarios que sus salarios no se ver\u00edan afectados producto de esta movilizaci\u00f3n.<\/p>\n<p style=\"text-align: justify;\">Marco Co\u00f1uecar, alcalde (s) de Ays\u00e9n en el momento en que ocurri\u00f3 la manifestaci\u00f3n, se\u00f1al\u00f3 que \u201ccomo municipio estuvimos dialogando con nuestros asistentes de la educaci\u00f3n para visibilizar su problema. Conversamos con la directiva del gremio y le manifestamos nuestro apoyo\u201d, agregando que la instituci\u00f3n \u201cest\u00e1 del lado de quienes han trabajado durante a\u00f1os en el cuidado de nuestros hijos y estudiantes\u201d.<\/p>\n<p style=\"text-align: justify;\">Respecto del petitorio de la Asociaci\u00f3n, Co\u00f1uecar agreg\u00f3 que \u201cesperamos que se cumplan los compromisos del Gobierno para la entrega de la asignaci\u00f3n de zona, porque creemos que es importante que se reconozca el trabajo de nuestra gente\u201d, se\u00f1alando que la Municipalidad entregar\u00e1 el apoyo necesario para conseguir el di\u00e1logo necesario con las autoridades centrales y resolver el conflicto.<\/p>\n<p style=\"text-align: justify;\">Adem\u00e1s, Co\u00f1uecar sostuvo una reuni\u00f3n durante la misma jornada con la senadora Ximena \u00d3rdenes, quien se encuentra trabajando junto a la Asociaci\u00f3n a nivel nacional para ayudar en las gestiones necesarias con las autoridades del Gobierno para dar respuesta a las exigencias de los asistentes de la educaci\u00f3n.<\/p>\n<p style=\"text-align: justify;\">Se espera que durante los pr\u00f3ximos d\u00edas, parte de la directiva del gremio viaje a Santiago para sostener una reuni\u00f3n con las autoridades en el Ministerio de Hacienda, de forma tal que se d\u00e9 respuesta a sus demandas.<\/p>\n<\/div><\/section><\/div><div  style='height:50px' class='hr hr-invisible   avia-builder-el-6  el_after_av_one_full  el_before_av_social_share '><span class='hr-inner ' ><span class='hr-inner-style'><\/span><\/span><\/div><\/p>\n<div  class='av-social-sharing-box  avia-builder-el-7  el_after_av_hr  el_before_av_hr  '><div class='av-share-box'><h5 class='av-share-link-description av-no-toc '>Compartir esta noticia<\/h5><ul class='av-share-box-list noLightbox'><li class='av-share-link av-social-link-facebook' ><a target=\"_blank\" aria-label=\"Compartir en Facebook\" href='https:\/\/www.facebook.com\/sharer.php?u=https:\/\/radiorevelacionfm.cl\/?p=33285&#038;t=Municipio%20aysenino%20apoya%20demandas%20de%20asistentes%20de%20la%20Educaci%C3%B3n%20y%20pide%20al%20Gobierno%20pronta%20soluci%C3%B3n' aria-hidden='false' data-av_icon='\ue8f3' data-av_iconfont='entypo-fontello' title='' data-avia-related-tooltip='Compartir en Facebook' rel=\"noopener\"><span class='avia_hidden_link_text'>Compartir en Facebook<\/span><\/a><\/li><li class='av-share-link av-social-link-twitter' ><a target=\"_blank\" aria-label=\"Compartir en Twitter\" href='https:\/\/twitter.com\/share?text=Municipio%20aysenino%20apoya%20demandas%20de%20asistentes%20de%20la%20Educaci%C3%B3n%20y%20pide%20al%20Gobierno%20pronta%20soluci%C3%B3n&#038;url=https:\/\/radiorevelacionfm.cl\/?p=33285' aria-hidden='false' data-av_icon='\ue8f1' data-av_iconfont='entypo-fontello' title='' data-avia-related-tooltip='Compartir en Twitter' rel=\"noopener\"><span class='avia_hidden_link_text'>Compartir en Twitter<\/span><\/a><\/li><li class='av-share-link av-social-link-whatsapp' ><a target=\"_blank\" aria-label=\"Compartir en Whatsapp\" href='https:\/\/api.whatsapp.com\/send?text=https:\/\/radiorevelacionfm.cl\/?p=33285' aria-hidden='false' data-av_icon='\uf232' data-av_iconfont='entypo-fontello' title='' data-avia-related-tooltip='Compartir en Whatsapp' rel=\"noopener\"><span class='avia_hidden_link_text'>Compartir en Whatsapp<\/span><\/a><\/li><li class='av-share-link av-social-link-linkedin' ><a target=\"_blank\" aria-label=\"Compartir en LinkedIn\" href='https:\/\/linkedin.com\/shareArticle?mini=true&#038;title=Municipio%20aysenino%20apoya%20demandas%20de%20asistentes%20de%20la%20Educaci%C3%B3n%20y%20pide%20al%20Gobierno%20pronta%20soluci%C3%B3n&#038;url=https:\/\/radiorevelacionfm.cl\/?p=33285' aria-hidden='false' data-av_icon='\ue8fc' data-av_iconfont='entypo-fontello' title='' data-avia-related-tooltip='Compartir en LinkedIn' rel=\"noopener\"><span class='avia_hidden_link_text'>Compartir en LinkedIn<\/span><\/a><\/li><li class='av-share-link av-social-link-mail' ><a  aria-label=\"Compartir por correo\" href='mailto:?subject=Municipio%20aysenino%20apoya%20demandas%20de%20asistentes%20de%20la%20Educaci%C3%B3n%20y%20pide%20al%20Gobierno%20pronta%20soluci%C3%B3n&#038;body=https:\/\/radiorevelacionfm.cl\/?p=33285' aria-hidden='false' data-av_icon='\ue805' data-av_iconfont='entypo-fontello' title='' data-avia-related-tooltip='Compartir por correo'><span class='avia_hidden_link_text'>Compartir por correo<\/span><\/a><\/li><\/ul><\/div><\/div>\n<div  style='height:50px' class='hr hr-invisible   avia-builder-el-8  el_after_av_social_share  el_before_av_comments_list '><span class='hr-inner ' ><span class='hr-inner-style'><\/span><\/span><\/div>\n<div  class='av-buildercomment  av-blog-meta-html-info-disabled av-blog-meta-tag-disabled  '><\/div>\n","protected":false},"excerpt":{"rendered":"","protected":false},"author":1,"featured_media":33286,"comment_status":"open","ping_status":"open","sticky":false,"template":"","format":"standard","meta":{"footnotes":""},"categories":[38],"tags":[],"class_list":["post-33285","post","type-post","status-publish","format-standard","has-post-thumbnail","hentry","category-regional"],"jetpack_featured_media_url":"https:\/\/radiorevelacionfm.cl\/wp-content\/uploads\/2023\/07\/img_20230725_100249-1_optimized.jpg","_links":{"self":[{"href":"https:\/\/radiorevelacionfm.cl\/index.php?rest_route=\/wp\/v2\/posts\/33285","targetHints":{"allow":["GET"]}}],"collection":[{"href":"https:\/\/radiorevelacionfm.cl\/index.php?rest_route=\/wp\/v2\/posts"}],"about":[{"href":"https:\/\/radiorevelacionfm.cl\/index.php?rest_route=\/wp\/v2\/types\/post"}],"author":[{"embeddable":true,"href":"https:\/\/radiorevelacionfm.cl\/index.php?rest_route=\/wp\/v2\/users\/1"}],"replies":[{"embeddable":true,"href":"https:\/\/radiorevelacionfm.cl\/index.php?rest_route=%2Fwp%2Fv2%2Fcomments&post=33285"}],"version-history":[{"count":1,"href":"https:\/\/radiorevelacionfm.cl\/index.php?rest_route=\/wp\/v2\/posts\/33285\/revisions"}],"predecessor-version":[{"id":33287,"href":"https:\/\/radiorevelacionfm.cl\/index.php?rest_route=\/wp\/v2\/posts\/33285\/revisions\/33287"}],"wp:featuredmedia":[{"embeddable":true,"href":"https:\/\/radiorevelacionfm.cl\/index.php?rest_route=\/wp\/v2\/media\/33286"}],"wp:attachment":[{"href":"https:\/\/radiorevelacionfm.cl\/index.php?rest_route=%2Fwp%2Fv2%2Fmedia&parent=33285"}],"wp:term":[{"taxonomy":"category","embeddable":true,"href":"https:\/\/radiorevelacionfm.cl\/index.php?rest_route=%2Fwp%2Fv2%2Fcategories&post=33285"},{"taxonomy":"post_tag","embeddable":true,"href":"https:\/\/radiorevelacionfm.cl\/index.php?rest_route=%2Fwp%2Fv2%2Ftags&post=33285"}],"curies":[{"name":"wp","href":"https:\/\/api.w.org\/{rel}","templated":true}]}}