{"id":33282,"date":"2023-07-27T14:22:56","date_gmt":"2023-07-27T17:22:56","guid":{"rendered":"https:\/\/radiorevelacionfm.cl\/?p=33282"},"modified":"2023-07-27T14:22:56","modified_gmt":"2023-07-27T17:22:56","slug":"salud-inicia-sumarios-sanitarios-por-fallecimiento-de-trabajador-en-centro-de-cultivo","status":"publish","type":"post","link":"https:\/\/radiorevelacionfm.cl\/?p=33282","title":{"rendered":"Salud inicia sumarios sanitarios por fallecimiento de trabajador en centro de cultivo"},"content":{"rendered":"<div class=\"flex_column av_one_full  flex_column_div av-zero-column-padding first  avia-builder-el-0  el_before_av_one_full  avia-builder-el-first  \" style='border-radius:0px; '><div  class='avia-image-container  av-styling-    avia-builder-el-1  avia-builder-el-no-sibling  avia-align-center '  itemprop=\"image\" itemscope=\"itemscope\" itemtype=\"https:\/\/schema.org\/ImageObject\"  ><div class='avia-image-container-inner'><div class='avia-image-overlay-wrap'><img decoding=\"async\" class='wp-image-33283 avia-img-lazy-loading-not-33283 avia_image' src=\"https:\/\/radiorevelacionfm.cl\/wp-content\/uploads\/2023\/07\/centro-cultivo-1-1-1.jpeg\" alt='' title='centro cultivo (1) (1) (1)' height=\"600\" width=\"800\"  itemprop=\"thumbnailUrl\" srcset=\"https:\/\/radiorevelacionfm.cl\/wp-content\/uploads\/2023\/07\/centro-cultivo-1-1-1.jpeg 800w, https:\/\/radiorevelacionfm.cl\/wp-content\/uploads\/2023\/07\/centro-cultivo-1-1-1-300x225.jpeg 300w, https:\/\/radiorevelacionfm.cl\/wp-content\/uploads\/2023\/07\/centro-cultivo-1-1-1-768x576.jpeg 768w, https:\/\/radiorevelacionfm.cl\/wp-content\/uploads\/2023\/07\/centro-cultivo-1-1-1-705x529.jpeg 705w, https:\/\/radiorevelacionfm.cl\/wp-content\/uploads\/2023\/07\/centro-cultivo-1-1-1-450x338.jpeg 450w, https:\/\/radiorevelacionfm.cl\/wp-content\/uploads\/2023\/07\/centro-cultivo-1-1-1-600x450.jpeg 600w\" sizes=\"(max-width: 800px) 100vw, 800px\" \/><\/div><\/div><\/div><\/div><div class=\"flex_column av_one_full  flex_column_div av-zero-column-padding first  avia-builder-el-2  el_after_av_one_full  el_before_av_one_full  column-top-margin\" style='border-radius:0px; '><section class=\"av_textblock_section \"  itemscope=\"itemscope\" itemtype=\"https:\/\/schema.org\/BlogPosting\" itemprop=\"blogPost\" ><div class='avia_textblock  '   itemprop=\"text\" ><p style=\"text-align: center;\"><span style=\"font-size: 18pt;\"><strong>Salud inicia sumarios sanitarios por fallecimiento de trabajador en centro de cultivo <\/strong><\/span><\/p>\n<div id=\"gtx-trans\" style=\"position: absolute; left: -50px; top: 4.31534px;\">\n<div class=\"gtx-trans-icon\"><\/div>\n<\/div>\n<\/div><\/section><\/div><div class=\"flex_column av_one_full  flex_column_div av-zero-column-padding first  avia-builder-el-4  el_after_av_one_full  el_before_av_hr  column-top-margin\" style='border-radius:0px; '><section class=\"av_textblock_section \"  itemscope=\"itemscope\" itemtype=\"https:\/\/schema.org\/BlogPosting\" itemprop=\"blogPost\" ><div class='avia_textblock  '   itemprop=\"text\" ><p style=\"text-align: justify;\">Hasta el sector de Isla Clemente se traslad\u00f3 personal de la Seremi de Salud Ays\u00e9n, con la finalidad de investigar las causas que ocasionaron el accidente &#8211; con resultado de muerte de un trabajador de 63 a\u00f1os de edad- mientras se desarrollaban faenas al interior de un centro de cultivo.<\/p>\n<p style=\"text-align: justify;\">La informaci\u00f3n la dio a conocer el funcionario de la Unidad de Salud Ocupacional de la Seremi de Salud Ays\u00e9n, Carlos Arteaga Millacari, quien entreg\u00f3 m\u00e1s antecedentes respecto a este hecho.\u00a0 \u201cEntre los d\u00edas 25 y 26 de julio, fuimos a las faenas donde falleci\u00f3 un trabajador mientras se desempe\u00f1aba en un centro de cultivo, donde producto de una maniobra de levantamiento de material esta persona sufri\u00f3 un fuerte golpe en el cr\u00e1neo, lo que le habr\u00eda provocado la muerte.\u00a0 Ante este escenario, se iniciaron los sumarios sanitarios correspondientes.\u00a0 Hacemos un llamado a la reflexi\u00f3n de las empresas y trabajadores, respecto que el bien m\u00e1s preciado es la vida de las personas, y no debiera existir ninguna urgencia productiva que la ponga en riesgo, por lo que es fundamental evaluar las condiciones de trabajo y competencias de quienes intervienen en este proceso\u201d.<\/p>\n<p style=\"text-align: justify;\">En esta oportunidad, se levant\u00f3 informaci\u00f3n de las causas que habr\u00edan originado el accidente, adem\u00e1s de verificar la auto suspensi\u00f3n de las faenas por parte de la empresa, y evaluar las medidas que tomar\u00e1 la empresa y el contratista respecto a disminuir el riesgo que se produzca un accidente similar en la continuidad de estas faenas.<\/p>\n<p style=\"text-align: justify;\">En base a antecedentes preliminares, el trabajador habr\u00eda sufrido el impacto en su cabeza de material pesado, lo que gener\u00f3 sangrado y p\u00e9rdida de conciencia, coordin\u00e1ndose su evacuaci\u00f3n v\u00eda mar\u00edtima hacia Puerto Ays\u00e9n para una atenci\u00f3n de salud m\u00e1s especializada. Lamentablemente, el trabajador falleci\u00f3 durante su arribo a Puerto Chacabuco.<\/p>\n<p style=\"text-align: justify;\">En este contexto, la Seremi de Salud Ays\u00e9n (s), Soledad Acevedo D\u00edaz, hizo un llamado a las empresas regionales y sus trabajadores a reforzar medidas de autocuidado en las \u00e1reas de trabajo.\u00a0 \u201cJunto con lamentar este tr\u00e1gico accidente, desde la Autoridad Sanitaria, reiteramos a las empresas locales y sus trabajadores que extremen sus protocolos de seguridad laboral, que las empresas adopten todas las medidas de seguridad, especialmente en aquellas que se desarrollan en ambientas al aire libre; y a los trabajadores, que adopten acciones de autocuidado y cumplan con las indicaciones de los prevencionistas de riesgos, ya que solo a trav\u00e9s de un trabajo integral se pueden disminuir los riesgos laborales y evitar accidentes graves\u201d.<\/p>\n<p style=\"text-align: justify;\">El trabajador, oriundo de la quinta regi\u00f3n, se desempe\u00f1aba como supervisor de buceo en un centro de cultivo ubicado en las cercan\u00edas de la Isla Clemente, sector norte del litoral.\u00a0 A la fecha, se registran 03 accidentes laborales fatales durante este 2023.<\/p>\n<\/div><\/section><\/div><div  style='height:50px' class='hr hr-invisible   avia-builder-el-6  el_after_av_one_full  el_before_av_social_share '><span class='hr-inner ' ><span class='hr-inner-style'><\/span><\/span><\/div><\/p>\n<div  class='av-social-sharing-box  avia-builder-el-7  el_after_av_hr  el_before_av_hr  '><div class='av-share-box'><h5 class='av-share-link-description av-no-toc '>Compartir esta noticia<\/h5><ul class='av-share-box-list noLightbox'><li class='av-share-link av-social-link-facebook' ><a target=\"_blank\" aria-label=\"Compartir en Facebook\" href='https:\/\/www.facebook.com\/sharer.php?u=https:\/\/radiorevelacionfm.cl\/?p=33282&#038;t=Salud%20inicia%20sumarios%20sanitarios%20por%20fallecimiento%20de%20trabajador%20en%20centro%20de%20cultivo' aria-hidden='false' data-av_icon='\ue8f3' data-av_iconfont='entypo-fontello' title='' data-avia-related-tooltip='Compartir en Facebook' rel=\"noopener\"><span class='avia_hidden_link_text'>Compartir en Facebook<\/span><\/a><\/li><li class='av-share-link av-social-link-twitter' ><a target=\"_blank\" aria-label=\"Compartir en Twitter\" href='https:\/\/twitter.com\/share?text=Salud%20inicia%20sumarios%20sanitarios%20por%20fallecimiento%20de%20trabajador%20en%20centro%20de%20cultivo&#038;url=https:\/\/radiorevelacionfm.cl\/?p=33282' aria-hidden='false' data-av_icon='\ue8f1' data-av_iconfont='entypo-fontello' title='' data-avia-related-tooltip='Compartir en Twitter' rel=\"noopener\"><span class='avia_hidden_link_text'>Compartir en Twitter<\/span><\/a><\/li><li class='av-share-link av-social-link-whatsapp' ><a target=\"_blank\" aria-label=\"Compartir en Whatsapp\" href='https:\/\/api.whatsapp.com\/send?text=https:\/\/radiorevelacionfm.cl\/?p=33282' aria-hidden='false' data-av_icon='\uf232' data-av_iconfont='entypo-fontello' title='' data-avia-related-tooltip='Compartir en Whatsapp' rel=\"noopener\"><span class='avia_hidden_link_text'>Compartir en Whatsapp<\/span><\/a><\/li><li class='av-share-link av-social-link-linkedin' ><a target=\"_blank\" aria-label=\"Compartir en LinkedIn\" href='https:\/\/linkedin.com\/shareArticle?mini=true&#038;title=Salud%20inicia%20sumarios%20sanitarios%20por%20fallecimiento%20de%20trabajador%20en%20centro%20de%20cultivo&#038;url=https:\/\/radiorevelacionfm.cl\/?p=33282' aria-hidden='false' data-av_icon='\ue8fc' data-av_iconfont='entypo-fontello' title='' data-avia-related-tooltip='Compartir en LinkedIn' rel=\"noopener\"><span class='avia_hidden_link_text'>Compartir en LinkedIn<\/span><\/a><\/li><li class='av-share-link av-social-link-mail' ><a  aria-label=\"Compartir por correo\" href='mailto:?subject=Salud%20inicia%20sumarios%20sanitarios%20por%20fallecimiento%20de%20trabajador%20en%20centro%20de%20cultivo&#038;body=https:\/\/radiorevelacionfm.cl\/?p=33282' aria-hidden='false' data-av_icon='\ue805' data-av_iconfont='entypo-fontello' title='' data-avia-related-tooltip='Compartir por correo'><span class='avia_hidden_link_text'>Compartir por correo<\/span><\/a><\/li><\/ul><\/div><\/div>\n<div  style='height:50px' class='hr hr-invisible   avia-builder-el-8  el_after_av_social_share  el_before_av_comments_list '><span class='hr-inner ' ><span class='hr-inner-style'><\/span><\/span><\/div>\n<div  class='av-buildercomment  av-blog-meta-html-info-disabled av-blog-meta-tag-disabled  '><\/div>\n","protected":false},"excerpt":{"rendered":"","protected":false},"author":1,"featured_media":33283,"comment_status":"open","ping_status":"open","sticky":false,"template":"","format":"standard","meta":{"footnotes":""},"categories":[38],"tags":[],"class_list":["post-33282","post","type-post","status-publish","format-standard","has-post-thumbnail","hentry","category-regional"],"jetpack_featured_media_url":"https:\/\/radiorevelacionfm.cl\/wp-content\/uploads\/2023\/07\/centro-cultivo-1-1-1.jpeg","_links":{"self":[{"href":"https:\/\/radiorevelacionfm.cl\/index.php?rest_route=\/wp\/v2\/posts\/33282","targetHints":{"allow":["GET"]}}],"collection":[{"href":"https:\/\/radiorevelacionfm.cl\/index.php?rest_route=\/wp\/v2\/posts"}],"about":[{"href":"https:\/\/radiorevelacionfm.cl\/index.php?rest_route=\/wp\/v2\/types\/post"}],"author":[{"embeddable":true,"href":"https:\/\/radiorevelacionfm.cl\/index.php?rest_route=\/wp\/v2\/users\/1"}],"replies":[{"embeddable":true,"href":"https:\/\/radiorevelacionfm.cl\/index.php?rest_route=%2Fwp%2Fv2%2Fcomments&post=33282"}],"version-history":[{"count":1,"href":"https:\/\/radiorevelacionfm.cl\/index.php?rest_route=\/wp\/v2\/posts\/33282\/revisions"}],"predecessor-version":[{"id":33284,"href":"https:\/\/radiorevelacionfm.cl\/index.php?rest_route=\/wp\/v2\/posts\/33282\/revisions\/33284"}],"wp:featuredmedia":[{"embeddable":true,"href":"https:\/\/radiorevelacionfm.cl\/index.php?rest_route=\/wp\/v2\/media\/33283"}],"wp:attachment":[{"href":"https:\/\/radiorevelacionfm.cl\/index.php?rest_route=%2Fwp%2Fv2%2Fmedia&parent=33282"}],"wp:term":[{"taxonomy":"category","embeddable":true,"href":"https:\/\/radiorevelacionfm.cl\/index.php?rest_route=%2Fwp%2Fv2%2Fcategories&post=33282"},{"taxonomy":"post_tag","embeddable":true,"href":"https:\/\/radiorevelacionfm.cl\/index.php?rest_route=%2Fwp%2Fv2%2Ftags&post=33282"}],"curies":[{"name":"wp","href":"https:\/\/api.w.org\/{rel}","templated":true}]}}