{"id":33279,"date":"2023-07-27T11:29:54","date_gmt":"2023-07-27T14:29:54","guid":{"rendered":"https:\/\/radiorevelacionfm.cl\/?p=33279"},"modified":"2023-07-27T11:29:54","modified_gmt":"2023-07-27T14:29:54","slug":"mas-de-39-mil-pasajeros-a-conectado-emporcha-a-traves-de-los-muelles-que-administra-este-2023","status":"publish","type":"post","link":"https:\/\/radiorevelacionfm.cl\/?p=33279","title":{"rendered":"M\u00e1s de 39 mil pasajeros a conectado Emporcha a trav\u00e9s de los muelles que administra este 2023"},"content":{"rendered":"<div class=\"flex_column av_one_full  flex_column_div av-zero-column-padding first  avia-builder-el-0  el_before_av_one_full  avia-builder-el-first  \" style='border-radius:0px; '><div  class='avia-image-container  av-styling-    avia-builder-el-1  avia-builder-el-no-sibling  avia-align-center '  itemprop=\"image\" itemscope=\"itemscope\" itemtype=\"https:\/\/schema.org\/ImageObject\"  ><div class='avia-image-container-inner'><div class='avia-image-overlay-wrap'><img decoding=\"async\" class='wp-image-33280 avia-img-lazy-loading-not-33280 avia_image' src=\"https:\/\/radiorevelacionfm.cl\/wp-content\/uploads\/2023\/07\/Conetividad-1-1.jpg\" alt='' title='Conetividad (1) (1)' height=\"600\" width=\"800\"  itemprop=\"thumbnailUrl\" srcset=\"https:\/\/radiorevelacionfm.cl\/wp-content\/uploads\/2023\/07\/Conetividad-1-1.jpg 800w, https:\/\/radiorevelacionfm.cl\/wp-content\/uploads\/2023\/07\/Conetividad-1-1-300x225.jpg 300w, https:\/\/radiorevelacionfm.cl\/wp-content\/uploads\/2023\/07\/Conetividad-1-1-768x576.jpg 768w, https:\/\/radiorevelacionfm.cl\/wp-content\/uploads\/2023\/07\/Conetividad-1-1-705x529.jpg 705w, https:\/\/radiorevelacionfm.cl\/wp-content\/uploads\/2023\/07\/Conetividad-1-1-450x338.jpg 450w, https:\/\/radiorevelacionfm.cl\/wp-content\/uploads\/2023\/07\/Conetividad-1-1-600x450.jpg 600w\" sizes=\"(max-width: 800px) 100vw, 800px\" \/><\/div><\/div><\/div><\/div><div class=\"flex_column av_one_full  flex_column_div av-zero-column-padding first  avia-builder-el-2  el_after_av_one_full  el_before_av_one_full  column-top-margin\" style='border-radius:0px; '><section class=\"av_textblock_section \"  itemscope=\"itemscope\" itemtype=\"https:\/\/schema.org\/BlogPosting\" itemprop=\"blogPost\" ><div class='avia_textblock  '   itemprop=\"text\" ><p style=\"text-align: center;\" align=\"center\"><strong><span style=\"font-size: 18pt;\">M\u00e1s de 39 mil pasajeros a conectado Emporcha a trav\u00e9s de los muelles que administra este 2023<\/span><\/strong><\/p>\n<div id=\"gtx-trans\" style=\"position: absolute; left: -50px; top: 4.31534px;\">\n<div class=\"gtx-trans-icon\"><\/div>\n<\/div>\n<\/div><\/section><\/div><div class=\"flex_column av_one_full  flex_column_div av-zero-column-padding first  avia-builder-el-4  el_after_av_one_full  el_before_av_hr  column-top-margin\" style='border-radius:0px; '><section class=\"av_textblock_section \"  itemscope=\"itemscope\" itemtype=\"https:\/\/schema.org\/BlogPosting\" itemprop=\"blogPost\" ><div class='avia_textblock  '   itemprop=\"text\" ><p class=\"Marcelo\" style=\"text-align: justify;\">Confirmando el rol social clave que cumple frente a la comunidad de la Regi\u00f3n de Ays\u00e9n, la Empresa Portuaria Chacabuco (Emporcha) evalu\u00f3 positivamente el primer semestre de actividad 2023 de la compa\u00f1\u00eda en lo relacionado con la administraci\u00f3n de los denominados terminales de conectividad.<\/p>\n<p class=\"Marcelo\" style=\"text-align: justify;\">En concreto, poco m\u00e1s de 39 mil pasajeros fueron embarcadas por v\u00eda mar\u00edtima, durante el periodo enero-junio, desde y hacia los distintos muelles operados bajo la modalidad de conexi\u00f3n p\u00fablica en cinco localidades de la zona norte de la regi\u00f3n: Puerto Cisnes, Melinka, Puerto Aguirre, Gala y Ra\u00fal Mar\u00edn Balmaceda.<\/p>\n<p class=\"Marcelo\" style=\"text-align: justify;\">\u201cEste es un rol fundamental que desempe\u00f1a nuestra Emporcha a nivel social; somos responsables de asegurar la conectividad de buena parte de los habitantes de nuestra regi\u00f3n, su acceso a servicios b\u00e1sicos y abastecimiento, entre otras cosas. Es una funci\u00f3n clave, que es apreciada por la comunidad, y para la cual nuestra compa\u00f1\u00eda prioriza siempre sus recursos f\u00edsicos y la voluntad de sus equipos\u201d, relat\u00f3 Felipe Candia, gerente general de la portuaria estatal.<\/p>\n<p class=\"Marcelo\" style=\"text-align: justify;\">La infraestructura, construida por la Direcci\u00f3n de Obras Portuarias (DOP) que depende del Ministerio de Obras P\u00fablicas (DOP), y administrada por Emporcha en el marco de un convenio trianual del que tambi\u00e9n participa el Ministerio de Transportes (MTT), juega un papel fundamental en la vida cotidiana de las personas al unir por v\u00eda mar\u00edtima, a varias localidades del litoral de Ays\u00e9n que no cuentan con vialidad terrestre u otras formas de conexi\u00f3n.<\/p>\n<p class=\"Marcelo\" style=\"text-align: justify;\">La vinculaci\u00f3n de Emporcha con la administraci\u00f3n de esta infraestructura de alto valor social data de 2017, y con ella desempe\u00f1a un rol importante en el desarrollo de la regi\u00f3n y la conectividad de sus personas, tal como tambi\u00e9n ocurre con algunos servicios afines que desempe\u00f1an otras dos portuarias estatales de la zona sur-austral: Punta Arenas y Puerto Montt, con la cuales Emporcha lleva adelante una agenda estrat\u00e9gica com\u00fan.<\/p>\n<p class=\"Marcelo\" style=\"text-align: justify;\">Pero adem\u00e1s de personas, a trav\u00e9s de estos muelles se prestan distintos servicios relacionados con la atenci\u00f3n de embarcaciones, acceso de veh\u00edculos, recepci\u00f3n de carga, servicios de sanitizaci\u00f3n y otros, adem\u00e1s de actividades de apoyo a la industria de la salmonicultura, uno de los pilares econ\u00f3micos de la regi\u00f3n.<\/p>\n<p class=\"Marcelo\" style=\"text-align: justify;\">En lo que va de 2023, por ejemplo, por esta infraestructura se han transferido poco m\u00e1s de 14.700 toneladas de distintas cargas. Durante todo 2022, en tanto, los cinco muelles se relacionaron con la carga y descarga de 22.200 toneladas de mercanc\u00edas y la atenci\u00f3n de casi 76 mil pasajeros que desembarcaron a trav\u00e9s de ellos.<\/p>\n<p class=\"Marcelo\" style=\"text-align: justify;\">\u201cEs importante esa convicci\u00f3n, de que el Puerto de Chacabuco es un catalizador para el desarrollo de la regi\u00f3n, como puerta de entrada para el abastecimiento de la industria regional y la cobertura de las necesidades de sus habitantes, tambi\u00e9n para que nuestras actividades, el salm\u00f3n, la actividad forestal, nuestro sector energ\u00e9tico -como la ampliaci\u00f3n del Parque Baguales de Edelays\u00e9n- sigan impuls\u00e1ndose en el futuro. Sin Emporcha el desarrollo de la regi\u00f3n tendr\u00eda otra escala\u201d, a\u00f1adi\u00f3 el ejecutivo.<\/p>\n<p class=\"Marcelo\" style=\"text-align: justify;\">\u201cTanto a trav\u00e9s de Chacabuco, como de Cisnes o Melinka, y todos los muelles que administramos, queremos conectar a nuestra gente y tambi\u00e9n apalancar m\u00e1s oportunidades para la regi\u00f3n y velar porque los servicios que contratan las industrias que hay en este territorio, sean contratados aqu\u00ed a nivel local. Viabilizar esos negocios y generar esas oportunidades dependen en gran medida de nuestra infraestructura portuaria que se pone al servicio de Ays\u00e9n\u201d, cerr\u00f3 Felipe Candia.<\/p>\n<\/div><\/section><\/div><div  style='height:50px' class='hr hr-invisible   avia-builder-el-6  el_after_av_one_full  el_before_av_social_share '><span class='hr-inner ' ><span class='hr-inner-style'><\/span><\/span><\/div><\/p>\n<div  class='av-social-sharing-box  avia-builder-el-7  el_after_av_hr  el_before_av_hr  '><div class='av-share-box'><h5 class='av-share-link-description av-no-toc '>Compartir esta noticia<\/h5><ul class='av-share-box-list noLightbox'><li class='av-share-link av-social-link-facebook' ><a target=\"_blank\" aria-label=\"Compartir en Facebook\" href='https:\/\/www.facebook.com\/sharer.php?u=https:\/\/radiorevelacionfm.cl\/?p=33279&#038;t=M%C3%A1s%20de%2039%20mil%20pasajeros%20a%20conectado%20Emporcha%20a%20trav%C3%A9s%20de%20los%20muelles%20que%20administra%20este%202023' aria-hidden='false' data-av_icon='\ue8f3' data-av_iconfont='entypo-fontello' title='' data-avia-related-tooltip='Compartir en Facebook' rel=\"noopener\"><span class='avia_hidden_link_text'>Compartir en Facebook<\/span><\/a><\/li><li class='av-share-link av-social-link-twitter' ><a target=\"_blank\" aria-label=\"Compartir en Twitter\" href='https:\/\/twitter.com\/share?text=M%C3%A1s%20de%2039%20mil%20pasajeros%20a%20conectado%20Emporcha%20a%20trav%C3%A9s%20de%20los%20muelles%20que%20administra%20este%202023&#038;url=https:\/\/radiorevelacionfm.cl\/?p=33279' aria-hidden='false' data-av_icon='\ue8f1' data-av_iconfont='entypo-fontello' title='' data-avia-related-tooltip='Compartir en Twitter' rel=\"noopener\"><span class='avia_hidden_link_text'>Compartir en Twitter<\/span><\/a><\/li><li class='av-share-link av-social-link-whatsapp' ><a target=\"_blank\" aria-label=\"Compartir en Whatsapp\" href='https:\/\/api.whatsapp.com\/send?text=https:\/\/radiorevelacionfm.cl\/?p=33279' aria-hidden='false' data-av_icon='\uf232' data-av_iconfont='entypo-fontello' title='' data-avia-related-tooltip='Compartir en Whatsapp' rel=\"noopener\"><span class='avia_hidden_link_text'>Compartir en Whatsapp<\/span><\/a><\/li><li class='av-share-link av-social-link-linkedin' ><a target=\"_blank\" aria-label=\"Compartir en LinkedIn\" href='https:\/\/linkedin.com\/shareArticle?mini=true&#038;title=M%C3%A1s%20de%2039%20mil%20pasajeros%20a%20conectado%20Emporcha%20a%20trav%C3%A9s%20de%20los%20muelles%20que%20administra%20este%202023&#038;url=https:\/\/radiorevelacionfm.cl\/?p=33279' aria-hidden='false' data-av_icon='\ue8fc' data-av_iconfont='entypo-fontello' title='' data-avia-related-tooltip='Compartir en LinkedIn' rel=\"noopener\"><span class='avia_hidden_link_text'>Compartir en LinkedIn<\/span><\/a><\/li><li class='av-share-link av-social-link-mail' ><a  aria-label=\"Compartir por correo\" href='mailto:?subject=M%C3%A1s%20de%2039%20mil%20pasajeros%20a%20conectado%20Emporcha%20a%20trav%C3%A9s%20de%20los%20muelles%20que%20administra%20este%202023&#038;body=https:\/\/radiorevelacionfm.cl\/?p=33279' aria-hidden='false' data-av_icon='\ue805' data-av_iconfont='entypo-fontello' title='' data-avia-related-tooltip='Compartir por correo'><span class='avia_hidden_link_text'>Compartir por correo<\/span><\/a><\/li><\/ul><\/div><\/div>\n<div  style='height:50px' class='hr hr-invisible   avia-builder-el-8  el_after_av_social_share  el_before_av_comments_list '><span class='hr-inner ' ><span class='hr-inner-style'><\/span><\/span><\/div>\n<div  class='av-buildercomment  av-blog-meta-html-info-disabled av-blog-meta-tag-disabled  '><\/div>\n","protected":false},"excerpt":{"rendered":"","protected":false},"author":1,"featured_media":33280,"comment_status":"open","ping_status":"open","sticky":false,"template":"","format":"standard","meta":{"footnotes":""},"categories":[38],"tags":[],"class_list":["post-33279","post","type-post","status-publish","format-standard","has-post-thumbnail","hentry","category-regional"],"jetpack_featured_media_url":"https:\/\/radiorevelacionfm.cl\/wp-content\/uploads\/2023\/07\/Conetividad-1-1.jpg","_links":{"self":[{"href":"https:\/\/radiorevelacionfm.cl\/index.php?rest_route=\/wp\/v2\/posts\/33279","targetHints":{"allow":["GET"]}}],"collection":[{"href":"https:\/\/radiorevelacionfm.cl\/index.php?rest_route=\/wp\/v2\/posts"}],"about":[{"href":"https:\/\/radiorevelacionfm.cl\/index.php?rest_route=\/wp\/v2\/types\/post"}],"author":[{"embeddable":true,"href":"https:\/\/radiorevelacionfm.cl\/index.php?rest_route=\/wp\/v2\/users\/1"}],"replies":[{"embeddable":true,"href":"https:\/\/radiorevelacionfm.cl\/index.php?rest_route=%2Fwp%2Fv2%2Fcomments&post=33279"}],"version-history":[{"count":1,"href":"https:\/\/radiorevelacionfm.cl\/index.php?rest_route=\/wp\/v2\/posts\/33279\/revisions"}],"predecessor-version":[{"id":33281,"href":"https:\/\/radiorevelacionfm.cl\/index.php?rest_route=\/wp\/v2\/posts\/33279\/revisions\/33281"}],"wp:featuredmedia":[{"embeddable":true,"href":"https:\/\/radiorevelacionfm.cl\/index.php?rest_route=\/wp\/v2\/media\/33280"}],"wp:attachment":[{"href":"https:\/\/radiorevelacionfm.cl\/index.php?rest_route=%2Fwp%2Fv2%2Fmedia&parent=33279"}],"wp:term":[{"taxonomy":"category","embeddable":true,"href":"https:\/\/radiorevelacionfm.cl\/index.php?rest_route=%2Fwp%2Fv2%2Fcategories&post=33279"},{"taxonomy":"post_tag","embeddable":true,"href":"https:\/\/radiorevelacionfm.cl\/index.php?rest_route=%2Fwp%2Fv2%2Ftags&post=33279"}],"curies":[{"name":"wp","href":"https:\/\/api.w.org\/{rel}","templated":true}]}}